{"id":70558,"date":"2026-03-31T02:00:37","date_gmt":"2026-03-31T00:00:37","guid":{"rendered":"https:\/\/edublog.educastur.es\/ixuxu\/?p=70558"},"modified":"2026-03-31T11:22:20","modified_gmt":"2026-03-31T09:22:20","slug":"70558","status":"publish","type":"post","link":"https:\/\/edublog.educastur.es\/ixuxu\/2026\/03\/70558\/","title":{"rendered":"La lluna algama y\u00e1&#8217;l 95% de lluz."},"content":{"rendered":"<p style=\"text-align: center\"><a href=\"https:\/\/content.cuerpomente.com\/medio\/2026\/03\/26\/moon_twodaysbefore_1_288ac1dc_260326174338_1280x720.webp\"><img loading=\"lazy\" decoding=\"async\" class=\"aligncenter size-large\" src=\"https:\/\/content.cuerpomente.com\/medio\/2026\/03\/26\/moon_twodaysbefore_1_288ac1dc_260326174338_1280x720.webp\" width=\"1280\" height=\"720\" \/><\/a><\/p>\n<p>Si mires escontra&#8217;l cielu tres la puesta de Sol, notar\u00edes que la Lluna d\u00e9xase ver con facilid\u00e1 estes \u00faltimes tardes.<\/p>\n<p>Atop\u00e1monos na cuenta tr\u00e1s para inaugurar el calendariu llunar d&#8217;abril, pero tami\u00e9n tamos a puntu de completar segundu cuartu del ciclu llunar, en fase de Lluna creciente xibosa, la fase llunar que marca otra cuenta tr\u00e1s: la que nos llevar\u00e1 a la pr\u00f3xima Lluna llena. La forma arrondao y abombao de la Lluna de g\u00fcei ind\u00edcanos que falta m\u00e1s bien pocu para&#8217;l so plenilluniu. Y non solo la so forma, sin\u00f3n tami\u00e9n la cifra que cuantifica el so llume: <strong>algama y\u00e1&#8217;l 95% de lluz.<\/strong><\/p>\n","protected":false},"excerpt":{"rendered":"<p>Si mires escontra&#8217;l cielu tres la puesta de Sol, notar\u00edes que la Lluna d\u00e9xase ver con facilid\u00e1 estes \u00faltimes tardes. Atop\u00e1monos na cuenta tr\u00e1s para inaugurar el calendariu llunar d&#8217;abril, pero tami\u00e9n tamos a puntu de completar segundu cuartu del ciclu llunar, en fase de Lluna creciente xibosa, la fase llunar que marca otra cuenta [&hellip;]<\/p>\n","protected":false},"author":117,"featured_media":0,"comment_status":"closed","ping_status":"closed","sticky":false,"template":"","format":"standard","meta":{"footnotes":""},"categories":[223],"tags":[],"class_list":["post-70558","post","type-post","status-publish","format-standard","hentry","category-astronomia"],"_links":{"self":[{"href":"https:\/\/edublog.educastur.es\/ixuxu\/wp-json\/wp\/v2\/posts\/70558","targetHints":{"allow":["GET"]}}],"collection":[{"href":"https:\/\/edublog.educastur.es\/ixuxu\/wp-json\/wp\/v2\/posts"}],"about":[{"href":"https:\/\/edublog.educastur.es\/ixuxu\/wp-json\/wp\/v2\/types\/post"}],"author":[{"embeddable":true,"href":"https:\/\/edublog.educastur.es\/ixuxu\/wp-json\/wp\/v2\/users\/117"}],"replies":[{"embeddable":true,"href":"https:\/\/edublog.educastur.es\/ixuxu\/wp-json\/wp\/v2\/comments?post=70558"}],"version-history":[{"count":3,"href":"https:\/\/edublog.educastur.es\/ixuxu\/wp-json\/wp\/v2\/posts\/70558\/revisions"}],"predecessor-version":[{"id":70561,"href":"https:\/\/edublog.educastur.es\/ixuxu\/wp-json\/wp\/v2\/posts\/70558\/revisions\/70561"}],"wp:attachment":[{"href":"https:\/\/edublog.educastur.es\/ixuxu\/wp-json\/wp\/v2\/media?parent=70558"}],"wp:term":[{"taxonomy":"category","embeddable":true,"href":"https:\/\/edublog.educastur.es\/ixuxu\/wp-json\/wp\/v2\/categories?post=70558"},{"taxonomy":"post_tag","embeddable":true,"href":"https:\/\/edublog.educastur.es\/ixuxu\/wp-json\/wp\/v2\/tags?post=70558"}],"curies":[{"name":"wp","href":"https:\/\/api.w.org\/{rel}","templated":true}]}}