{"id":70564,"date":"2026-03-31T14:31:15","date_gmt":"2026-03-31T12:31:15","guid":{"rendered":"https:\/\/edublog.educastur.es\/ixuxu\/?p=70564"},"modified":"2026-03-31T14:42:10","modified_gmt":"2026-03-31T12:42:10","slug":"ya-ta-na-cai-lanuariu-de-la-musica-asturiana-2025-2","status":"publish","type":"post","link":"https:\/\/edublog.educastur.es\/ixuxu\/2026\/03\/ya-ta-na-cai-lanuariu-de-la-musica-asturiana-2025-2\/","title":{"rendered":"Y\u00e1 ta na cai l\u2019Anuariu de la M\u00fasica Asturiana 2025\u00a0"},"content":{"rendered":"<div class=\"html-div xdj266r x14z9mp xat24cr x1lziwak xexx8yu x1a8lsjc xf7dkkf xv54qhq\">\n<div class=\"html-div xdj266r x14z9mp xat24cr x1lziwak xexx8yu xyri2b x18d9i69 x1c1uobl x1jx94hy x78zum5 x1q0g3np\">\n<div class=\"x78zum5 xdt5ytf xz62fqu x16ldp7u\">\n<div class=\"xu06os2 x1ok221b\">\n<div class=\"html-div xdj266r x14z9mp xat24cr x1lziwak xexx8yu xyri2b x18d9i69 x1c1uobl\" data-ad-rendering-role=\"profile_name\">\n<h3 class=\"html-h3 x14z9mp xat24cr x1lziwak xexx8yu xyri2b x18d9i69 x1c1uobl x1vvkbs x1heor9g x1qlqyl8 x1pd3egz x1a2a7pz x1gslohp x1yc453h\"><span class=\"x1lliihq x6ikm8r x10wlt62 x1n2onr6\">\u00a0<\/span><span style=\"font-size: 16px\">Hai unes selmanes Goxe Producciones asoleyaba l&#8217;<\/span><a style=\"font-size: 16px\" href=\"https:\/\/musicasturiana.com\/wp-content\/uploads\/2026\/02\/ANUARIU-DE-LA-MUSICA-ASTURIANA-2025.pdf\"><span style=\"color: #008080\"><strong>Anuariu de la M\u00fasica Asturiana 2025<\/strong><\/span><\/a><span style=\"font-size: 16px\">. Y, como ye vezu, n\u00e9l recu\u00e9yense delles collaboraciones de miembros de la Fundaci\u00f3n Belenos.<\/span><a style=\"font-size: 16px\" href=\"https:\/\/www.facebook.com\/share\/v\/1ArHBf3ff4\/\"><span style=\"color: #008080\"><strong> Xixu Ariza en Pieces.<\/strong><\/span><\/a><span style=\"font-size: 16px\"> \/<\/span><a style=\"font-size: 16px\" href=\"https:\/\/musicasturiana.com\/ya-ta-na-cai-lanuariu-de-la-musica-asturiana-2025\/\"> Musicasturiana.com<\/a><span style=\"font-size: 16px\">\/ Esta selmana entama la distribuci\u00f3n d&#8217;esta publicaci\u00f3n que repasa a lo llargo de 124 p\u00e1xines tolo que dio de si la escena&#8217;l pas\u00e1u a\u00f1u. <\/span><a style=\"font-size: 16px\" href=\"https:\/\/musicasturiana.com\/wp-content\/uploads\/2026\/02\/ANUARIU-DE-LA-MUSICA-ASTURIANA-2025.pdf\"><b>Descargar PDF, por cortes\u00eda de Goxe Producciones.<\/b><\/a><\/h3>\n<\/div>\n<\/div>\n<\/div>\n<\/div>\n<\/div>\n<div class=\"html-div xdj266r x14z9mp xat24cr x1lziwak xexx8yu xyri2b x18d9i69 x1c1uobl\" dir=\"auto\">\n<div class=\"html-div xdj266r x14z9mp xat24cr x1lziwak xexx8yu xyri2b x18d9i69 x1c1uobl\" dir=\"auto\">\n<div class=\"html-div xdj266r x14z9mp xat24cr x1lziwak xexx8yu xyri2b x18d9i69 x1c1uobl\" data-ad-rendering-role=\"story_message\">\n<div class=\"x1l90r2v x1iorvi4 x1g0dm76 xpdmqnj\" data-ad-comet-preview=\"message\" data-ad-preview=\"message\">\n<div class=\"x78zum5 xdt5ytf xz62fqu x16ldp7u\">\n<div class=\"xu06os2 x1ok221b\">\n<div class=\"html-div xdj266r x14z9mp xat24cr x1lziwak xexx8yu xyri2b x18d9i69 x1c1uobl\">\n<div class=\"xdj266r x14z9mp xat24cr x1lziwak x1vvkbs x126k92a\">\n<div dir=\"auto\"><\/div>\n<div dir=\"auto\" style=\"text-align: center\"><a href=\"https:\/\/musicasturiana.com\/wp-content\/uploads\/2026\/02\/anuariu-2025-mockup-ok.jpg\"><img loading=\"lazy\" decoding=\"async\" class=\"aligncenter size-large\" src=\"https:\/\/musicasturiana.com\/wp-content\/uploads\/2026\/02\/anuariu-2025-mockup-ok.jpg\" width=\"1200\" height=\"600\" \/><\/a><\/div>\n<div dir=\"auto\"><!--more--><\/div>\n<div dir=\"auto\"><\/div>\n<div dir=\"auto\">\n<p>Asina, Berto Pe\u00f1a desc\u00fabremos \u00abDellos m\u00fasicos populares del conceyu d&#8217;Uvi\u00e9u\u00bb, nomes munchos y\u00e1 escaec\u00edos de xente que tocaba peles romer\u00edes del conceyu; Ignaciu Llope firma \u00abTradici\u00f3n y folclor: de la voz de la tierra a la voz del pueblu\u00bb, un averamientu a la visi\u00f3n que&#8217;l fil\u00f3sofu y pol\u00edticu italianu Antonio Gramsci ten\u00eda sobre la cultura y m\u00fasica populares; y Daniel Cueli firma tr\u00e9s cr\u00f3niques nes que recueye&#8217;l percorr\u00edu de la m\u00fasica celta n&#8217;Asturies demientres l&#8217;a\u00f1u pas\u00e1u: con \u00abUn a\u00f1u importante pa la gaita\u00bb fae repasu de los asoced\u00edos m\u00e1s importantes usando de filu conductor el nuestru instrumentu m\u00e1s emblem\u00e1ticu; en \u00abAsturies, escenariu celta\u00bb repasa los conciertos que n&#8217;Asturies dieron grandes grupos ya int\u00e9rpretes del Arcu Atl\u00e1nticu (Carlos N\u00fa\u00f1ez, Altan, Skolvan, Rura, Malin Lewis&#8230;) y, por \u00faltimo, fala de la presencia en Xix\u00f3n de los responsables del Celtic Connections y del Festival Interceltique de Lorient p&#8217;asistir al II Alcuentru Profesional M\u00fasica en Rede.<\/p>\n<h3 class=\"html-h3 x14z9mp xat24cr x1lziwak xexx8yu xyri2b x18d9i69 x1c1uobl x1vvkbs x1heor9g x1qlqyl8 x1pd3egz x1a2a7pz x1gslohp x1yc453h\"><span class=\"x1lliihq x6ikm8r x10wlt62 x1n2onr6\"><span class=\"xt0psk2\"><a class=\"x1i10hfl xjbqb8w x1ejq31n x18oe1m7 x1sy0etr xstzfhl x972fbf x10w94by x1qhh985 x14e42zd x9f619 x1ypdohk xt0psk2 x3ct3a4 xdj266r x14z9mp xat24cr x1lziwak xexx8yu xyri2b x18d9i69 x1c1uobl x16tdsg8 x1hl2dhg xggy1nq x1a2a7pz xkrqix3 x1sur9pj xzsf02u x1s688f\" role=\"link\" href=\"https:\/\/www.facebook.com\/belenosfundacion?__cft__[0]=AZZ6h8yKNNp01wZuiKyMWjjBmjwhmLmfgjtkvuOj7ZrLxpTd3I8qbJKstqNfVpeg0_bOueEKhKW8xMptS5lyB7byoQWIp2MMkpeMh9FZf0lw6NVVe02bYkqYZ-WLXqSxl1Fei6WBeO8TqWuBYJV4UXn0HWGiDw_MeDTmiXPDwKMfHQ9EdVl_QFtSGE8GvmFtam_FX91upSKXfmnEhTCnkt4J&amp;__tn__=-UC%2CP-y-R\"><b class=\"html-b xdj266r x14z9mp xat24cr x1lziwak xexx8yu xyri2b x18d9i69 x1c1uobl x1hl2dhg x16tdsg8 x1vvkbs x1s688f\"><span class=\"html-span xdj266r x14z9mp xat24cr x1lziwak xexx8yu xyri2b x18d9i69 x1c1uobl x1hl2dhg x16tdsg8 x1vvkbs\">Fundaci\u00f3n Belenos<\/span><\/b><\/a><\/span><\/span><\/h3>\n<\/div>\n<div dir=\"auto\"><\/div>\n<div dir=\"auto\">\n<p>L\u2019<strong>Anuariu de la M\u00fasica Asturiana\u00a0<\/strong>llega un a\u00f1u m\u00e1s fiel a la so cita per estes feches y failo con un repasu fondu a lo que dio de s\u00ed\u2019l pas\u00e1u 2025. Como de costume les tem\u00e1tiques d\u2019esta publicaci\u00f3n editada por\u00a0<strong>Goxe Producciones\u00a0<\/strong>c\u00e9ntrense n\u2019estilos como la<strong>\u00a0m\u00fasica tradicional, el folk, el rock o la canci\u00f3n d\u2019autor<\/strong>, con secciones qu\u2019incl\u00fain reportaxes, informes, entrevistes, cr\u00edtiques, opini\u00f3n, recoyida de material o anuncies. Y\u00e1 pue lleese la\u00a0<strong><a href=\"https:\/\/musicasturiana.com\/portfolio\/anuariu-2025\/\" target=\"_blank\" rel=\"noreferrer noopener\">versi\u00f3n dixital<\/a>\u00a0<\/strong>en Musicasturiana.com y a a lo llargo d\u2019esta selmana van<strong>\u00a0repartise los exemplares gratuitos<\/strong>\u00a0nos puntos de distribuci\u00f3n habituales.<\/p>\n<p><strong>L\u2019<em>Editorial<\/em><\/strong>, nesta ocasi\u00f3n, tit\u00falase<strong>\u00a0\u00abM\u00fasica asturiana viva y en vivo\u00bb\u00a0<\/strong>y n\u00e9l f\u00e1lase de la importancia de los\u00a0<strong>festivales medianos y peque\u00f1os,<\/strong>\u00a0xeneralmente autoxestionaos, que se desarrollen a lo llargo de la xeograf\u00eda asturiana, armando una rede de cites cola m\u00fasica fecha equ\u00ed imprescindible pa la so promoci\u00f3n y afitamientu; nesti sen, manifi\u00e9stase:\u00a0<strong>\u00abA l\u2019alministraci\u00f3n p\u00fablica asturiana correspu\u00e9nde-y apoyar decididamente estos festivales<\/strong>, polos beneficios a\u00f1ad\u00edos que tienen pa los entornos nos que se desenvuelven, especialmente aquellos entamaos en zones rurales o allo\u00f1aes. A la\u00a0<strong>RTPA hai que pid\u00ed-y que cubra ama\u00f1osamente tola informaci\u00f3n y desarrollu de los mesmos<\/strong>, am\u00e1s de convertise nuna ferramienta de la so promoci\u00f3n. Sicasi, lo primero qu\u2019hai que facer ye<strong>\u00a0felicitar a les persones, asociaciones, colectivos, comisiones, etc. que t\u00e1n detr\u00e1s d\u2019estos eventos<\/strong>, porque cola so xera t\u00e1n faciendo que la m\u00fasica asturiana siga viva y en vivo\u00bb.<\/p>\n<p>En cuantes a los conten\u00edos, destaquen la cr\u00f3nica titulada\u00a0<strong>\u00abUn a\u00f1u importante pa la gaita\u00bb\u00a0<\/strong>(resume de l\u2019activid\u00e1 alredor d\u2019esti instrumentu); los informes<strong>\u00a0\u00abLa elegancia de la m\u00fasica asturiana\u00bb (<\/strong>sobre les formaciones nueves de la escena folk) y\u00a0<strong>\u00abLa moced\u00e1 garra puxu na m\u00fasica asturiana\u00bb<\/strong>\u00a0(alredor del relevu xeneracional); el reportaxe\u00a0<strong>\u00abEl \u2018Son\u00edu Avil\u00e9s\u2019 na m\u00fasica celta: x\u00e9nesis y evoluci\u00f3n d\u2019una identid\u00e1\u00bb<\/strong>\u00a0(centr\u00e1u nos grupos avilesinos y les sos asemeyances), l\u2019estudiu<strong>\u00a0\u00abEl Compa\u00f1ero Paredes trata de organizar un Orfe\u00f3n Obrero\u00bb<\/strong>\u00a0(repasu hist\u00f3ricu a les conexones ente movimientu obreru y les agrupaciones corales asturianes); o les entrevistes a<strong>\u00a0Marisa Valle Roso, Rub\u00e9n Bada y H\u00e9ctor Braga<\/strong>, presentando los sos trabayos discogr\u00e1ficos nuevos.<\/p>\n<div class=\"wp-block-spacer\" style=\"text-align: center\" aria-hidden=\"true\"><\/div>\n<h2 class=\"wp-block-heading\"><mark class=\"has-inline-color\">Collecha y discu<\/mark><\/h2>\n<p>L\u2019Anuariu z\u00e1rrase, como siempre, cola secci\u00f3n \u00ab<strong>Collecha<\/strong>\u00bb, onde apaecen les producciones musicales y bibliogr\u00e1fiques del 2025. El volume complem\u00e9ntase con un\u00a0<strong>discu\u00a0<\/strong>nel que se recueyen muestres de lo meyor qu\u2019ufiert\u00f3 l\u2019a\u00f1u, con venti cortes d\u2019estilos como\u2019l<strong>\u00a0folk, el rock, el pop o la canci\u00f3n d\u2019autor<\/strong>, con artistes y grupos como Corqui\u00e9u, Felpeyu, Alienda, Los Berrones, Skama la Rede o Ochobre.<\/p>\n<p style=\"text-align: center\"><a href=\"https:\/\/musicasturiana.com\/wp-content\/uploads\/2026\/02\/portada-anuariu-2025-normal.jpg\"><img loading=\"lazy\" decoding=\"async\" class=\"aligncenter size-large\" src=\"https:\/\/musicasturiana.com\/wp-content\/uploads\/2026\/02\/portada-anuariu-2025-normal.jpg\" width=\"716\" height=\"1024\" \/><\/a><\/p>\n<p><a href=\"https:\/\/www.elcomercio.es\/autor\/pablo-a-marin-estrada-4722.html\" data-mrf-link=\"https:\/\/www.elcomercio.es\/autor\/pablo-a-marin-estrada-4722.html\">Pablo A. Mar\u00edn Estrada<\/a> <a href=\"https:\/\/www.elcomercio.es\/sociedad\/alitar-asturies\/reportaxes\/total-discos-collecha-musical-2025-20260220190014-nt.html\"><strong>EL COMERCIO<\/strong><\/a><\/p>\n<div class=\"wp-block-spacer\" aria-hidden=\"true\">\n<p class=\"v-p\">E l pas\u00e1u 2025 foi un a\u00f1u provechosu pa la escena musical del pa\u00eds. Asina lo reflexa l&#8217;Anuariu de la M\u00fasica Asturiana (AMA), edit\u00e1u\u00a0<span class=\"paywall pw-open\">por Goxe Producciones, na so entrega nueva que repasa les tendencies ya inquiet\u00faes nel panorama aut\u00f3ctonu dende l&#8217;anterior y fai recuentu de la producci\u00f3n discogr\u00e1fica nesi periodu. Un total de 57 grabaciones, ente \u00e1lbumes, ep\u00e9s y singles foi el balance del a\u00f1u que fin\u00f3. Nelles hai amueses de tolos estilos: folk, pop,. rock, punk, electr\u00f3nica, tonada, etc. y caltiense l&#8217;encl\u00edn de los \u00faltimos a\u00f1os en cuantes al predominiu de l&#8217;autoedici\u00f3n y de la publicaci\u00f3n dixital. El puxu de les actuaciones en directu, ya seya en forma de festivales o conciertos en sales, ye otru de los fechos que se resalta dende&#8217;l mesmu entamu de la publicaci\u00f3n, nel que s&#8217;apuesta por un apoyu m\u00e1s curiosu a eses actividaes y tambi\u00e9n meyor cobertura de les mesmes polos medios p\u00fablicos auton\u00f3micos.<\/span><\/p>\n<div class=\"paywall\" data-mrf-recirculation=\"Link art\u00edculos\">\n<p class=\"v-p\">L&#8217;\u00faltimu a\u00f1u foi tami\u00e9n de perdes irreparables nel \u00e1mbitu de la cultura asturiana. A les de Xuan Bello, David Rivas, Fran Gayo, Jos\u00e9 Luis Cienfuegos , Jorge Mart\u00ednez o Dami\u00e1n Barreiro, remembra con emoci\u00f3n l&#8217;escritor Dolfo Camilo D\u00edaz nel so art\u00edculu &#8216;Solaris&#8217; y al caberu d&#8217;ellos, el periodista aviles\u00edn y activista polos derechos lling\u00fc\u00edsticos ded\u00edcase-y la pieza cola que s&#8217;abre l&#8217;AMA: &#8216;N&#8217;alcordanza. Una vida al serviciu d&#8217;Asturies.<\/p>\n<div class=\"v-adv  v-adv--ly\">\n<div class=\"v-adv__item \">\n<div id=\"layer_inpage-id\" data-voc-vam=\"\" data-voc-vam-position=\"layer_inpage\" data-offset=\"0\" data-google-query-id=\"CJSrkbWUypMDFUhr9ggdTxs6Uw\" data-voc-vam-displayed=\"true\">\n<div id=\"google_ads_iframe_\/4900\/vocento.elcomerciodigital\/sociedad\/alitar-asturies_2__container__\">La cantautora Marisa Valle Roso protagoniza la portada del Anuariu y una entrevista a cuentu del so reci\u00e9n discu &#8216;Cenicientes&#8217;. Otres dos figures destacaes de la m\u00fasica asturiana: Rub\u00e9n Bada y H\u00e9ctor Braga, son entrevistaos, el primeru, pa falar del so triple \u00e1lbum de deb\u00fa en solitariu y el segundu, a prop\u00f3situ del asoleyamientu del ensayu sobre l&#8217;asturianada col qu&#8217;algam\u00f3 el Premiu M\u00e1ximo Fuertes Acevedo.<\/div>\n<\/div>\n<\/div>\n<\/div>\n<p class=\"v-p\">El t\u00e9cnicu cultural Daniel Cueli firma les cr\u00f3niques: &#8216;Un a\u00f1u importante pa la gaita&#8217;, &#8216;Asturies escenariu celta&#8217; y &#8216;El Celtic Connections y el FIL n&#8217;Asturies&#8217;, mientres el cantante y comunicador Xune Elipe glosa l&#8217;apueste polos nuevos son\u00edos y el folk de c\u00e1mara en &#8216;La elegancia de la m\u00fasica asturiana.Pel so llau, el m\u00fasicu H\u00e9ctor M.Aneiros recuerre l&#8217;alcordanza de les formaciones surd\u00edes na contorna avilesina nel art\u00edculu &#8216;El son\u00edu Avil\u00e9s na m\u00fasica celta: x\u00e9nesis y evoluci\u00f3n d&#8217;una identid\u00e1. Y el periodista Xicu Arizu publica l&#8217;informe&#8217;La moced\u00e1 garra puxu na m\u00fasica asturiana.<\/p>\n<p class=\"v-p\">Nel cap\u00edtulu d&#8217;ensayos, l&#8217;escritor y psiquiatra Inaciu Llope reflexona sobre &#8216;Tradici\u00f3n y folklor&#8217;, l&#8217;antrop\u00f3loga Irene Faza fai lo propio alrodiu de &#8216;Nomar pa resistir&#8217; y l&#8217;historiador Rafa R. Vald\u00e9s publica un ampliu estudiu sobre &#8216;La m\u00fasica como atracci\u00f3n y estructura de la cultura pol\u00edtica del movimientu obreru asturianu a primeros del sieglu XX&#8217;. Otru de los trabayos d&#8217;investigaci\u00f3n d&#8217;esta entrega nueva de l&#8217;AMA, ye&#8217;l de recoyida de material etnogr\u00e1ficu &#8216;Dellos m\u00fasicos populares del conceyu d&#8217;Uvi\u00e9u&#8217; que firma l&#8217;estudiosu y divulgador Alberto \u00c1lvarez Pe\u00f1a.<\/p>\n<p class=\"v-p\">Los premios Obdulia \u00c1lvarez &#8216;La Busdonga&#8217; d&#8217;asturianada y el Camaret\u00e1 al Meyor Cantar N&#8217;Asturianu tami\u00e9n son remembraos nes p\u00e1xines del Anuariu, xunta la presencia na parriella de la radiotelevisi\u00f3n auton\u00f3mica del programa &#8216;Al son&#8217;, dedic\u00e1u a l&#8217;actualid\u00e1 de la escena musical asturiana.<\/p>\n<p class=\"v-p\">La avezada secci\u00f3n final d&#8217;Anuncies y el recuentu de los discos produc\u00edos a lo llargo de 2026 piesllen un AMA que ya ta distribu\u00edu na versi\u00f3n impresa y tami\u00e8n na dixital.<\/p>\n<\/div>\n<\/div>\n<\/div>\n<div dir=\"auto\"><\/div>\n<\/div>\n<\/div>\n<\/div>\n<\/div>\n<\/div>\n<\/div>\n<\/div>\n<\/div>\n<p>&nbsp;<\/p>\n<p>&nbsp;<\/p>\n","protected":false},"excerpt":{"rendered":"<p>\u00a0Hai unes selmanes Goxe Producciones asoleyaba l&#8217;Anuariu de la M\u00fasica Asturiana 2025. Y, como ye vezu, n\u00e9l recu\u00e9yense delles collaboraciones de miembros de la Fundaci\u00f3n Belenos. Xixu Ariza en Pieces. \/ Musicasturiana.com\/ Esta selmana entama la distribuci\u00f3n d&#8217;esta publicaci\u00f3n que repasa a lo llargo de 124 p\u00e1xines tolo que dio de si la escena&#8217;l pas\u00e1u [&hellip;]<\/p>\n","protected":false},"author":117,"featured_media":0,"comment_status":"closed","ping_status":"closed","sticky":false,"template":"","format":"standard","meta":{"footnotes":""},"categories":[444,35,125],"tags":[],"class_list":["post-70564","post","type-post","status-publish","format-standard","hentry","category-anuariu","category-musica","category-musicasturiana-com"],"_links":{"self":[{"href":"https:\/\/edublog.educastur.es\/ixuxu\/wp-json\/wp\/v2\/posts\/70564","targetHints":{"allow":["GET"]}}],"collection":[{"href":"https:\/\/edublog.educastur.es\/ixuxu\/wp-json\/wp\/v2\/posts"}],"about":[{"href":"https:\/\/edublog.educastur.es\/ixuxu\/wp-json\/wp\/v2\/types\/post"}],"author":[{"embeddable":true,"href":"https:\/\/edublog.educastur.es\/ixuxu\/wp-json\/wp\/v2\/users\/117"}],"replies":[{"embeddable":true,"href":"https:\/\/edublog.educastur.es\/ixuxu\/wp-json\/wp\/v2\/comments?post=70564"}],"version-history":[{"count":7,"href":"https:\/\/edublog.educastur.es\/ixuxu\/wp-json\/wp\/v2\/posts\/70564\/revisions"}],"predecessor-version":[{"id":70577,"href":"https:\/\/edublog.educastur.es\/ixuxu\/wp-json\/wp\/v2\/posts\/70564\/revisions\/70577"}],"wp:attachment":[{"href":"https:\/\/edublog.educastur.es\/ixuxu\/wp-json\/wp\/v2\/media?parent=70564"}],"wp:term":[{"taxonomy":"category","embeddable":true,"href":"https:\/\/edublog.educastur.es\/ixuxu\/wp-json\/wp\/v2\/categories?post=70564"},{"taxonomy":"post_tag","embeddable":true,"href":"https:\/\/edublog.educastur.es\/ixuxu\/wp-json\/wp\/v2\/tags?post=70564"}],"curies":[{"name":"wp","href":"https:\/\/api.w.org\/{rel}","templated":true}]}}