{"id":70571,"date":"2026-03-31T14:36:21","date_gmt":"2026-03-31T12:36:21","guid":{"rendered":"https:\/\/edublog.educastur.es\/ixuxu\/?p=70571"},"modified":"2026-03-31T14:38:33","modified_gmt":"2026-03-31T12:38:33","slug":"xornaes-de-la-musica-tradicional-asturiana-cellebraes-na-llaboral-ciuda-de-la-cultura","status":"publish","type":"post","link":"https:\/\/edublog.educastur.es\/ixuxu\/2026\/03\/xornaes-de-la-musica-tradicional-asturiana-cellebraes-na-llaboral-ciuda-de-la-cultura\/","title":{"rendered":"Xornaes de la M\u00fasica Tradicional Asturiana"},"content":{"rendered":"<p style=\"text-align: center\">\n<!-- iframe plugin v.6.0 wordpress.org\/plugins\/iframe\/ -->\n<iframe loading=\"lazy\" width=\"100%\" height=\"444\" src=\"https:\/\/www.youtube.com\/embed\/rRF9R0JvX78?list=RDrRF9R0JvX78\" title=\"Xornaes de la M\u00fasica Tradicional Asturiana 2025: Muestres-Conciertu\" frameborder=\"0\" allow=\"accelerometer; autoplay; clipboard-write; encrypted-media; gyroscope; picture-in-picture; web-share\" referrerpolicy=\"strict-origin-when-cross-origin\" 0=\"allowfullscreen\" 1=\"\/iframe\" scrolling=\"yes\" class=\"iframe-class\"><\/iframe>\n<\/p>\n<p>Xornaes de la M\u00fasica Tradicional Asturiana, cellebraes na \u00abLlaboral Ciud\u00e1 de la Cultura\u00bb, Sala de Pintures, el xueves 11 d&#8217;Avientu de 2025: Muestres-conciertu d&#8217;int\u00e9rpretes\/grupos de gaites del mundu. Int\u00e9rpretes\/grupos convidaos: 1\/ Jos\u00e9 Manuel Tejedor (Asturies) 2\/ Fred Morrison (Escocia) 3\/ Jean-Pierre Van Hess (B\u00e9lxica) 4\/ David Bellas (Galicia) 5\/ Zampognorchestra (Italia) \u2022 Organiza: Conseyer\u00eda de Cultura, Pol\u00edtica Lling\u00fc\u00edstica y Deporte del Gobiernu d&#8217;Asturies y Conceyu de la Gaita. \u2022 Collaboren: Socied\u00e1 P\u00fablica de Xesti\u00f3n y Promoci\u00f3n Tur\u00edstica y Cultural d&#8217;Asturies y LLaboral Ciud\u00e1 de la Cultura.<\/p>\n","protected":false},"excerpt":{"rendered":"<p>Xornaes de la M\u00fasica Tradicional Asturiana, cellebraes na \u00abLlaboral Ciud\u00e1 de la Cultura\u00bb, Sala de Pintures, el xueves 11 d&#8217;Avientu de 2025: Muestres-conciertu d&#8217;int\u00e9rpretes\/grupos de gaites del mundu. Int\u00e9rpretes\/grupos convidaos: 1\/ Jos\u00e9 Manuel Tejedor (Asturies) 2\/ Fred Morrison (Escocia) 3\/ Jean-Pierre Van Hess (B\u00e9lxica) 4\/ David Bellas (Galicia) 5\/ Zampognorchestra (Italia) \u2022 Organiza: Conseyer\u00eda de [&hellip;]<\/p>\n","protected":false},"author":117,"featured_media":0,"comment_status":"closed","ping_status":"closed","sticky":false,"template":"","format":"standard","meta":{"footnotes":""},"categories":[425,35,125,171],"tags":[],"class_list":["post-70571","post","type-post","status-publish","format-standard","hentry","category-gaita","category-musica","category-musicasturiana-com","category-xornaes"],"_links":{"self":[{"href":"https:\/\/edublog.educastur.es\/ixuxu\/wp-json\/wp\/v2\/posts\/70571","targetHints":{"allow":["GET"]}}],"collection":[{"href":"https:\/\/edublog.educastur.es\/ixuxu\/wp-json\/wp\/v2\/posts"}],"about":[{"href":"https:\/\/edublog.educastur.es\/ixuxu\/wp-json\/wp\/v2\/types\/post"}],"author":[{"embeddable":true,"href":"https:\/\/edublog.educastur.es\/ixuxu\/wp-json\/wp\/v2\/users\/117"}],"replies":[{"embeddable":true,"href":"https:\/\/edublog.educastur.es\/ixuxu\/wp-json\/wp\/v2\/comments?post=70571"}],"version-history":[{"count":4,"href":"https:\/\/edublog.educastur.es\/ixuxu\/wp-json\/wp\/v2\/posts\/70571\/revisions"}],"predecessor-version":[{"id":70576,"href":"https:\/\/edublog.educastur.es\/ixuxu\/wp-json\/wp\/v2\/posts\/70571\/revisions\/70576"}],"wp:attachment":[{"href":"https:\/\/edublog.educastur.es\/ixuxu\/wp-json\/wp\/v2\/media?parent=70571"}],"wp:term":[{"taxonomy":"category","embeddable":true,"href":"https:\/\/edublog.educastur.es\/ixuxu\/wp-json\/wp\/v2\/categories?post=70571"},{"taxonomy":"post_tag","embeddable":true,"href":"https:\/\/edublog.educastur.es\/ixuxu\/wp-json\/wp\/v2\/tags?post=70571"}],"curies":[{"name":"wp","href":"https:\/\/api.w.org\/{rel}","templated":true}]}}