{"id":70579,"date":"2026-03-31T09:00:04","date_gmt":"2026-03-31T07:00:04","guid":{"rendered":"https:\/\/edublog.educastur.es\/ixuxu\/?p=70579"},"modified":"2026-03-31T19:44:45","modified_gmt":"2026-03-31T17:44:45","slug":"dia-europeu-de-llucha-contra-la-despoblacion","status":"publish","type":"post","link":"https:\/\/edublog.educastur.es\/ixuxu\/2026\/03\/dia-europeu-de-llucha-contra-la-despoblacion\/","title":{"rendered":"D\u00eda Europ\u00e9u de llucha contra la despoblaci\u00f3n"},"content":{"rendered":"<p style=\"text-align: center\">\n<!-- iframe plugin v.6.0 wordpress.org\/plugins\/iframe\/ -->\n<iframe loading=\"lazy\" src=\"https:\/\/www.facebook.com\/plugins\/post.php?href=https%3A%2F%2Fwww.facebook.com%2Fcocemfeasturias%2Fposts%2Fpfbid02Gv2BXQNxsdB63z86XcQGc35oRRdMny7sdGV33Dh9zLeeixCu6rcz1kr7ZbXKfWHFl&#038;show_text=false&#038;width=500\" width=\"500\" height=\"262\" style=\"border:none;overflow:hidden\" scrolling=\"no\" frameborder=\"0\" allowfullscreen=\"true\" allow=\"autoplay; clipboard-write; encrypted-media; picture-in-picture; web-share\" 0=\"\/iframe\" class=\"iframe-class\"><\/iframe>\n<\/p>\n<p>G\u00fcei miramos especialmente escontra la nuesa tierra, Asturies \ud83d\udc99 Una rex\u00f3n llena de vida, cultura y paisaxes \u00fanicos\u2026 pero onde munchos pueblos encaren el retu de la despoblaci\u00f3n.\u00a0La despoblaci\u00f3n nun ye solo una cifra: ye una persona mayor que vive sola, una muyer con discapacid\u00e1 f\u00edsica o org\u00e1nica que nun puede aportar a los sofitos que precisa para quedase nel so pueblu, una familia ensin servicios cercanos, una comunid\u00e1 que precisa sofitu para siguir alantre.\ud83c\udf31 Poro, l&#8217;asistencia personal nel mediu rural ye clave. Garantizar el derechu a una vida independiente y aut\u00f3noma a quien viven nos nuesos pueblos non solo ameyora&#8217;l so bienestar: tami\u00e9n evita que tengan qu&#8217;abandonar la so redolada o ingresar nuna instituci\u00f3n. Y eso caltien vivu&#8217;l territoriu.<\/p>\n","protected":false},"excerpt":{"rendered":"<p>G\u00fcei miramos especialmente escontra la nuesa tierra, Asturies \ud83d\udc99 Una rex\u00f3n llena de vida, cultura y paisaxes \u00fanicos\u2026 pero onde munchos pueblos encaren el retu de la despoblaci\u00f3n.\u00a0La despoblaci\u00f3n nun ye solo una cifra: ye una persona mayor que vive sola, una muyer con discapacid\u00e1 f\u00edsica o org\u00e1nica que nun puede aportar a los sofitos [&hellip;]<\/p>\n","protected":false},"author":117,"featured_media":0,"comment_status":"closed","ping_status":"closed","sticky":false,"template":"","format":"standard","meta":{"footnotes":""},"categories":[6],"tags":[],"class_list":["post-70579","post","type-post","status-publish","format-standard","hentry","category-dia-de"],"_links":{"self":[{"href":"https:\/\/edublog.educastur.es\/ixuxu\/wp-json\/wp\/v2\/posts\/70579","targetHints":{"allow":["GET"]}}],"collection":[{"href":"https:\/\/edublog.educastur.es\/ixuxu\/wp-json\/wp\/v2\/posts"}],"about":[{"href":"https:\/\/edublog.educastur.es\/ixuxu\/wp-json\/wp\/v2\/types\/post"}],"author":[{"embeddable":true,"href":"https:\/\/edublog.educastur.es\/ixuxu\/wp-json\/wp\/v2\/users\/117"}],"replies":[{"embeddable":true,"href":"https:\/\/edublog.educastur.es\/ixuxu\/wp-json\/wp\/v2\/comments?post=70579"}],"version-history":[{"count":1,"href":"https:\/\/edublog.educastur.es\/ixuxu\/wp-json\/wp\/v2\/posts\/70579\/revisions"}],"predecessor-version":[{"id":70580,"href":"https:\/\/edublog.educastur.es\/ixuxu\/wp-json\/wp\/v2\/posts\/70579\/revisions\/70580"}],"wp:attachment":[{"href":"https:\/\/edublog.educastur.es\/ixuxu\/wp-json\/wp\/v2\/media?parent=70579"}],"wp:term":[{"taxonomy":"category","embeddable":true,"href":"https:\/\/edublog.educastur.es\/ixuxu\/wp-json\/wp\/v2\/categories?post=70579"},{"taxonomy":"post_tag","embeddable":true,"href":"https:\/\/edublog.educastur.es\/ixuxu\/wp-json\/wp\/v2\/tags?post=70579"}],"curies":[{"name":"wp","href":"https:\/\/api.w.org\/{rel}","templated":true}]}}