{"id":70583,"date":"2026-03-31T19:50:19","date_gmt":"2026-03-31T17:50:19","guid":{"rendered":"https:\/\/edublog.educastur.es\/ixuxu\/?p=70583"},"modified":"2026-03-31T20:02:35","modified_gmt":"2026-03-31T18:02:35","slug":"a-la-solombra-duna-zrezal-xuan-bello-2","status":"publish","type":"post","link":"https:\/\/edublog.educastur.es\/ixuxu\/2026\/03\/a-la-solombra-duna-zrezal-xuan-bello-2\/","title":{"rendered":"\u00abA la solombra d&#8217;una zrezal\u00bb. Xuan Bello"},"content":{"rendered":"<div dir=\"auto\" style=\"text-align: center\"><span style=\"font-size: 20px\"><em>\u00abA la solombra d&#8217;una zrezal\u00bb. Xuan Bello<\/em><\/span><\/div>\n<div dir=\"auto\" style=\"text-align: center\"><\/div>\n<div dir=\"auto\"><\/div>\n<div dir=\"auto\" style=\"text-align: center\">\n<!-- iframe plugin v.6.0 wordpress.org\/plugins\/iframe\/ -->\n<iframe loading=\"lazy\" width=\"100%\" height=\"431\" src=\"https:\/\/www.youtube.com\/embed\/ybKzIXFQH1Q\" title=\"XUAN BELLO, A la solombra d&amp;#39;una zrezal\" frameborder=\"0\" allow=\"accelerometer; autoplay; clipboard-write; encrypted-media; gyroscope; picture-in-picture; web-share\" referrerpolicy=\"strict-origin-when-cross-origin\" 0=\"allowfullscreen\" 1=\"\/iframe\" scrolling=\"yes\" class=\"iframe-class\"><\/iframe>\n<\/div>\n<div dir=\"auto\"><span style=\"color: #ffff99\"><em>Video realiz\u00e1u pol Aten\u00e9u Obreru de Xix\u00f3n n&#8217;homenaxe al escritor Xuan Bellu, fin\u00e1u en xunetu de 2025, y proxect\u00e1u nel Homenaxe entam\u00e1u por el mesmu Aten\u00e9u Obreru de Xix\u00f3n ( 7 de febreru de 2006) y en POEX (14 de marzu).<\/em><\/span><\/div>\n","protected":false},"excerpt":{"rendered":"<p>\u00abA la solombra d&#8217;una zrezal\u00bb. Xuan Bello Video realiz\u00e1u pol Aten\u00e9u Obreru de Xix\u00f3n n&#8217;homenaxe al escritor Xuan Bellu, fin\u00e1u en xunetu de 2025, y proxect\u00e1u nel Homenaxe entam\u00e1u por el mesmu Aten\u00e9u Obreru de Xix\u00f3n ( 7 de febreru de 2006) y en POEX (14 de marzu).<\/p>\n","protected":false},"author":117,"featured_media":0,"comment_status":"closed","ping_status":"closed","sticky":false,"template":"","format":"aside","meta":{"footnotes":""},"categories":[39],"tags":[],"class_list":["post-70583","post","type-post","status-publish","format-aside","hentry","category-poesia","post_format-post-format-aside"],"_links":{"self":[{"href":"https:\/\/edublog.educastur.es\/ixuxu\/wp-json\/wp\/v2\/posts\/70583","targetHints":{"allow":["GET"]}}],"collection":[{"href":"https:\/\/edublog.educastur.es\/ixuxu\/wp-json\/wp\/v2\/posts"}],"about":[{"href":"https:\/\/edublog.educastur.es\/ixuxu\/wp-json\/wp\/v2\/types\/post"}],"author":[{"embeddable":true,"href":"https:\/\/edublog.educastur.es\/ixuxu\/wp-json\/wp\/v2\/users\/117"}],"replies":[{"embeddable":true,"href":"https:\/\/edublog.educastur.es\/ixuxu\/wp-json\/wp\/v2\/comments?post=70583"}],"version-history":[{"count":3,"href":"https:\/\/edublog.educastur.es\/ixuxu\/wp-json\/wp\/v2\/posts\/70583\/revisions"}],"predecessor-version":[{"id":70591,"href":"https:\/\/edublog.educastur.es\/ixuxu\/wp-json\/wp\/v2\/posts\/70583\/revisions\/70591"}],"wp:attachment":[{"href":"https:\/\/edublog.educastur.es\/ixuxu\/wp-json\/wp\/v2\/media?parent=70583"}],"wp:term":[{"taxonomy":"category","embeddable":true,"href":"https:\/\/edublog.educastur.es\/ixuxu\/wp-json\/wp\/v2\/categories?post=70583"},{"taxonomy":"post_tag","embeddable":true,"href":"https:\/\/edublog.educastur.es\/ixuxu\/wp-json\/wp\/v2\/tags?post=70583"}],"curies":[{"name":"wp","href":"https:\/\/api.w.org\/{rel}","templated":true}]}}