{"id":70585,"date":"2026-03-31T18:10:01","date_gmt":"2026-03-31T16:10:01","guid":{"rendered":"https:\/\/edublog.educastur.es\/ixuxu\/?p=70585"},"modified":"2026-03-31T19:54:43","modified_gmt":"2026-03-31T17:54:43","slug":"los-horros-del-norte-peninsular-patrimoniu-cultural-inmaterial","status":"publish","type":"post","link":"https:\/\/edublog.educastur.es\/ixuxu\/2026\/03\/los-horros-del-norte-peninsular-patrimoniu-cultural-inmaterial\/","title":{"rendered":"Los horros del norte peninsular, Patrimoniu Cultural Inmaterial"},"content":{"rendered":"<div>\n<div class=\"x1yztbdb x1n2onr6 xh8yej3 x1ja2u2z\">\n<div class=\"x1n2onr6 x1ja2u2z\">\n<div class=\"x1a2a7pz\">\n<div class=\"x78zum5 xdt5ytf\" data-virtualized=\"false\">\n<div class=\"x9f619 x1n2onr6 x1ja2u2z\">\n<div class=\"html-div xdj266r x14z9mp xat24cr x1lziwak xexx8yu xyri2b x18d9i69 x1c1uobl x78zum5 x1n2onr6 xh8yej3\">\n<div class=\"x1n2onr6 x1ja2u2z x1jx94hy xw5cjc7 x1dmpuos x1vsv7so xau1kf4 x9f619 xh8yej3 x6ikm8r x10wlt62 xquyuld\">\n<div class=\"html-div xdj266r x14z9mp xat24cr x1lziwak xexx8yu xyri2b x18d9i69 x1c1uobl\">\n<div class=\"html-div xdj266r x14z9mp xat24cr x1lziwak xexx8yu xyri2b x18d9i69 x1c1uobl\">\n<div class=\"html-div xdj266r x14z9mp xat24cr x1lziwak xexx8yu xyri2b x18d9i69 x1c1uobl\">\n<div class=\"html-div xdj266r x14z9mp xat24cr x1lziwak xexx8yu xyri2b x18d9i69 x1c1uobl\">\n<div class=\"html-div xdj266r xat24cr xexx8yu xyri2b x18d9i69 x1c1uobl x1jx94hy x8cjs6t x3sou0m x80vd3b x12u81az x13fuv20 x18b5jzi x1q0q8m5 x1t7ytsu x178xt8z x1lun4ml xso031l xpilrb4 xrx5xu5 x1vn23mh xrws0fy x16azbe4 x6ikm8r x10wlt62 x1diwwjn xbmvrgn\">\n<div class=\"html-div x14z9mp xat24cr x1lziwak xexx8yu xyri2b x18d9i69 x1c1uobl x1y332i5\">\n<div class=\"html-div xdj266r x14z9mp xat24cr x1lziwak xexx8yu x1a8lsjc xf7dkkf xv54qhq\">\n<div class=\"html-div xdj266r x14z9mp xat24cr x1lziwak xexx8yu xyri2b x18d9i69 x1c1uobl x1jx94hy x78zum5 x1q0g3np\">\n<div class=\"x78zum5 xdt5ytf xz62fqu x16ldp7u\">\n<div class=\"xu06os2 x1ok221b\">\n<div class=\"html-div xdj266r x14z9mp xat24cr x1lziwak xexx8yu xyri2b x18d9i69 x1c1uobl\" data-ad-rendering-role=\"profile_name\">\n<p class=\"html-h3 x14z9mp xat24cr x1lziwak xexx8yu xyri2b x18d9i69 x1c1uobl x1vvkbs x1heor9g x1qlqyl8 x1pd3egz x1a2a7pz x1gslohp x1yc453h\"><span class=\"x1lliihq x6ikm8r x10wlt62 x1n2onr6\"><span class=\"xt0psk2\"><a class=\"x1i10hfl xjbqb8w x1ejq31n x18oe1m7 x1sy0etr xstzfhl x972fbf x10w94by x1qhh985 x14e42zd x9f619 x1ypdohk xt0psk2 x3ct3a4 xdj266r x14z9mp xat24cr x1lziwak xexx8yu xyri2b x18d9i69 x1c1uobl x16tdsg8 x1hl2dhg xggy1nq x1a2a7pz xkrqix3 x1sur9pj xzsf02u x1s688f\" role=\"link\" href=\"https:\/\/www.facebook.com\/profile.php?id=100053556613479&amp;__cft__[0]=AZYjcoEb2oYaCplQKx3PonQ3rH8IfXG_WhLNJBaIjumFtRTskzBbYr4MKmP1aPrXI6c_PxeYzOf5q6gZrXVBLHxLPam_ZhAcci9aVv3JrfEKfqmj2s63eu9x1yW0tOvtlJLXNOpC_jkgshrT0qp8UzYUKRVZCmIr5slK3Qgs0xtgOtoOFo3i185sxGMtrzkpW6IGkBIR6J4LCZ-URLo5aCIp&amp;__tn__=-UC%2CP-y-R\"><b class=\"html-b xdj266r x14z9mp xat24cr x1lziwak xexx8yu xyri2b x18d9i69 x1c1uobl x1hl2dhg x16tdsg8 x1vvkbs x1s688f\"><span class=\"html-span xdj266r x14z9mp xat24cr x1lziwak xexx8yu xyri2b x18d9i69 x1c1uobl x1hl2dhg x16tdsg8 x1vvkbs\">Asociaci\u00f3n del H\u00f3rreo Asturiano<\/span><\/b><\/a><\/span><\/span><span style=\"font-size: 16px\">El Gobiernu d&#8217;Espa\u00f1a declara los horros del norte peninsular como<\/span><strong style=\"font-size: 16px\"> Patrimoniu Cultural Inmaterial<\/strong><span style=\"font-size: 16px\"> \ud83c\udfe1\u2728 El Conseyu de Ministros va aprobar la declaraci\u00f3n de los horros del norte de la pen\u00ednsula ib\u00e9rica como Manifestaci\u00f3n Representativa del Patrimoniu Cultural Inmaterial, la m\u00e1xima reconocencia estatal nesta materia \ud83e\udd47.<\/span><\/p>\n<p style=\"text-align: center\">\n<!-- iframe plugin v.6.0 wordpress.org\/plugins\/iframe\/ -->\n<iframe loading=\"lazy\" src=\"https:\/\/www.facebook.com\/plugins\/post.php?href=https%3A%2F%2Fwww.facebook.com%2Fpermalink.php%3Fstory_fbid%3Dpfbid02me8XbJcg5hZW5x4E7rmiiaCqPMVMhMuKwkaktZb5qGPcUAgT3rEyLGSUGocnoCvpl%26id%3D100053556613479&#038;show_text=false&#038;width=500\" width=\"500\" height=\"498\" style=\"border:none;overflow:hidden\" scrolling=\"no\" frameborder=\"0\" allowfullscreen=\"true\" allow=\"autoplay; clipboard-write; encrypted-media; picture-in-picture; web-share\" 0=\"\/iframe\" class=\"iframe-class\"><\/iframe>\n<\/p>\n<\/div>\n<\/div>\n<\/div>\n<\/div>\n<\/div>\n<div class=\"html-div xdj266r x14z9mp xat24cr x1lziwak xexx8yu xyri2b x18d9i69 x1c1uobl\" dir=\"auto\">\n<div class=\"html-div xdj266r x14z9mp xat24cr x1lziwak xexx8yu xyri2b x18d9i69 x1c1uobl\" dir=\"auto\">\n<div class=\"html-div xdj266r x14z9mp xat24cr x1lziwak xexx8yu xyri2b x18d9i69 x1c1uobl\" data-ad-rendering-role=\"story_message\">\n<div class=\"x1l90r2v x1iorvi4 x1g0dm76 xpdmqnj\" data-ad-comet-preview=\"message\" data-ad-preview=\"message\">\n<div class=\"x78zum5 xdt5ytf xz62fqu x16ldp7u\">\n<div class=\"xu06os2 x1ok221b\">\n<div class=\"html-div xdj266r x14z9mp xat24cr x1lziwak xexx8yu xyri2b x18d9i69 x1c1uobl\">\n<div class=\"xdj266r x14z9mp xat24cr x1lziwak x1vvkbs x126k92a\">\n<div dir=\"auto\">\n<p><!--more--><br \/>\n\ud83c\udf3f Esta declaraci\u00f3n remata un procesu empecipi\u00e1u en Cand\u00e1s (Asturies), impuls\u00e1u pola socied\u00e1 civil al travi\u00e9s de la Rede Internacional Horrea \ud83e\udd1d, formada por asociaciones culturales y espertos d&#8217;Asturies, Galicia, Cantabria, Euskadi, Lli\u00f3n y Portugal .<\/p>\n<p>Cunt\u00f3 am\u00e1s col respaldu del Institutu del Patrimoniu Cultural d&#8217;Espa\u00f1a \ud83c\udfdb\ufe0f, clave nel so desenvolvimientu. \ud83d\udc99 N&#8217;Asturies, la implicaci\u00f3n de la Conseyer\u00eda de Cultura, Pol\u00edtica Lling\u00fc\u00edstica y Deporte foi decisiva \ud83d\ude4c.\ud83d\udd0e <strong>Esta reconocencia ye \u00fanicu porque integra:<\/strong><\/p>\n<ul>\n<li>\ud83c\udfe1 El valor de los horros como arquitectura tradicional<\/li>\n<li>\ud83e\udde0 Los saberes, usos y tradiciones acomu\u00f1aos a ellos ponse en valor un elementu clave d&#8217;identid\u00e1 compartida nel norte peninsular .<\/li>\n<\/ul>\n<p>\ud83d\udc65 Unu de los aspeutos m\u00e1s importantes ye&#8217;l protagonismu de les comunidaes: son les persones y asociaciones culturales quien caltuvieron vivu esti leg\u00e1u a lo llargo del tiempu. \ud83c\udfdb\ufe0f Tou ello xuntu al papel esencial d&#8217;espertos ya instituciones p\u00fabliques, que garanticen la so protecci\u00f3n y caltenimientu.<\/p>\n<p>\ud83d\ude80 D&#8217;equ\u00ed p&#8217;arriba, empieza una nueva etapa: va ellaborase un plan de xesti\u00f3n y protecci\u00f3n para asegurar el so caltenimientu, valorizaci\u00f3n y tresmisi\u00f3n \ud83d\udcda. \u2728 Un finxu hist\u00f3ricu que refuerza&#8217;l valor de los horros como s\u00edmbolu del paisaxe y la memoria colectiva del norte peninsular \ud83c\udf04.\ud83e\udd1d Rede Internacional Horrea de Tenaes Elevaes Tradicionales (Rede Horrea).<\/p>\n<\/div>\n<\/div>\n<\/div>\n<\/div>\n<\/div>\n<\/div>\n<\/div>\n<\/div>\n<\/div>\n<\/div>\n<\/div>\n<\/div>\n<div>\n<div class=\"xabvvm4 xeyy32k x1ia1hqs x1a2w583 x6ikm8r x10wlt62\" data-visualcompletion=\"ignore-dynamic\">\n<div>\n<div>\n<div>\n<div class=\"xn3w4p2 x1gslohp\">\n<div class=\"x9f619 x1ja2u2z x78zum5 x2lah0s x1n2onr6 x1qughib x6s0dn4 xozqiw3 x1q0g3np x11lfxj5 x135b78x x18d9i69 xexx8yu x4cne27 xifccgj\">\n<div class=\"x9f619 x1n2onr6 x1ja2u2z x78zum5 xdt5ytf x2lah0s x193iq5w xeuugli x10b6aqq x1yrsyyn\"><\/div>\n<div class=\"x9f619 x1n2onr6 x1ja2u2z x78zum5 xdt5ytf x2lah0s x193iq5w xeuugli x10b6aqq x1yrsyyn\"><\/div>\n<\/div>\n<\/div>\n<\/div>\n<\/div>\n<\/div>\n<\/div>\n<\/div>\n<\/div>\n<\/div>\n<\/div>\n<\/div>\n<\/div>\n<\/div>\n<\/div>\n<\/div>\n<\/div>\n<\/div>\n<\/div>\n<p>&nbsp;<\/p>\n<div>\n<div>\n<div class=\"x1yztbdb x1n2onr6 xh8yej3 x1ja2u2z\">\n<div class=\"x1n2onr6 x1ja2u2z\">\n<div>\n<div>\n<div class=\"x1a2a7pz\">\n<div class=\"x78zum5 xdt5ytf\" data-virtualized=\"false\">\n<div class=\"x9f619 x1n2onr6 x1ja2u2z\">\n<div class=\"html-div xdj266r x14z9mp xat24cr x1lziwak xexx8yu xyri2b x18d9i69 x1c1uobl x78zum5 x1n2onr6 xh8yej3\">\n<div class=\"x1n2onr6 x1ja2u2z x1jx94hy xw5cjc7 x1dmpuos x1vsv7so xau1kf4 x9f619 xh8yej3 x6ikm8r x10wlt62 xquyuld\">\n<div>\n<div class=\"html-div xdj266r x14z9mp xat24cr x1lziwak xexx8yu xyri2b x18d9i69 x1c1uobl\">\n<div class=\"html-div xdj266r x14z9mp xat24cr x1lziwak xexx8yu xyri2b x18d9i69 x1c1uobl\">\n<div class=\"html-div xdj266r x14z9mp xat24cr x1lziwak xexx8yu xyri2b x18d9i69 x1c1uobl\">\n<div class=\"html-div xdj266r x14z9mp xat24cr x1lziwak xexx8yu xyri2b x18d9i69 x1c1uobl\">\n<div class=\"html-div xdj266r x14z9mp x1lziwak x18d9i69 x1cy8zhl x78zum5 x1q0g3np xod5an3 xz9dl7a x1g0dm76 xpdmqnj\">\n<div class=\"html-div xdj266r x14z9mp xat24cr x1lziwak xexx8yu xyri2b x18d9i69 x1c1uobl x1iyjqo2 xeuugli\">\n<div class=\"x78zum5 xdt5ytf xz62fqu x16ldp7u\">\n<div class=\"xu06os2 x1ok221b\">\n<div class=\"html-div xdj266r x14z9mp xat24cr x1lziwak xexx8yu xyri2b x18d9i69 x1c1uobl\" data-ad-rendering-role=\"profile_name\">\n<h2 class=\"html-h2 x14z9mp xat24cr x1lziwak xexx8yu xyri2b x18d9i69 x1c1uobl x1vvkbs x1heor9g x1qlqyl8 x1pd3egz x1a2a7pz x1gslohp x1yc453h\"><\/h2>\n<\/div>\n<\/div>\n<\/div>\n<\/div>\n<\/div>\n<\/div>\n<\/div>\n<\/div>\n<\/div>\n<\/div>\n<\/div>\n<\/div>\n<\/div>\n<\/div>\n<\/div>\n<\/div>\n<\/div>\n<\/div>\n<\/div>\n<\/div>\n<\/div>\n","protected":false},"excerpt":{"rendered":"<p>Asociaci\u00f3n del H\u00f3rreo AsturianoEl Gobiernu d&#8217;Espa\u00f1a declara los horros del norte peninsular como Patrimoniu Cultural Inmaterial \ud83c\udfe1\u2728 El Conseyu de Ministros va aprobar la declaraci\u00f3n de los horros del norte de la pen\u00ednsula ib\u00e9rica como Manifestaci\u00f3n Representativa del Patrimoniu Cultural Inmaterial, la m\u00e1xima reconocencia estatal nesta materia \ud83e\udd47.<\/p>\n","protected":false},"author":117,"featured_media":0,"comment_status":"closed","ping_status":"closed","sticky":false,"template":"","format":"standard","meta":{"footnotes":""},"categories":[116,370],"tags":[],"class_list":["post-70585","post","type-post","status-publish","format-standard","hentry","category-horru","category-patrimoniu-inmaterial"],"_links":{"self":[{"href":"https:\/\/edublog.educastur.es\/ixuxu\/wp-json\/wp\/v2\/posts\/70585","targetHints":{"allow":["GET"]}}],"collection":[{"href":"https:\/\/edublog.educastur.es\/ixuxu\/wp-json\/wp\/v2\/posts"}],"about":[{"href":"https:\/\/edublog.educastur.es\/ixuxu\/wp-json\/wp\/v2\/types\/post"}],"author":[{"embeddable":true,"href":"https:\/\/edublog.educastur.es\/ixuxu\/wp-json\/wp\/v2\/users\/117"}],"replies":[{"embeddable":true,"href":"https:\/\/edublog.educastur.es\/ixuxu\/wp-json\/wp\/v2\/comments?post=70585"}],"version-history":[{"count":1,"href":"https:\/\/edublog.educastur.es\/ixuxu\/wp-json\/wp\/v2\/posts\/70585\/revisions"}],"predecessor-version":[{"id":70586,"href":"https:\/\/edublog.educastur.es\/ixuxu\/wp-json\/wp\/v2\/posts\/70585\/revisions\/70586"}],"wp:attachment":[{"href":"https:\/\/edublog.educastur.es\/ixuxu\/wp-json\/wp\/v2\/media?parent=70585"}],"wp:term":[{"taxonomy":"category","embeddable":true,"href":"https:\/\/edublog.educastur.es\/ixuxu\/wp-json\/wp\/v2\/categories?post=70585"},{"taxonomy":"post_tag","embeddable":true,"href":"https:\/\/edublog.educastur.es\/ixuxu\/wp-json\/wp\/v2\/tags?post=70585"}],"curies":[{"name":"wp","href":"https:\/\/api.w.org\/{rel}","templated":true}]}}