{"id":70619,"date":"2026-04-01T11:45:19","date_gmt":"2026-04-01T09:45:19","guid":{"rendered":"https:\/\/edublog.educastur.es\/ixuxu\/?p=70619"},"modified":"2026-04-07T11:25:32","modified_gmt":"2026-04-07T09:25:32","slug":"la-artemis-ii-lleva-de-nuevu-al-ser-humanu-a-la-orbita-llunar","status":"publish","type":"post","link":"https:\/\/edublog.educastur.es\/ixuxu\/2026\/04\/la-artemis-ii-lleva-de-nuevu-al-ser-humanu-a-la-orbita-llunar\/","title":{"rendered":"La Artemis II lleva, de nuevu, al ser humanu a la \u00f3rbita llunar."},"content":{"rendered":"<p style=\"text-align: center\">\n<!-- iframe plugin v.6.0 wordpress.org\/plugins\/iframe\/ -->\n<iframe loading=\"lazy\" src=\"https:\/\/www.facebook.com\/plugins\/video.php?height=314&#038;href=https%3A%2F%2Fwww.facebook.com%2Freel%2F1483261606719040%2F&#038;show_text=false&#038;width=560&#038;t=0\" width=\"560\" height=\"314\" style=\"border:none;overflow:hidden\" scrolling=\"no\" frameborder=\"0\" allowfullscreen=\"true\" allow=\"autoplay; clipboard-write; encrypted-media; picture-in-picture; web-share\" 0=\"\/iframe\" class=\"iframe-class\"><\/iframe>\n<\/p>\n<p><strong>L&#8217;Artemis II<\/strong> lleva, de nuevu, al ser humanu a la \u00f3rbita llunar. Esplicamos en qu\u00e9 consiste la misi\u00f3n que desapiega g\u00fcei dende Cabu Ca\u00f1averal. La nave que va llevar a los astronautes a la Lluna <strong>ye, en gran parte, obra d&#8217;Europa. <a href=\"https:\/\/ciencia.nasa.gov\/sistema-solar\/artemis-ii-resumen-de-la-mision\/\">NASA<\/a> \/<\/strong><\/p>\n<p><!--more--><\/p>\n<p style=\"text-align: center\"><a href=\"https:\/\/assets.science.nasa.gov\/dynamicimage\/assets\/science\/cds\/ciencia\/sistema-solar\/2026\/Artemis_II_MissionMap_Public%20Spanish.jpg?w=5999&amp;h=3375&amp;fit=clip&amp;crop=faces%2Cfocalpoint\"><img loading=\"lazy\" decoding=\"async\" class=\"aligncenter size-large\" src=\"https:\/\/assets.science.nasa.gov\/dynamicimage\/assets\/science\/cds\/ciencia\/sistema-solar\/2026\/Artemis_II_MissionMap_Public%20Spanish.jpg?w=5999&amp;h=3375&amp;fit=clip&amp;crop=faces%2Cfocalpoint\" width=\"6000\" height=\"3375\" \/><\/a><\/p>\n<p>El director de l&#8217;Axencia Espacial Europea recuerda la contribuci\u00f3n de los cient\u00edficos del nuevu continente nesta misi\u00f3n. \u00abLa contribuci\u00f3n d&#8217;Europa a Artemis ye potente, precisa y ta dise\u00f1ada para l&#8217;espaciu fondu. Col M\u00f3dulu de Serviciu Europ\u00e9u impulsando Orion, Europa non solo repara c\u00f3mo se desenvuelve la hestoria, sin\u00f3n que la crea\u00bb, afirma Josef Aschbacher.<\/p>\n<p>&nbsp;<\/p>\n<p style=\"text-align: center\"><a href=\"https:\/\/imagenes.20minutos.es\/uploads\/imagenes\/2026\/03\/31\/69cc157e896341-84228951.gif\"><img loading=\"lazy\" decoding=\"async\" class=\"aligncenter size-large\" src=\"https:\/\/imagenes.20minutos.es\/uploads\/imagenes\/2026\/03\/31\/69cc157e896341-84228951.gif\" width=\"1200\" height=\"676\" \/><\/a><\/p>\n<p>&nbsp;<\/p>\n<p style=\"text-align: center\">\n<!-- iframe plugin v.6.0 wordpress.org\/plugins\/iframe\/ -->\n<iframe loading=\"lazy\" src=\"https:\/\/www.facebook.com\/plugins\/video.php?height=314&#038;href=https%3A%2F%2Fwww.facebook.com%2Freel%2F26789287990664573%2F&#038;show_text=false&#038;width=560&#038;t=0\" width=\"560\" height=\"314\" style=\"border:none;overflow:hidden\" scrolling=\"no\" frameborder=\"0\" allowfullscreen=\"true\" allow=\"autoplay; clipboard-write; encrypted-media; picture-in-picture; web-share\" 0=\"\/iframe\" class=\"iframe-class\"><\/iframe>\n<\/p>\n<p>Artemis nun ye una misi\u00f3n fecha por una, diez o cien persones. Nin un proyectu nam\u00e1 d&#8217;Estaos Xun\u00edos. Esti programa espacial sali\u00f3 adelantre gracies al trabayu d&#8217;entre 20.000 y 40.000 persones que se dexaron l&#8217;alma en cada pequena parte del proyectu, dende&#8217;l desenvolvimientu del cohete hasta la creaci\u00f3n de la espectacular c\u00e1psula Ori\u00f3n. El coraz\u00f3n de la nave espacial, ello ye que ye de fabricaci\u00f3n europea y foi liderada pol inxenieru espa\u00f1ol Guillermo Gonz\u00e1lez, de l&#8217;Axencia Espacial Europea (ESA). El vuelu de Artemis ye una obra coral.<\/p>\n<p style=\"text-align: center\">\n<!-- iframe plugin v.6.0 wordpress.org\/plugins\/iframe\/ -->\n<iframe loading=\"lazy\" width=\"100%\" height=\"444\" src=\"https:\/\/www.youtube.com\/embed\/d4QGZl18p2w\" title=\"Artemis II: del lanzamiento al amerizaje\" frameborder=\"0\" allow=\"accelerometer; autoplay; clipboard-write; encrypted-media; gyroscope; picture-in-picture; web-share\" referrerpolicy=\"strict-origin-when-cross-origin\" 0=\"allowfullscreen\" 1=\"\/iframe\" scrolling=\"yes\" class=\"iframe-class\"><\/iframe>\n<\/p>\n<p><strong>Artemis presume de tener el supercohete m\u00e1s potente y m\u00e1s grande de la hestoria.<\/strong> Tratar del llam\u00e1u \u00abSistema de Llanzamientu Espacial\u00bb, un xigante de casi 100 metros d&#8217;altor, 8 de di\u00e1metru y m\u00e1s de 2.600 tonelaes de pesu. Seg\u00fan delles estimaciones, el so desenvolvimientu cost\u00f3 unos 31.600 millones de d\u00f3lares y 15 a\u00f1os de trabayu.<\/p>\n<p style=\"text-align: center\"><a href=\"https:\/\/assets.science.nasa.gov\/dynamicimage\/assets\/science\/cds\/ciencia\/sistema-solar\/2026\/jsc2023e016432_alt2.jpg?w=960&amp;h=1200&amp;fit=crop&amp;crop=faces%2Cfocalpoint\"><img loading=\"lazy\" decoding=\"async\" class=\"aligncenter size-large\" src=\"https:\/\/assets.science.nasa.gov\/dynamicimage\/assets\/science\/cds\/ciencia\/sistema-solar\/2026\/jsc2023e016432_alt2.jpg?w=960&amp;h=1200&amp;fit=crop&amp;crop=faces%2Cfocalpoint\" width=\"959\" height=\"1200\" \/><\/a><\/p>\n<p>Unu de los aspeutos m\u00e1s interesaos d&#8217;esti colosal veh\u00edculu, bien critic\u00e1u por dellos sectores pol so costu tresmand\u00e1u, ye que cunta con partes reutilizaes d&#8217;otres misiones como, por casu, el motor principal hered\u00e1u del programa del tresbordador espacial Atlantis y que y\u00e1 vol\u00f3 al espaciu delles vegaes.<\/p>\n<p style=\"text-align: center\">\n<!-- iframe plugin v.6.0 wordpress.org\/plugins\/iframe\/ -->\n<iframe loading=\"lazy\" src=\"https:\/\/www.facebook.com\/plugins\/video.php?height=476&#038;href=https%3A%2F%2Fwww.facebook.com%2Freel%2F1573606883882029%2F&#038;show_text=false&#038;width=267&#038;t=0\" width=\"267\" height=\"476\" style=\"border:none;overflow:hidden\" scrolling=\"no\" frameborder=\"0\" allowfullscreen=\"true\" allow=\"autoplay; clipboard-write; encrypted-media; picture-in-picture; web-share\" 0=\"\/iframe\" class=\"iframe-class\"><\/iframe>\n<\/p>\n<p style=\"text-align: center\"><a href=\"https:\/\/static.grupojoly.com\/clip\/a7e8284c-fed2-4ca3-b5da-9ee5fb681928_16-9-aspect-ratio_1600w_0.webp\"><img loading=\"lazy\" decoding=\"async\" class=\"aligncenter size-large\" src=\"https:\/\/static.grupojoly.com\/clip\/a7e8284c-fed2-4ca3-b5da-9ee5fb681928_16-9-aspect-ratio_1600w_0.webp\" width=\"1600\" height=\"900\" \/><\/a><\/p>\n<p>El cohete SLS va tresportar la c\u00e1psula Ori\u00f3n con una tripulaci\u00f3n internacional que<strong> va pasar aprosimao diez d\u00edes nel espaciu.<\/strong> Mientres esta misi\u00f3n,<strong> los astronautes van sobrevolar la cara oculta de la Lluna<\/strong> a una distancia d&#8217;ente 4.800 y 14.500 kil\u00f3metros, anque<strong> nun van realizar un alunizaje.<\/strong> L&#8217;axencia espacial estadounidense envalora un 80% de probabilid\u00e1 de clima favorable pal llanzamientu, siendo les nubes y los fuertes vientos les principales esmoliciones meteorol\u00f3xiques.<\/p>\n<p style=\"text-align: center\"><a href=\"https:\/\/img.rtve.es\/n\/17004628?w=1600\"><img loading=\"lazy\" decoding=\"async\" class=\"aligncenter size-large\" src=\"https:\/\/img.rtve.es\/n\/17004628?w=1600\" width=\"1600\" height=\"900\" \/><\/a><\/p>\n<p style=\"text-align: center\">\n<!-- iframe plugin v.6.0 wordpress.org\/plugins\/iframe\/ -->\n<iframe loading=\"lazy\" src=\"https:\/\/www.facebook.com\/plugins\/video.php?height=476&#038;href=https%3A%2F%2Fwww.facebook.com%2Freel%2F1529429902127168%2F&#038;show_text=false&#038;width=267&#038;t=0\" width=\"267\" height=\"476\" style=\"border:none;overflow:hidden\" scrolling=\"no\" frameborder=\"0\" allowfullscreen=\"true\" allow=\"autoplay; clipboard-write; encrypted-media; picture-in-picture; web-share\" 0=\"\/iframe\" class=\"iframe-class\"><\/iframe>\n<\/p>\n<p style=\"text-align: center\">\n<!-- iframe plugin v.6.0 wordpress.org\/plugins\/iframe\/ -->\n<iframe loading=\"lazy\" src=\"https:\/\/www.facebook.com\/plugins\/video.php?height=476&#038;href=https%3A%2F%2Fwww.facebook.com%2Freel%2F4194560040830112%2F&#038;show_text=false&#038;width=267&#038;t=0\" width=\"267\" height=\"476\" style=\"border:none;overflow:hidden\" scrolling=\"no\" frameborder=\"0\" allowfullscreen=\"true\" allow=\"autoplay; clipboard-write; encrypted-media; picture-in-picture; web-share\" 0=\"\/iframe\" class=\"iframe-class\"><\/iframe>\n<\/p>\n<p><strong>La nave espacial Orion va ser el llar de los cuatro astronautes de Artemis II mientres el so viaxe alredor de la Lluna<\/strong>, y va llevar m\u00e1s barganal del nuesu sat\u00e9lite natural de lo que neng\u00fan ser humanu tuvo en m\u00e1s de 50 a\u00f1os. Mientres esti vuelu de prueba de casi 10 d\u00edes y 1,1 millones de kil\u00f3metros (685.000 milles), los astronautes Reid Wiseman, Victor Glover y Christina Koch, de la NASA, xuntu con Jeremy Hansen, de la CSA (Axencia Espacial Canadiense), van vivir y van trabayar dientro de la c\u00e1psula. El m\u00f3dulu de serviciu suministrar\u00e1-yos recursos esenciales como agua potable, nitr\u00f3xenu y os\u00edxenu.<\/p>\n<p>Nesti video, Luis Saucedo, director inter\u00edn de la Oficina d&#8217;Integraci\u00f3n de Veh\u00edculos de Orion y copresentador de la nuesa tresmisi\u00f3n en vivu del llanzamientu, te cunta sobro los componentes d&#8217;esta nave espacial.<\/p>\n<p style=\"text-align: center\">\n<!-- iframe plugin v.6.0 wordpress.org\/plugins\/iframe\/ -->\n<iframe loading=\"lazy\" src=\"https:\/\/www.facebook.com\/plugins\/video.php?height=476&#038;href=https%3A%2F%2Fwww.facebook.com%2Freel%2F925801453493518%2F&#038;show_text=false&#038;width=267&#038;t=0\" width=\"267\" height=\"476\" style=\"border:none;overflow:hidden\" scrolling=\"no\" frameborder=\"0\" allowfullscreen=\"true\" allow=\"autoplay; clipboard-write; encrypted-media; picture-in-picture; web-share\" 0=\"\/iframe\" class=\"iframe-class\"><\/iframe>\n<\/p>\n<p style=\"text-align: center\">\n<!-- iframe plugin v.6.0 wordpress.org\/plugins\/iframe\/ -->\n<iframe loading=\"lazy\" src=\"https:\/\/www.facebook.com\/plugins\/post.php?href=https%3A%2F%2Fwww.facebook.com%2Fcienciasdebolsillo%2Fposts%2Fpfbid02pt5tKDGiMyeUqB5ieomssYiwgZrGieddfEKzNtKtZKUABPYo9UFkvQ4FykAhtK8zl&#038;show_text=false&#038;width=500\" width=\"500\" height=\"498\" style=\"border:none;overflow:hidden\" scrolling=\"no\" frameborder=\"0\" allowfullscreen=\"true\" allow=\"autoplay; clipboard-write; encrypted-media; picture-in-picture; web-share\" 0=\"\/iframe\" class=\"iframe-class\"><\/iframe>\n<\/p>\n","protected":false},"excerpt":{"rendered":"<p>L&#8217;Artemis II lleva, de nuevu, al ser humanu a la \u00f3rbita llunar. Esplicamos en qu\u00e9 consiste la misi\u00f3n que desapiega g\u00fcei dende Cabu Ca\u00f1averal. La nave que va llevar a los astronautes a la Lluna ye, en gran parte, obra d&#8217;Europa. NASA \/<\/p>\n","protected":false},"author":117,"featured_media":0,"comment_status":"closed","ping_status":"closed","sticky":false,"template":"","format":"standard","meta":{"footnotes":""},"categories":[223],"tags":[],"class_list":["post-70619","post","type-post","status-publish","format-standard","hentry","category-astronomia"],"_links":{"self":[{"href":"https:\/\/edublog.educastur.es\/ixuxu\/wp-json\/wp\/v2\/posts\/70619","targetHints":{"allow":["GET"]}}],"collection":[{"href":"https:\/\/edublog.educastur.es\/ixuxu\/wp-json\/wp\/v2\/posts"}],"about":[{"href":"https:\/\/edublog.educastur.es\/ixuxu\/wp-json\/wp\/v2\/types\/post"}],"author":[{"embeddable":true,"href":"https:\/\/edublog.educastur.es\/ixuxu\/wp-json\/wp\/v2\/users\/117"}],"replies":[{"embeddable":true,"href":"https:\/\/edublog.educastur.es\/ixuxu\/wp-json\/wp\/v2\/comments?post=70619"}],"version-history":[{"count":16,"href":"https:\/\/edublog.educastur.es\/ixuxu\/wp-json\/wp\/v2\/posts\/70619\/revisions"}],"predecessor-version":[{"id":71075,"href":"https:\/\/edublog.educastur.es\/ixuxu\/wp-json\/wp\/v2\/posts\/70619\/revisions\/71075"}],"wp:attachment":[{"href":"https:\/\/edublog.educastur.es\/ixuxu\/wp-json\/wp\/v2\/media?parent=70619"}],"wp:term":[{"taxonomy":"category","embeddable":true,"href":"https:\/\/edublog.educastur.es\/ixuxu\/wp-json\/wp\/v2\/categories?post=70619"},{"taxonomy":"post_tag","embeddable":true,"href":"https:\/\/edublog.educastur.es\/ixuxu\/wp-json\/wp\/v2\/tags?post=70619"}],"curies":[{"name":"wp","href":"https:\/\/api.w.org\/{rel}","templated":true}]}}