{"id":71088,"date":"2026-04-07T11:40:42","date_gmt":"2026-04-07T09:40:42","guid":{"rendered":"https:\/\/edublog.educastur.es\/ixuxu\/?p=71088"},"modified":"2026-04-11T20:43:45","modified_gmt":"2026-04-11T18:43:45","slug":"xxiii-saca-la-llingua","status":"publish","type":"post","link":"https:\/\/edublog.educastur.es\/ixuxu\/2026\/04\/xxiii-saca-la-llingua\/","title":{"rendered":"XXIII Saca la Llingua"},"content":{"rendered":"<p style=\"text-align: center\"><span class=\"x193iq5w xeuugli x13faqbe x1vvkbs xt0psk2 x1i0vuye xvs91rp xo1l8bm x5n08af x10wh9bi xpm28yp x8viiok x1o7cslx x126k92a\"><span class=\"html-span xexx8yu x4uap5 x18d9i69 xkhd6sd x1hl2dhg x16tdsg8 x1vvkbs x3nfvp2 x1j61x8r x1fcty0u xdj266r xat24cr xgzva0m xhhsvwb xxymvpz xlup9mm x1kky2od\">\n<!-- iframe plugin v.6.0 wordpress.org\/plugins\/iframe\/ -->\n<iframe loading=\"lazy\" src=\"https:\/\/www.instagram.com\/p\/DW0v3OFjGmw\/embed\" width=\"600\" height=\"595\" 0=\"\/iframe\" scrolling=\"yes\" class=\"iframe-class\" frameborder=\"0\"><\/iframe>\n<\/span><\/span><\/p>\n<p><span style=\"color: #ffff99\"><em>|<strong>La llingua toma la pallabra<\/strong><\/em><\/span><br \/>\n<span style=\"color: #ffff99\"><em>El 9 d\u2019abril de 2026 cel\u00e9brense los XXIII Alcuentros de la Moced\u00e1 cola Llingua na Universid\u00e1 Llaboral de Xix\u00f3n \ud83d\udde3\ufe0f\u2728<\/em><\/span><\/p>\n<p><!--more--><\/p>\n<p><span style=\"color: #ffff99\">Un espaciu pa compartir idees, esperiencies y propuestes alredor del presente y el futuru de la llingua asturiana, con protagonismu pa la moced\u00e1.<\/span><\/p>\n<p><span style=\"color: #ffff99\">Estos alcuentros convi\u00e9rtense cada a\u00f1u nun puntu d\u2019alcuentru pa:<\/span><\/p>\n<ul>\n<li><span style=\"color: #ffff99\">\ud83d\udcac reflexonar sobre l\u2019usu del asturianu<\/span><\/li>\n<li><span style=\"color: #ffff99\">\ud83e\udd1d crear rede ente persones y coleutivos<\/span><\/li>\n<li><span style=\"color: #ffff99\">\ud83c\udf31 impulsar nuevos proyeutos<\/span><br \/>\n<span style=\"color: #ffff99\">\ud83c\udfa4 dar voz a la moced\u00e1<\/span><span style=\"color: #ffff99\">Una cita importante pa siguir faciendo visible la llingua nos espacios culturales y educativos.<\/span><\/p>\n<p><span style=\"color: #ffff99\">\ud83d\udcac\u00bfVas dir? \u00bfParticipasti dalguna vegada?<\/span><\/li>\n<\/ul>\n","protected":false},"excerpt":{"rendered":"<p>|La llingua toma la pallabra El 9 d\u2019abril de 2026 cel\u00e9brense los XXIII Alcuentros de la Moced\u00e1 cola Llingua na Universid\u00e1 Llaboral de Xix\u00f3n \ud83d\udde3\ufe0f\u2728<\/p>\n","protected":false},"author":117,"featured_media":0,"comment_status":"closed","ping_status":"closed","sticky":false,"template":"","format":"aside","meta":{"footnotes":""},"categories":[88],"tags":[],"class_list":["post-71088","post","type-post","status-publish","format-aside","hentry","category-o-llinguistica-xixon","post_format-post-format-aside"],"_links":{"self":[{"href":"https:\/\/edublog.educastur.es\/ixuxu\/wp-json\/wp\/v2\/posts\/71088","targetHints":{"allow":["GET"]}}],"collection":[{"href":"https:\/\/edublog.educastur.es\/ixuxu\/wp-json\/wp\/v2\/posts"}],"about":[{"href":"https:\/\/edublog.educastur.es\/ixuxu\/wp-json\/wp\/v2\/types\/post"}],"author":[{"embeddable":true,"href":"https:\/\/edublog.educastur.es\/ixuxu\/wp-json\/wp\/v2\/users\/117"}],"replies":[{"embeddable":true,"href":"https:\/\/edublog.educastur.es\/ixuxu\/wp-json\/wp\/v2\/comments?post=71088"}],"version-history":[{"count":5,"href":"https:\/\/edublog.educastur.es\/ixuxu\/wp-json\/wp\/v2\/posts\/71088\/revisions"}],"predecessor-version":[{"id":71487,"href":"https:\/\/edublog.educastur.es\/ixuxu\/wp-json\/wp\/v2\/posts\/71088\/revisions\/71487"}],"wp:attachment":[{"href":"https:\/\/edublog.educastur.es\/ixuxu\/wp-json\/wp\/v2\/media?parent=71088"}],"wp:term":[{"taxonomy":"category","embeddable":true,"href":"https:\/\/edublog.educastur.es\/ixuxu\/wp-json\/wp\/v2\/categories?post=71088"},{"taxonomy":"post_tag","embeddable":true,"href":"https:\/\/edublog.educastur.es\/ixuxu\/wp-json\/wp\/v2\/tags?post=71088"}],"curies":[{"name":"wp","href":"https:\/\/api.w.org\/{rel}","templated":true}]}}