{"id":714,"date":"2020-04-23T11:46:18","date_gmt":"2020-04-23T11:46:18","guid":{"rendered":"https:\/\/edublog.educastur.es\/ixuxu\/?p=714"},"modified":"2020-08-24T22:48:21","modified_gmt":"2020-08-24T22:48:21","slug":"poemas-y-llibros-perguapos","status":"publish","type":"post","link":"https:\/\/edublog.educastur.es\/ixuxu\/2020\/04\/poemas-y-llibros-perguapos\/","title":{"rendered":"Poemas y llibros \u201cperguapos\u201d"},"content":{"rendered":"<div id=\"post-233\" class=\"post\"><small class=\"date\">  <\/small><\/p>\n<div class=\"entry\">\n<p><a href=\"http:\/\/www.grupuepona.com\" target=\"_blank\" rel=\"noopener noreferrer\"><span style=\"color: #008000\"><em><strong>www.grupuepona.com<\/strong><\/em><\/span><\/a><br \/>\nAsociaci\u00f3n Cultural ensin animu lucro.<br \/>\n<a href=\"https:\/\/www.facebook.com\/grupuepona\" target=\"_blank\" rel=\"noopener noreferrer\"><em>P\u00e1xina en Facebook.<\/em><\/a><\/p>\n<p>A\u00f1adimos al <span style=\"color: #008000\"><strong>Grupu Epona <\/strong><\/span>a nuestra barra lateral de sitios encametaos visitar. Asina, la reciella pue atopalo\/visitalo con facilid\u00e1.<\/p>\n<ul>\n<li><a href=\"http:\/\/www.grupuepona.com\/descargues.html\" target=\"_blank\" rel=\"noopener noreferrer\">P\u00e1xina de descargues.<br \/>\n<\/a><\/li>\n<li><a href=\"http:\/\/www.grupuepona.com\/folletu-2.pdf\" target=\"_blank\" rel=\"noopener noreferrer\"><u><em>Descarga\u00b4l so folletu. <\/em><\/u><\/a><\/li>\n<\/ul>\n<p><strong><em><u>Gracies, Epona, polos vuesos recursos de baldre:<\/u><\/em><\/strong><\/p>\n<ul>\n<li>Llibru: <span style=\"color: #008000\"><strong><em><a href=\"https:\/\/drive.google.com\/file\/d\/1FAxXNlGWgr2KFmMsLaVseixsk48mjbFX\/view?usp=sharing\" target=\"_blank\" rel=\"noopener noreferrer\">Mitolox\u00eda Asturiana pala reciella<\/a><br \/>\n<\/em><\/strong>Helena Trexu Fombella<\/span><br \/>\nTen\u00e9moslu en clas. Descarga.<\/li>\n<li>Llibru: <a href=\"https:\/\/drive.google.com\/file\/d\/1L-W8chZ2ySbgTylIoJdab3KW4rAliSef\/view?usp=sharing\" target=\"_blank\" rel=\"noopener noreferrer\"><span style=\"color: #008000\"><em><strong>Llara quier ser astr\u00f3noma. <\/strong><\/em><\/span>Descarga<\/a><br \/>\n<span style=\"color: #008000\">Helena Trexu Fombella<\/span><\/li>\n<li>Llibru: <a href=\"https:\/\/drive.google.com\/file\/d\/1KXZ2VUwpDN1iuO9CYWliJvltPZzyn3lY\/view?usp=sharing\" target=\"_blank\" rel=\"noopener noreferrer\"><span style=\"color: #008000\"><strong><em>Po\u00e9tica de muyeres 2014.<\/em><\/strong><\/span> Descarga<\/a><br \/>\n<span style=\"color: #008000\">Helena Trexu Fombella<br \/>\n<span style=\"color: #ffffff\">\u2026\u2026<\/span><\/span><br \/>\n<span style=\"color: #ffffff\">\u2026\u2026\u2026\u2026\u2026<\/span><\/li>\n<li>Cuentu: <a href=\"http:\/\/www.grupuepona.com\/esguil.html\" target=\"_blank\" rel=\"noopener noreferrer\"><span style=\"color: #008000\"><strong><u><em>L\u00b4esguil m\u00fasicu.<\/em><\/u><\/strong><span style=\"color: #000000\">Lleer.<\/span><\/span><\/a><\/li>\n<li><span style=\"color: #008000\"><span style=\"color: #000000\">Cuentu: <\/span><strong><u><em><a href=\"http:\/\/www.grupuepona.com\/mazana.html\" target=\"_blank\" rel=\"noopener noreferrer\">El sua\u00f1u la mazana.<\/a><\/em><\/u><\/strong><span style=\"color: #000000\"><a href=\"http:\/\/www.grupuepona.com\/mazana.html\" target=\"_blank\" rel=\"noopener noreferrer\"> Lleer<\/a><\/span><strong><u><em><a href=\"http:\/\/www.grupuepona.com\/mazana.html\" target=\"_blank\" rel=\"noopener noreferrer\"><br \/>\n<\/a><\/em><\/u><\/strong><\/span><\/li>\n<li><span style=\"color: #008000\"><span style=\"color: #000000\">Cuentu: <a href=\"http:\/\/www.grupuepona.com\/salgueru.html\" target=\"_blank\" rel=\"noopener noreferrer\"><strong><em>El salgueru<\/em><\/strong><\/a>. Lleer<\/span><\/span><\/li>\n<li><span style=\"color: #008000\"><span style=\"color: #000000\">Cuentu: <a href=\"http:\/\/www.grupuepona.com\/maguestu.html\" target=\"_blank\" rel=\"noopener noreferrer\"><em><strong>El mag\u00fcestu, la xana y el trasgu. <\/strong><\/em><\/a>Lleer<\/span><\/span><\/li>\n<li><span style=\"color: #008000\"><span style=\"color: #000000\">Cuentu: <a href=\"http:\/\/www.grupuepona.com\/xanina.html\" target=\"_blank\" rel=\"noopener noreferrer\"><em><strong>La xanina que deprendi\u00f3 andar en bicicleta. <\/strong><\/em><\/a><\/span><\/span><\/li>\n<li><span style=\"color: #008000\"><span style=\"color: #000000\">Cuentu:<em><strong><a href=\"http:\/\/www.grupuepona.com\/gatinos.html\" target=\"_blank\" rel=\"noopener noreferrer\"> Los gatinos ecoloxistes.<br \/>\n<\/a><\/strong><\/em><\/span><\/span><\/li>\n<li><span style=\"color: #008000\"><span style=\"color: #000000\">Cuentu: <a href=\"http:\/\/www.grupuepona.com\/casina.html\" target=\"_blank\" rel=\"noopener noreferrer\"><em><strong>La casina trabayadora<\/strong><\/em><\/a><\/span><\/span><\/li>\n<li><span style=\"color: #008000\"><span style=\"color: #000000\"><em>Cuentu:<strong> <a href=\"http:\/\/www.grupuepona.com\/yule.html\" target=\"_blank\" rel=\"noopener noreferrer\">Yule<\/a><\/strong><\/em><\/span><\/span><\/li>\n<\/ul>\n<p><!--more--><\/p>\n<p>Preciosos poemes de <a title=\"Helena Trexu Fombella\" href=\"https:\/\/www.facebook.com\/helena.trexu?__tn__=%2CdK-R-R&amp;eid=ARBjbYvLgpqoyiZLFfqHySIf5tXH1AFqiHYkOTf0jVRYFLvRc0lH3ABGpscN3xcONWb14xc2KhbiC4nE&amp;fref=mentions\">Helena Trexu Fombella<\/a><em><strong><span style=\"color: #008000\">\u00a0<\/span><\/strong><\/em><span style=\"color: #ffffff\">\u00a0\u2026\u2026\u2026\u2026\u2026\u2026\u2026\u2026\u2026\u2026\u2026\u2026\u2026\u2026\u2026\u2026\u2026\u2026\u2026\u2026\u2026\u2026\u2026\u2026\u2026\u2026\u2026\u2026\u2026\u2026\u2026<\/span><em><strong><span style=\"color: #008000\">\u201cACABACI\u00d3N DE LA VELEA\u201d<br \/>\n<\/span><\/strong><\/em><\/p>\n<p>Cuando la escuela s\u2019enllene<br \/>\nde voces infantiles.<br \/>\nCuando l\u2019institutu<br \/>\ny la Universid\u00e1<br \/>\nabran les puertes<br \/>\nde la sabencia.<\/p>\n<p>Cuando homes y muyeres<br \/>\nsurfistes<br \/>\ncalquen na tabla<br \/>\nenriba la mar nidio.<br \/>\nCuando vuelvan los conciertos<br \/>\nles charres ya alderiques.<\/p>\n<p>Cuando abran les llibrer\u00edes<br \/>\ny les galer\u00edes d\u2019arte,<br \/>\nlos museos ya esposiciones.Cuando vuelvan rodar les bicicletes<br \/>\ny los paseos a la vera la mar.<br \/>\nCuando\u2019l personal sanitariu<br \/>\nrecupere\u2019l so llex\u00edtimu descansu.<\/p>\n<p>Cuando la nuesa sidra<br \/>\nespalme otra vuelta<br \/>\nenllenando los chigres de gayola.<\/p>\n<p>Cuando la normalid\u00e1 s\u00eda un fechu<br \/>\ndibuxaremos a comu\u00f1a<br \/>\nsorrisa entero.<\/p>\n<p><span style=\"color: #008000\"><strong><em>\u201cABRIL SOLOMBRIEGU\u201d<\/em><\/strong><\/span><\/p>\n<p><em>Amortez Abril<br \/>\nembaxo una plaga b\u00edblica,<br \/>\nvirus mam\u00edferu<br \/>\no arma biol\u00f3xica.<\/em><\/p>\n<p><em>Amortez Abril<br \/>\ncuando fueya verde<br \/>\ntr\u00f3case sombreru<br \/>\nnos \u00e1rboles<br \/>\ny les margarines<br \/>\nufren sorrisa entero.<\/em><\/p>\n<p><em>Amortez Abril<br \/>\ncuando la muerte<br \/>\nafuega la vida.<\/em><\/p>\n<p>&nbsp;<\/p>\n<\/div>\n<\/div>\n","protected":false},"excerpt":{"rendered":"<p>www.grupuepona.com Asociaci\u00f3n Cultural ensin animu lucro. P\u00e1xina en Facebook. A\u00f1adimos al Grupu Epona a nuestra barra lateral de sitios encametaos visitar. Asina, la reciella pue atopalo\/visitalo con facilid\u00e1. P\u00e1xina de descargues. Descarga\u00b4l so folletu. Gracies, Epona, polos vuesos recursos de baldre: Llibru: Mitolox\u00eda Asturiana pala reciella Helena Trexu Fombella Ten\u00e9moslu en clas. Descarga. Llibru: Llara [&hellip;]<\/p>\n","protected":false},"author":117,"featured_media":0,"comment_status":"closed","ping_status":"open","sticky":false,"template":"","format":"standard","meta":{"footnotes":""},"categories":[12,10,39],"tags":[],"class_list":["post-714","post","type-post","status-publish","format-standard","hentry","category-editoriales","category-llibros-reciella","category-poesia"],"_links":{"self":[{"href":"https:\/\/edublog.educastur.es\/ixuxu\/wp-json\/wp\/v2\/posts\/714","targetHints":{"allow":["GET"]}}],"collection":[{"href":"https:\/\/edublog.educastur.es\/ixuxu\/wp-json\/wp\/v2\/posts"}],"about":[{"href":"https:\/\/edublog.educastur.es\/ixuxu\/wp-json\/wp\/v2\/types\/post"}],"author":[{"embeddable":true,"href":"https:\/\/edublog.educastur.es\/ixuxu\/wp-json\/wp\/v2\/users\/117"}],"replies":[{"embeddable":true,"href":"https:\/\/edublog.educastur.es\/ixuxu\/wp-json\/wp\/v2\/comments?post=714"}],"version-history":[{"count":2,"href":"https:\/\/edublog.educastur.es\/ixuxu\/wp-json\/wp\/v2\/posts\/714\/revisions"}],"predecessor-version":[{"id":716,"href":"https:\/\/edublog.educastur.es\/ixuxu\/wp-json\/wp\/v2\/posts\/714\/revisions\/716"}],"wp:attachment":[{"href":"https:\/\/edublog.educastur.es\/ixuxu\/wp-json\/wp\/v2\/media?parent=714"}],"wp:term":[{"taxonomy":"category","embeddable":true,"href":"https:\/\/edublog.educastur.es\/ixuxu\/wp-json\/wp\/v2\/categories?post=714"},{"taxonomy":"post_tag","embeddable":true,"href":"https:\/\/edublog.educastur.es\/ixuxu\/wp-json\/wp\/v2\/tags?post=714"}],"curies":[{"name":"wp","href":"https:\/\/api.w.org\/{rel}","templated":true}]}}