{"id":717,"date":"2020-04-23T09:48:55","date_gmt":"2020-04-23T09:48:55","guid":{"rendered":"https:\/\/edublog.educastur.es\/ixuxu\/?p=717"},"modified":"2020-08-24T22:51:30","modified_gmt":"2020-08-24T22:51:30","slug":"dia-del-llibru-mensaxe-de-la-unesco","status":"publish","type":"post","link":"https:\/\/edublog.educastur.es\/ixuxu\/2020\/04\/dia-del-llibru-mensaxe-de-la-unesco\/","title":{"rendered":"D\u00eda del llibru: Mensaxe de la UNESCO"},"content":{"rendered":"<div class=\"entry\">\n<p><span style=\"color: #800000\"><em>\u00a0<\/em><\/span><strong><span style=\"color: #800000\"><em>\u00bfPor qu\u00e9 la llectura ye m\u00e1s importante agora que nunca? <\/em><\/span><br \/>\n<\/strong><br \/>\nM\u00e1s que nunca, nun momentu nel que la mayor\u00eda de les escueles de too el mundu t\u00e1n cerraes y tenemos de quedanos en casa, <span style=\"color: #800000\"><u>podemos usa el poder de la llectura para combatir l\u2019aislamientu, estrechar los venceyos ente les persones, espandir los nuesos horizontes, al empar qu\u2019aguiyamos les nueses mentes y la nuesa creativid\u00e1.<\/u><\/span><\/p>\n<p>Mientres el mes d\u2019abril y mientres tol a\u00f1u, ye fundamental tomase\u2019l tiempu pa lleer solu o colos ne\u00f1os. Ye un motivu pa celebrar la importancia de la llectura, fomentar la crecedera de los ne\u00f1os y ne\u00f1es como llectores y <span style=\"color: #800000\"><u>promover l\u2019amor a la lliteratura<\/u><\/span>.<\/p>\n<p>Al travi\u00e9s de la llectura y la celebraci\u00f3n d\u00b4esti d\u00eda podemos <u><span style=\"color: #800000\">abrinos a los dem\u00e1s a pesar de la distancia, y viaxar gracies a la imaxinaci\u00f3n<\/span><\/u>.<\/p>\n<p>Del 1 al 23 d\u2019abril, la UNESCO va compartir cites, poemes y mensaxes pa simbolizar el poder de los llibros y fomentar la llectura.<\/p>\n<p>El <u><span style=\"color: #800000\">D\u00eda Mundial del Llibru y del Derechu d\u2019Autor\u00a0 <\/span><\/u>ye xuna celebraci\u00f3n pa promover l\u2019esfrute de los llibros y de la llectura. Cada 23 d\u2019abril, asoc\u00e9dense<br \/>\ncelebraciones en tol mundu pa dar a conocer el poder m\u00e1xico de los llibros \u2013un nexu ente\u2019l pas\u00e1u y el futuru, una ponte ente xeneraciones y distintes<br \/>\ncultures\u2026<\/p>\n<p>Proclamada pola Conferencia Xeneral de la UNESCO en 1995, esta fecha simb\u00f3lica de la lliteratura universal coincide cola de la desapaici\u00f3n de los escritores W. Shakespeare, Miguel de Cervantes y l\u2019Inca Garcilaso de la Vega. Esti d\u00eda rinde homenaxe a los llibros y a #el autores y fomenta l\u2019accesu a la llectura pal mayor n\u00famberu posible de persones. <span style=\"color: #800000\"><u>Tescendiendo les fronteres f\u00edsiques, el llibru representa xuna de les invenciones m\u00e1s belles pa compartir idees y encarna un pres\u00e9u eficaz pa lluchar contra la probeza y construyir una paz sostenible.<\/u><\/span><\/p>\n<p>La UNESCO sofita la creativid\u00e1, la diversid\u00e1 y l\u2019iguald\u00e1 d\u2019accesu a la conocenciasobremanera al travi\u00e9s de la so Rede de Ciudaes Creatives de la Lliteratura, la promoci\u00f3n de l\u2019alfabetizaci\u00f3n, l\u2019aprendizaxe m\u00f3vil y el llibre accesu a los conten\u00edos cient\u00edficos y los recursos educativos.<\/p>\n<p><a href=\"https:\/\/es.unesco.org\/commemorations\/worldbookday publicaci\u00f3n del 12\/04\/2020\" target=\"_blank\" rel=\"noopener noreferrer\">Informaci\u00f3n de la UNESCO<\/a><\/p>\n<blockquote>\n<div id=\"site-slogan\" class=\"col\">\n<p class=\"lead\"><span style=\"font-size: 20px\"><em>Construir la paz en la mente de los hombres y de las mujeres<\/em><\/span><\/p>\n<\/div>\n<\/blockquote>\n<\/div>\n","protected":false},"excerpt":{"rendered":"<p>\u00a0\u00bfPor qu\u00e9 la llectura ye m\u00e1s importante agora que nunca? M\u00e1s que nunca, nun momentu nel que la mayor\u00eda de les escueles de too el mundu t\u00e1n cerraes y tenemos de quedanos en casa, podemos usa el poder de la llectura para combatir l\u2019aislamientu, estrechar los venceyos ente les persones, espandir los nuesos horizontes, al [&hellip;]<\/p>\n","protected":false},"author":117,"featured_media":0,"comment_status":"closed","ping_status":"open","sticky":false,"template":"","format":"standard","meta":{"footnotes":""},"categories":[6,43],"tags":[],"class_list":["post-717","post","type-post","status-publish","format-standard","hentry","category-dia-de","category-mensaxes"],"_links":{"self":[{"href":"https:\/\/edublog.educastur.es\/ixuxu\/wp-json\/wp\/v2\/posts\/717","targetHints":{"allow":["GET"]}}],"collection":[{"href":"https:\/\/edublog.educastur.es\/ixuxu\/wp-json\/wp\/v2\/posts"}],"about":[{"href":"https:\/\/edublog.educastur.es\/ixuxu\/wp-json\/wp\/v2\/types\/post"}],"author":[{"embeddable":true,"href":"https:\/\/edublog.educastur.es\/ixuxu\/wp-json\/wp\/v2\/users\/117"}],"replies":[{"embeddable":true,"href":"https:\/\/edublog.educastur.es\/ixuxu\/wp-json\/wp\/v2\/comments?post=717"}],"version-history":[{"count":2,"href":"https:\/\/edublog.educastur.es\/ixuxu\/wp-json\/wp\/v2\/posts\/717\/revisions"}],"predecessor-version":[{"id":719,"href":"https:\/\/edublog.educastur.es\/ixuxu\/wp-json\/wp\/v2\/posts\/717\/revisions\/719"}],"wp:attachment":[{"href":"https:\/\/edublog.educastur.es\/ixuxu\/wp-json\/wp\/v2\/media?parent=717"}],"wp:term":[{"taxonomy":"category","embeddable":true,"href":"https:\/\/edublog.educastur.es\/ixuxu\/wp-json\/wp\/v2\/categories?post=717"},{"taxonomy":"post_tag","embeddable":true,"href":"https:\/\/edublog.educastur.es\/ixuxu\/wp-json\/wp\/v2\/tags?post=717"}],"curies":[{"name":"wp","href":"https:\/\/api.w.org\/{rel}","templated":true}]}}