{"id":71983,"date":"2026-04-17T09:00:19","date_gmt":"2026-04-17T07:00:19","guid":{"rendered":"https:\/\/edublog.educastur.es\/ixuxu\/?p=71983"},"modified":"2026-04-19T13:12:48","modified_gmt":"2026-04-19T11:12:48","slug":"dia-dapreciacion-de-los-esperteyos-2","status":"publish","type":"post","link":"https:\/\/edublog.educastur.es\/ixuxu\/2026\/04\/dia-dapreciacion-de-los-esperteyos-2\/","title":{"rendered":"D\u00eda d&#8217;apreciaci\u00f3n de los esperteyos"},"content":{"rendered":"<p style=\"text-align: center\"><span class=\"x193iq5w xeuugli x13faqbe x1vvkbs x1xmvt09 x1lliihq x1s928wv xhkezso x1gmr53x x1cpjm7i x1fgarty x1943h6x xudqn12 x3x7a5m x1f6kntn xvq8zen xo1l8bm xzsf02u\" dir=\"auto\"><span class=\"x193iq5w xeuugli x13faqbe x1vvkbs xt0psk2 x1i0vuye xvs91rp xo1l8bm x5n08af x10wh9bi xpm28yp x8viiok x1o7cslx x126k92a\"><span class=\"html-span xexx8yu x4uap5 x18d9i69 xkhd6sd x1hl2dhg x16tdsg8 x1vvkbs x3nfvp2 x1j61x8r x1fcty0u xdj266r xat24cr xgzva0m xhhsvwb xxymvpz xlup9mm x1kky2od\">\n<!-- iframe plugin v.6.0 wordpress.org\/plugins\/iframe\/ -->\n<iframe loading=\"lazy\" src=\"https:\/\/www.instagram.com\/p\/DXObA_yiLyy\/embed\" width=\"520\" height=\"690\" 0=\"\/iframe\" scrolling=\"yes\" class=\"iframe-class\" frameborder=\"0\"><\/iframe>\n<\/span><\/span><\/span><\/p>\n<p>Los esperteyos \ud83e\udd87 <span style=\"text-decoration: underline\">son clave para l&#8217;equilibriu de los ecosistemes:<\/span><\/p>\n<p>\ud83c\udf31 Esvalixen granes<br \/>\n\ud83c\udf3c Polinizan plantes<br \/>\n\ud83e\udd9f Controlen plagues<\/p>\n<p>Con 29 especies, son el grupu de mam\u00edferos m\u00e1s diversu de la pen\u00ednsula ib\u00e9rica.<a class=\"x1i10hfl xjbqb8w x1ejq31n x18oe1m7 x1sy0etr xstzfhl x972fbf x10w94by x1qhh985 x14e42zd x9f619 x1ypdohk xt0psk2 x3ct3a4 xdj266r x14z9mp xat24cr x1lziwak xexx8yu xyri2b x18d9i69 x1c1uobl x16tdsg8 x1hl2dhg xggy1nq x1a2a7pz _aa9_ _a6hd\" role=\"link\" href=\"https:\/\/www.instagram.com\/explore\/tags\/d%C3%ADadeapreciaci%C3%B3ndelosmurci%C3%A9lagos\/\">#D\u00edaDeApreciaci\u00f3nDeLosMurci\u00e9lagos<\/a><\/p>\n<p><!--more--><\/p>\n<p>Esperteyos, aliaos esenciales para la segurid\u00e1 alimentaria. La so presencia ye clave para caltener sistemes agr\u00edcoles y ecosistemes capaces d&#8217;afaese meyor a cambeos y desequilibrios. Protexelos significa asegurar alimentos g\u00fcei y tami\u00e9n ma\u00f1ana \ud83e\udd87\ud83c\udf3e<\/p>\n<p style=\"text-align: center\"><span class=\"x193iq5w xeuugli x13faqbe x1vvkbs x1xmvt09 x1lliihq x1s928wv xhkezso x1gmr53x x1cpjm7i x1fgarty x1943h6x xudqn12 x3x7a5m x1f6kntn xvq8zen xo1l8bm xzsf02u\" dir=\"auto\"><span class=\"x193iq5w xeuugli x13faqbe x1vvkbs xt0psk2 x1i0vuye xvs91rp xo1l8bm x5n08af x10wh9bi xpm28yp x8viiok x1o7cslx x126k92a\"><span class=\"html-span xexx8yu x4uap5 x18d9i69 xkhd6sd x1hl2dhg x16tdsg8 x1vvkbs x3nfvp2 x1j61x8r x1fcty0u xdj266r xat24cr xgzva0m xhhsvwb xxymvpz xlup9mm x1kky2od\">\n<!-- iframe plugin v.6.0 wordpress.org\/plugins\/iframe\/ -->\n<iframe loading=\"lazy\" src=\"https:\/\/www.instagram.com\/p\/DXPOVqjDbiS\/embed\" width=\"520\" height=\"690\" 0=\"\/iframe\" scrolling=\"yes\" class=\"iframe-class\" frameborder=\"0\"><\/iframe>\n<\/span><\/span><\/span><\/p>\n<p>El 17 d&#8217;abril celebra&#8217;l D\u00eda d&#8217;Apreciaci\u00f3n de los Esperteyos<strong> para reconocer la incalculable funci\u00f3n ecol\u00f3xica d&#8217;estos fascinantes animales, seg\u00fan crear conciencia na poblaci\u00f3n sobro la so importancia y caltenimientu.<\/strong><\/p>\n<p><strong>Angua\u00f1o con\u00f3cense m\u00e1s de 1.400 especies d&#8217;esperteyos<\/strong>, distribuy\u00edes en tolos continentes y ecosistemes del mundu, quitando l&#8217;Ant\u00e1rtida. Representen cerca del 25% de los mam\u00edferos del planeta. Podemos atopar 29 d&#8217;eses especies na pen\u00ednsula ib\u00e9rica, siendo asina&#8217;l grupu de mam\u00edferos m\u00e1s diversu.<\/p>\n<p style=\"text-align: center\">\n<!-- iframe plugin v.6.0 wordpress.org\/plugins\/iframe\/ -->\n<iframe loading=\"lazy\" src=\"https:\/\/www.facebook.com\/plugins\/post.php?href=https%3A%2F%2Fwww.facebook.com%2Fphoto.php%3Ffbid%3D1364181599067160%26set%3Da.467140805437915%26type%3D3&#038;show_text=false&#038;width=500\" width=\"500\" height=\"704\" style=\"border:none;overflow:hidden\" scrolling=\"no\" frameborder=\"0\" allowfullscreen=\"true\" allow=\"autoplay; clipboard-write; encrypted-media; picture-in-picture; web-share\" 0=\"\/iframe\" class=\"iframe-class\"><\/iframe>\n<\/p>\n<p><strong>Estos animales xueguen un papel importante dende&#8217;l puntu de vista ecol\u00f3xicu, contribuyendo al equilibriu del mediu ambiente:<\/strong><\/p>\n<ul>\n<li>\u00a0Son polinizadores de munches especies de plantes y flores.<\/li>\n<li>\u00a0Ayuden a apangar les poblaciones d&#8217;insectos y peque\u00f1os vertebraos, controlando d&#8217;esta manera les plagues de l&#8217;agricultura, mosquitos y otros insectos.<\/li>\n<li>\u00a0Esvalixen granes en montes y selves.<\/li>\n<\/ul>\n<p><strong>L&#8217;amenorgamientu de les poblaciones d&#8217;esperteyos nel \u00faltimu sieglu foi rellacionada cola perda d&#8217;h\u00e1bitats, la espansi\u00f3n urbano y agr\u00edcola, y la contaminaci\u00f3n por pesticidas<\/strong>. Estes amenaces, sumaes a la baxa tasa de reproducci\u00f3n de la mayor\u00eda de les especies (polo xeneral, una cr\u00eda per a\u00f1u), amonten el riesgu d&#8217;estinci\u00f3n y compliquen la recuperaci\u00f3n de les poblaciones.<\/p>\n","protected":false},"excerpt":{"rendered":"<p>Los esperteyos \ud83e\udd87 son clave para l&#8217;equilibriu de los ecosistemes: \ud83c\udf31 Esvalixen granes \ud83c\udf3c Polinizan plantes \ud83e\udd9f Controlen plagues Con 29 especies, son el grupu de mam\u00edferos m\u00e1s diversu de la pen\u00ednsula ib\u00e9rica.#D\u00edaDeApreciaci\u00f3nDeLosMurci\u00e9lagos<\/p>\n","protected":false},"author":117,"featured_media":0,"comment_status":"closed","ping_status":"closed","sticky":false,"template":"","format":"standard","meta":{"footnotes":""},"categories":[6],"tags":[],"class_list":["post-71983","post","type-post","status-publish","format-standard","hentry","category-dia-de"],"_links":{"self":[{"href":"https:\/\/edublog.educastur.es\/ixuxu\/wp-json\/wp\/v2\/posts\/71983","targetHints":{"allow":["GET"]}}],"collection":[{"href":"https:\/\/edublog.educastur.es\/ixuxu\/wp-json\/wp\/v2\/posts"}],"about":[{"href":"https:\/\/edublog.educastur.es\/ixuxu\/wp-json\/wp\/v2\/types\/post"}],"author":[{"embeddable":true,"href":"https:\/\/edublog.educastur.es\/ixuxu\/wp-json\/wp\/v2\/users\/117"}],"replies":[{"embeddable":true,"href":"https:\/\/edublog.educastur.es\/ixuxu\/wp-json\/wp\/v2\/comments?post=71983"}],"version-history":[{"count":5,"href":"https:\/\/edublog.educastur.es\/ixuxu\/wp-json\/wp\/v2\/posts\/71983\/revisions"}],"predecessor-version":[{"id":72022,"href":"https:\/\/edublog.educastur.es\/ixuxu\/wp-json\/wp\/v2\/posts\/71983\/revisions\/72022"}],"wp:attachment":[{"href":"https:\/\/edublog.educastur.es\/ixuxu\/wp-json\/wp\/v2\/media?parent=71983"}],"wp:term":[{"taxonomy":"category","embeddable":true,"href":"https:\/\/edublog.educastur.es\/ixuxu\/wp-json\/wp\/v2\/categories?post=71983"},{"taxonomy":"post_tag","embeddable":true,"href":"https:\/\/edublog.educastur.es\/ixuxu\/wp-json\/wp\/v2\/tags?post=71983"}],"curies":[{"name":"wp","href":"https:\/\/api.w.org\/{rel}","templated":true}]}}