{"id":7225,"date":"2021-06-18T09:00:30","date_gmt":"2021-06-18T07:00:30","guid":{"rendered":"https:\/\/edublog.educastur.es\/ixuxu\/?p=7225"},"modified":"2021-06-13T19:17:27","modified_gmt":"2021-06-13T17:17:27","slug":"dia-internacional-del-sushi","status":"publish","type":"post","link":"https:\/\/edublog.educastur.es\/ixuxu\/2021\/06\/dia-internacional-del-sushi\/","title":{"rendered":"D\u00eda Internacional del Sushi"},"content":{"rendered":"<p style=\"text-align: center\"><a href=\"https:\/\/www.cucinare.tv\/wp-content\/uploads\/2019\/06\/D%C3%ADa-Internacional-del-Sushi.jpg\"><img loading=\"lazy\" decoding=\"async\" class=\"alignnone\" src=\"https:\/\/www.cucinare.tv\/wp-content\/uploads\/2019\/06\/D%C3%ADa-Internacional-del-Sushi.jpg\" alt=\"\" width=\"1280\" height=\"720\" \/><\/a><\/p>\n<p>El 18 de xunu celebra&#8217;l <span style=\"color: #008080\"><strong>D\u00eda Internacional del Sushi<\/strong><\/span> de manera estraoficial una y bones la fecha nun ta reconocida pola ONU. La iniciativa de celebrar el D\u00eda Internacional del Sushi foi de <strong>Chris DeMay<\/strong>, alministrador d&#8217;una p\u00e1xina de Facebook sobro \u00absushi\u00bb en 2009 que propunxo la fecha y tuvo muncho \u00e9situ a nivel mundial. DeMay que tuvo la idea d&#8217;escoyer esi d\u00eda en particular con cuenta de rindi-y homenaxe.<\/p>\n<p><!--more--><\/p>\n<p>Angua\u00f1o&#8217;l sushi ye un platu de moda na gastronom\u00eda internacional, pero&#8217;l so orixe ye bien antiguu. <span style=\"color: #008080\">Les primeres referencies daten del a\u00f1u 718 en China<\/span>. Pero aquella forma de preparar na antigua China, que non Xap\u00f3n, diverxen enforma de les actuales preparaciones.<\/p>\n<p style=\"text-align: center\"><a href=\"https:\/\/statics-cuidateplus.marca.com\/sites\/default\/files\/sushi.jpg\"><img loading=\"lazy\" decoding=\"async\" class=\"alignnone\" src=\"https:\/\/statics-cuidateplus.marca.com\/sites\/default\/files\/sushi.jpg\" alt=\"\" width=\"840\" height=\"420\" \/><\/a><\/p>\n<p>Angua\u00f1o ye unu de los platos m\u00e1s comunes en Xap\u00f3n y ta <strong><span style=\"color: #008080\">ellabor\u00e1u a base d&#8217;arroz coc\u00edo adob\u00e1u con vinagre d&#8217;arroz, azucre y sal.<\/span> <\/strong>Preparar en raciones pequenes, del tama\u00f1u d&#8217;un bocau y, seg\u00fan la forma qu&#8217;adopte y la relaci\u00f3n ente los sos ingredientes, tien un nome distintu.\u00a0 Pres\u00e9ntase <span style=\"color: #008080\">combin\u00e1u con otros ingredientes como pexes crudos, mariscos, verduras, etc.\u200b<\/span> \u200b\u200b Esti platu ye unu de los m\u00e1s reconoc\u00edos de la gastronom\u00eda xaponesa y unu de los m\u00e1s populares internacionalmente.\u200b<\/p>\n<p style=\"text-align: center\"><a href=\"https:\/\/cdn.website.dish.co\/media\/0e\/7c\/2367761\/Arigato-Sushi-Cordoba-CARTA-COLOR-MARZO-2020.jpg\"><img loading=\"lazy\" decoding=\"async\" class=\"alignnone\" src=\"https:\/\/cdn.website.dish.co\/media\/0e\/7c\/2367761\/Arigato-Sushi-Cordoba-CARTA-COLOR-MARZO-2020.jpg\" alt=\"\" width=\"3508\" height=\"2480\" \/><\/a><\/p>\n<p style=\"text-align: center\"><a href=\"https:\/\/www.enjoyasianrestaurant.com\/images\/Menu\/carta-espanol5.png\"><img loading=\"lazy\" decoding=\"async\" class=\"alignnone\" src=\"https:\/\/www.enjoyasianrestaurant.com\/images\/Menu\/carta-espanol5.png\" alt=\"\" width=\"1383\" height=\"2320\" \/><\/a><\/p>\n<p style=\"text-align: center\"><a href=\"https:\/\/www.misushitorredelmar.com\/img\/carta\/1.jpg\"><img loading=\"lazy\" decoding=\"async\" class=\"alignnone\" src=\"https:\/\/www.misushitorredelmar.com\/img\/carta\/1.jpg\" alt=\"\" width=\"1616\" height=\"1141\" \/><\/a><\/p>\n<p>&nbsp;<\/p>\n","protected":false},"excerpt":{"rendered":"<p>El 18 de xunu celebra&#8217;l D\u00eda Internacional del Sushi de manera estraoficial una y bones la fecha nun ta reconocida pola ONU. La iniciativa de celebrar el D\u00eda Internacional del Sushi foi de Chris DeMay, alministrador d&#8217;una p\u00e1xina de Facebook sobro \u00absushi\u00bb en 2009 que propunxo la fecha y tuvo muncho \u00e9situ a nivel mundial. [&hellip;]<\/p>\n","protected":false},"author":117,"featured_media":0,"comment_status":"open","ping_status":"open","sticky":false,"template":"","format":"standard","meta":{"footnotes":""},"categories":[6],"tags":[],"class_list":["post-7225","post","type-post","status-publish","format-standard","hentry","category-dia-de"],"_links":{"self":[{"href":"https:\/\/edublog.educastur.es\/ixuxu\/wp-json\/wp\/v2\/posts\/7225","targetHints":{"allow":["GET"]}}],"collection":[{"href":"https:\/\/edublog.educastur.es\/ixuxu\/wp-json\/wp\/v2\/posts"}],"about":[{"href":"https:\/\/edublog.educastur.es\/ixuxu\/wp-json\/wp\/v2\/types\/post"}],"author":[{"embeddable":true,"href":"https:\/\/edublog.educastur.es\/ixuxu\/wp-json\/wp\/v2\/users\/117"}],"replies":[{"embeddable":true,"href":"https:\/\/edublog.educastur.es\/ixuxu\/wp-json\/wp\/v2\/comments?post=7225"}],"version-history":[{"count":4,"href":"https:\/\/edublog.educastur.es\/ixuxu\/wp-json\/wp\/v2\/posts\/7225\/revisions"}],"predecessor-version":[{"id":7227,"href":"https:\/\/edublog.educastur.es\/ixuxu\/wp-json\/wp\/v2\/posts\/7225\/revisions\/7227"}],"wp:attachment":[{"href":"https:\/\/edublog.educastur.es\/ixuxu\/wp-json\/wp\/v2\/media?parent=7225"}],"wp:term":[{"taxonomy":"category","embeddable":true,"href":"https:\/\/edublog.educastur.es\/ixuxu\/wp-json\/wp\/v2\/categories?post=7225"},{"taxonomy":"post_tag","embeddable":true,"href":"https:\/\/edublog.educastur.es\/ixuxu\/wp-json\/wp\/v2\/tags?post=7225"}],"curies":[{"name":"wp","href":"https:\/\/api.w.org\/{rel}","templated":true}]}}