{"id":72270,"date":"2026-04-21T10:39:54","date_gmt":"2026-04-21T08:39:54","guid":{"rendered":"https:\/\/edublog.educastur.es\/ixuxu\/?p=72270"},"modified":"2026-04-21T10:42:10","modified_gmt":"2026-04-21T08:42:10","slug":"72270","status":"publish","type":"post","link":"https:\/\/edublog.educastur.es\/ixuxu\/2026\/04\/72270\/","title":{"rendered":"Promoci\u00f3n de la cultura sidrera na feria Ciderworld de Frankfurt"},"content":{"rendered":"<p style=\"text-align: center\"><a href=\"https:\/\/actualidad.asturias.es\/documents\/537115\/3194119\/Asturias_ECFrankfurt_02+%281%29.jpg\/a33e535f-a4b4-42a7-fff5-5ce86bd1e85c?t=1776689455516\"><img loading=\"lazy\" decoding=\"async\" class=\"aligncenter \" src=\"https:\/\/actualidad.asturias.es\/documents\/537115\/3194119\/Asturias_ECFrankfurt_02+%281%29.jpg\/a33e535f-a4b4-42a7-fff5-5ce86bd1e85c?t=1776689455516\" width=\"576\" height=\"705\" \/><\/a><\/p>\n<p>Turismu promociona la cultura sidrera na feria Ciderworld de Frankfurt para reforzar la proyecci\u00f3n internacional d&#8217;Asturies. \u00a0El Princip\u00e1u ampl\u00eda la so participaci\u00f3n nel eventu ya incorpora acciones promocionales na ciud\u00e1 alemana. <a href=\"https:\/\/actualidad.asturias.es\/-\/ciderworld0420?redirect=%2Fnoticias\">Actualid\u00e1<\/a><\/p>\n<p><!--more--><\/p>\n<p>Esta cita consol\u00eddase como un escaparate de referencia para amosar el potencial tur\u00edsticu, cultural y gastron\u00f3micu de la comunid\u00e1 en mercaos internacionales.<\/p>\n<p>El Princip\u00e1u reforz\u00f3 la so presencia nesta edici\u00f3n, na que combin\u00f3 la participaci\u00f3n nesti foru con acciones espec\u00edfiques n&#8217;espacios estrat\u00e9xicos de la ciud\u00e1 alemana, coles mires d&#8217;asitiar Asturies como dest\u00edn singular y competitivu, vencey\u00e1u a esperiencies aut\u00e9ntiques y a la so identid\u00e1 cultural. <strong>Asina s&#8217;espublizaron conten\u00edos audiovisuales na estaci\u00f3n central, unu de los puntos de mayor tr\u00e1nsitu, para poner en valor la sidra asturiano y el ritual del escanci\u00e1u.<\/strong><\/p>\n<p>&nbsp;<\/p>\n<p>Unu de los principales elementos d&#8217;atracci\u00f3n foi <strong>la reconocencia de la cultura sidrera asturiana como patrimoniu cultural inmaterial de la humanid\u00e1 pola UNESCO<\/strong>, un finxu que refuerza&#8217;l valor diferencial d&#8217;Asturies a nivel internacional. La distinci\u00f3n espert\u00f3 un notable inter\u00e9s ente&#8217;l p\u00fablicu asistente, xuntu con otros factores clave como <strong>la conectivid\u00e1 a\u00e9rea directa ente Frankfurt y Asturies.<\/strong><\/p>\n<p>L&#8217;espaciu d&#8217;informaci\u00f3n tur\u00edstica del Princip\u00e1u rexistr\u00f3 xuna elevada arribaci\u00f3n de visitantes, lo que confirma&#8217;l creciente inter\u00e9s per Asturies como dest\u00edn vencey\u00e1u a la naturaleza, la gastronom\u00eda y la cultura.<\/p>\n<p>Toes estes iniciatives enm\u00e1rquense nel plan de promoci\u00f3n de la cultura sidrera asturiana, impuls\u00e1u pol Gobiernu del Princip\u00e1u, qu&#8217;angua\u00f1o cunta con un presupuestu de 850.000 euros pa consolidar la sidra como exa estrat\u00e9xica de promoci\u00f3n tur\u00edstica y cultural,<strong> proxectando la imaxe d&#8217;Asturies nos principales mercaos europeos.<\/strong><\/p>\n","protected":false},"excerpt":{"rendered":"<p>Turismu promociona la cultura sidrera na feria Ciderworld de Frankfurt para reforzar la proyecci\u00f3n internacional d&#8217;Asturies. \u00a0El Princip\u00e1u ampl\u00eda la so participaci\u00f3n nel eventu ya incorpora acciones promocionales na ciud\u00e1 alemana. Actualid\u00e1<\/p>\n","protected":false},"author":117,"featured_media":0,"comment_status":"closed","ping_status":"closed","sticky":false,"template":"","format":"standard","meta":{"footnotes":""},"categories":[167,156],"tags":[],"class_list":["post-72270","post","type-post","status-publish","format-standard","hentry","category-feries","category-sidre"],"_links":{"self":[{"href":"https:\/\/edublog.educastur.es\/ixuxu\/wp-json\/wp\/v2\/posts\/72270","targetHints":{"allow":["GET"]}}],"collection":[{"href":"https:\/\/edublog.educastur.es\/ixuxu\/wp-json\/wp\/v2\/posts"}],"about":[{"href":"https:\/\/edublog.educastur.es\/ixuxu\/wp-json\/wp\/v2\/types\/post"}],"author":[{"embeddable":true,"href":"https:\/\/edublog.educastur.es\/ixuxu\/wp-json\/wp\/v2\/users\/117"}],"replies":[{"embeddable":true,"href":"https:\/\/edublog.educastur.es\/ixuxu\/wp-json\/wp\/v2\/comments?post=72270"}],"version-history":[{"count":4,"href":"https:\/\/edublog.educastur.es\/ixuxu\/wp-json\/wp\/v2\/posts\/72270\/revisions"}],"predecessor-version":[{"id":72274,"href":"https:\/\/edublog.educastur.es\/ixuxu\/wp-json\/wp\/v2\/posts\/72270\/revisions\/72274"}],"wp:attachment":[{"href":"https:\/\/edublog.educastur.es\/ixuxu\/wp-json\/wp\/v2\/media?parent=72270"}],"wp:term":[{"taxonomy":"category","embeddable":true,"href":"https:\/\/edublog.educastur.es\/ixuxu\/wp-json\/wp\/v2\/categories?post=72270"},{"taxonomy":"post_tag","embeddable":true,"href":"https:\/\/edublog.educastur.es\/ixuxu\/wp-json\/wp\/v2\/tags?post=72270"}],"curies":[{"name":"wp","href":"https:\/\/api.w.org\/{rel}","templated":true}]}}