{"id":7230,"date":"2021-06-13T19:20:24","date_gmt":"2021-06-13T17:20:24","guid":{"rendered":"https:\/\/edublog.educastur.es\/ixuxu\/?p=7230"},"modified":"2021-06-13T19:27:47","modified_gmt":"2021-06-13T17:27:47","slug":"feria-del-llibru-de-xixon-felixixon-2021","status":"publish","type":"post","link":"https:\/\/edublog.educastur.es\/ixuxu\/2021\/06\/feria-del-llibru-de-xixon-felixixon-2021\/","title":{"rendered":"Feria del Llibru de Xix\u00f3n FeliXix\u00f3n 2021"},"content":{"rendered":"<p style=\"text-align: center\"><a href=\"https:\/\/i2.wp.com\/pintarpintareditorial.blog\/wp-content\/uploads\/2021\/06\/My-Post-1-1.png?resize=1536%2C864&amp;ssl=1\"><img loading=\"lazy\" decoding=\"async\" class=\"alignnone\" src=\"https:\/\/i2.wp.com\/pintarpintareditorial.blog\/wp-content\/uploads\/2021\/06\/My-Post-1-1.png?resize=1536%2C864&amp;ssl=1\" alt=\"\" width=\"596\" height=\"335\" \/><\/a><\/p>\n<p>Un a\u00f1u m\u00e1s,<span style=\"color: #008080\"><strong> del 17 al 20 de xunu<\/strong><\/span>, vamos tar presentes na <span style=\"color: #008080\"><strong>Feria del Llibru de Xix\u00f3n FeliXix\u00f3n<\/strong><\/span> <strong><span style=\"color: #008080\">2021<\/span><\/strong>, xuntu con otres 52 caseta de llibrer\u00edes y editoriales, entam\u00e1u pol <span style=\"text-decoration: underline\">Conceyu de Xix\u00f3n y la Fundaci\u00f3n Municipal de Cultura<\/span>. Un espaciu d&#8217;intercambiu cultural y econ\u00f3micu col doble oxetivu de favorecer el comerciu del llibru y promover la llectura ente la ciudadan\u00eda.<\/p>\n<ul>\n<li><a href=\"https:\/\/www.gijon.es\/es\/eventos\/feria-del-libro-de-gijonxixon\" target=\"_blank\" rel=\"noreferrer noopener\">Feria del Libro de Xix\u00f3n FeliXix\u00f3n 2021<\/a><\/li>\n<li><a href=\"https:\/\/www.pintar-pintar.com\/\"><span style=\"color: #008080\"><strong>Pintar-Pintar Editoial<\/strong> <\/span><\/a>\/ <a href=\"https:\/\/pintarpintareditorial.blog\/\">BLOG<\/a> \/ <a href=\"https:\/\/pintarpintareditorial.blog\/2021\/06\/13\/pintar-pintar-en-la-felixixon-2021-calendario-de-firmas-y-presentaciones\/\">Firma autores<\/a> \/ <a href=\"https:\/\/www.pintar-pintar.com\/b12246-nubetecas.html\">NUBETECA<\/a><\/li>\n<\/ul>\n<p><!--more--><\/p>\n<p><a href=\"https:\/\/i0.wp.com\/pintarpintareditorial.blog\/wp-content\/uploads\/2021\/06\/PoemasPista.png?resize=1536%2C864&amp;ssl=1\"><img loading=\"lazy\" decoding=\"async\" class=\"alignnone\" src=\"https:\/\/i0.wp.com\/pintarpintareditorial.blog\/wp-content\/uploads\/2021\/06\/PoemasPista.png?resize=1536%2C864&amp;ssl=1\" alt=\"\" width=\"1536\" height=\"864\" \/><\/a><\/p>\n<p>&nbsp;<\/p>\n<p style=\"text-align: center\"><a href=\"https:\/\/i2.wp.com\/pintarpintareditorial.blog\/wp-content\/uploads\/2021\/06\/PP.jpeg?resize=1536%2C864&amp;ssl=1\"><img loading=\"lazy\" decoding=\"async\" class=\"alignnone\" src=\"https:\/\/i2.wp.com\/pintarpintareditorial.blog\/wp-content\/uploads\/2021\/06\/PP.jpeg?resize=1536%2C864&amp;ssl=1\" alt=\"\" width=\"1536\" height=\"864\" \/><\/a><\/p>\n<p style=\"text-align: center\"><a href=\"https:\/\/scontent.fmad7-1.fna.fbcdn.net\/v\/t1.6435-9\/131362357_10159778208089524_3395015293091036621_n.jpg?_nc_cat=101&amp;ccb=1-3&amp;_nc_sid=730e14&amp;_nc_ohc=fWW5J8tKPQIAX_Q0KjQ&amp;_nc_ht=scontent.fmad7-1.fna&amp;oh=8e079724ce94133ac9702aaff748b6a8&amp;oe=60CBD32F\"><img loading=\"lazy\" decoding=\"async\" class=\"alignnone\" src=\"https:\/\/scontent.fmad7-1.fna.fbcdn.net\/v\/t1.6435-9\/131362357_10159778208089524_3395015293091036621_n.jpg?_nc_cat=101&amp;ccb=1-3&amp;_nc_sid=730e14&amp;_nc_ohc=fWW5J8tKPQIAX_Q0KjQ&amp;_nc_ht=scontent.fmad7-1.fna&amp;oh=8e079724ce94133ac9702aaff748b6a8&amp;oe=60CBD32F\" alt=\"\" width=\"1080\" height=\"1350\" \/><\/a><\/p>\n","protected":false},"excerpt":{"rendered":"<p>Un a\u00f1u m\u00e1s, del 17 al 20 de xunu, vamos tar presentes na Feria del Llibru de Xix\u00f3n FeliXix\u00f3n 2021, xuntu con otres 52 caseta de llibrer\u00edes y editoriales, entam\u00e1u pol Conceyu de Xix\u00f3n y la Fundaci\u00f3n Municipal de Cultura. Un espaciu d&#8217;intercambiu cultural y econ\u00f3micu col doble oxetivu de favorecer el comerciu del llibru [&hellip;]<\/p>\n","protected":false},"author":117,"featured_media":0,"comment_status":"open","ping_status":"open","sticky":false,"template":"","format":"standard","meta":{"footnotes":""},"categories":[167,10,40],"tags":[],"class_list":["post-7230","post","type-post","status-publish","format-standard","hentry","category-feries","category-llibros-reciella","category-pintar-pintar"],"_links":{"self":[{"href":"https:\/\/edublog.educastur.es\/ixuxu\/wp-json\/wp\/v2\/posts\/7230","targetHints":{"allow":["GET"]}}],"collection":[{"href":"https:\/\/edublog.educastur.es\/ixuxu\/wp-json\/wp\/v2\/posts"}],"about":[{"href":"https:\/\/edublog.educastur.es\/ixuxu\/wp-json\/wp\/v2\/types\/post"}],"author":[{"embeddable":true,"href":"https:\/\/edublog.educastur.es\/ixuxu\/wp-json\/wp\/v2\/users\/117"}],"replies":[{"embeddable":true,"href":"https:\/\/edublog.educastur.es\/ixuxu\/wp-json\/wp\/v2\/comments?post=7230"}],"version-history":[{"count":6,"href":"https:\/\/edublog.educastur.es\/ixuxu\/wp-json\/wp\/v2\/posts\/7230\/revisions"}],"predecessor-version":[{"id":7237,"href":"https:\/\/edublog.educastur.es\/ixuxu\/wp-json\/wp\/v2\/posts\/7230\/revisions\/7237"}],"wp:attachment":[{"href":"https:\/\/edublog.educastur.es\/ixuxu\/wp-json\/wp\/v2\/media?parent=7230"}],"wp:term":[{"taxonomy":"category","embeddable":true,"href":"https:\/\/edublog.educastur.es\/ixuxu\/wp-json\/wp\/v2\/categories?post=7230"},{"taxonomy":"post_tag","embeddable":true,"href":"https:\/\/edublog.educastur.es\/ixuxu\/wp-json\/wp\/v2\/tags?post=7230"}],"curies":[{"name":"wp","href":"https:\/\/api.w.org\/{rel}","templated":true}]}}