{"id":72426,"date":"2026-04-23T08:23:03","date_gmt":"2026-04-23T06:23:03","guid":{"rendered":"https:\/\/edublog.educastur.es\/ixuxu\/?p=72426"},"modified":"2026-04-23T08:55:34","modified_gmt":"2026-04-23T06:55:34","slug":"el-tiempu-el-comercio-318","status":"publish","type":"post","link":"https:\/\/edublog.educastur.es\/ixuxu\/2026\/04\/el-tiempu-el-comercio-318\/","title":{"rendered":"El tiempu (El Comercio)"},"content":{"rendered":"<p style=\"text-align: center\"><a href=\"https:\/\/s1.ppllstatics.com\/elcomercio\/www\/multimedia\/2026\/04\/22\/prevision-tiempo-asturias-kE4B-U2302588077118HVD-1200x870@El%20Comercio.jpg\"><img loading=\"lazy\" decoding=\"async\" class=\"aligncenter size-large\" src=\"https:\/\/s1.ppllstatics.com\/elcomercio\/www\/multimedia\/2026\/04\/22\/prevision-tiempo-asturias-kE4B-U2302588077118HVD-1200x870@El%20Comercio.jpg\" width=\"1200\" height=\"870\" \/><\/a><\/p>\n<p>Esperamos unes condiciones meteorol\u00f3xiques estables en tola rex\u00f3n. Vamos reparar intervalos de nubes altes ensin importancia que nun van dexar bastios en neng\u00fan momentu de la xornada. <strong>Los vientos<\/strong> van ser fluexos con dalguna qu&#8217;otra racha moderada. La so orientaci\u00f3n va ser variable polo xeneral, anque por momentos van afitase de nord\u00e9s na mari\u00f1a y de sur nel cordal. Tocantes a <strong>les temperatures<\/strong>, van xubir ente 5 y 6 \u00baC respectu al mi\u00e9rcoles nel centru y nel oriente, y hasta 3 o 4 \u00baC nel occidente. D&#8217;esta forma, van superase los 20 \u00baC en munches poblaciones asturianes. <strong>Les m\u00ednimes<\/strong> van baxar llixeramente hasta 1 o 2 \u00baC como muncho.<\/p>\n<p><!--more--><\/p>\n<p style=\"text-align: center\"><a href=\"https:\/\/cdns3.eltiempo.es\/eltiempo\/blog\/noticias\/2026\/04\/22122734\/N.Maximas_jueves-2.jpg\"><img loading=\"lazy\" decoding=\"async\" class=\"aligncenter size-large\" src=\"https:\/\/cdns3.eltiempo.es\/eltiempo\/blog\/noticias\/2026\/04\/22122734\/N.Maximas_jueves-2.jpg\" width=\"1920\" height=\"1080\" \/><\/a><\/p>\n<p style=\"text-align: center\"><a href=\"https:\/\/pbs.twimg.com\/media\/HGf6u8rWwAAKQal?format=png&amp;name=small\"><img loading=\"lazy\" decoding=\"async\" class=\"aligncenter size-large\" src=\"https:\/\/pbs.twimg.com\/media\/HGf6u8rWwAAKQal?format=png&amp;name=small\" width=\"680\" height=\"413\" \/><\/a><\/p>\n<p style=\"text-align: center\">\n<!-- iframe plugin v.6.0 wordpress.org\/plugins\/iframe\/ -->\n<iframe loading=\"lazy\" src=\"https:\/\/www.facebook.com\/plugins\/post.php?href=https%3A%2F%2Fwww.facebook.com%2Fpermalink.php%3Fstory_fbid%3Dpfbid02JyHqAY6n13ZwAHPzXfAL2wsBmKQsrHx5KkHTCmUVwizRJ1YhZc64R4qekpX37o6al%26id%3D100063455021317&#038;show_text=false&#038;width=500\" width=\"500\" height=\"282\" style=\"border:none;overflow:hidden\" scrolling=\"no\" frameborder=\"0\" allowfullscreen=\"true\" allow=\"autoplay; clipboard-write; encrypted-media; picture-in-picture; web-share\" 0=\"\/iframe\" class=\"iframe-class\"><\/iframe>\n<\/p>\n<p><strong>El vienres<\/strong> prevese m\u00e1s nubosid\u00e1, con posibilid\u00e1 de bastios tantu de madrugada como a partir de la tarde. Estos bastios podr\u00eden venir acompa\u00f1aos de delles nubes, sobremanera nel cordal y zones del terciu sur asturianu. Los vientos van ser variables, pudiendo predominar d&#8217;oeste na mari\u00f1a. Les temperatures van baxar nel casu de les m\u00e1ximes y van xubir nel de les m\u00ednimes.<\/p>\n","protected":false},"excerpt":{"rendered":"<p>Esperamos unes condiciones meteorol\u00f3xiques estables en tola rex\u00f3n. Vamos reparar intervalos de nubes altes ensin importancia que nun van dexar bastios en neng\u00fan momentu de la xornada. Los vientos van ser fluexos con dalguna qu&#8217;otra racha moderada. La so orientaci\u00f3n va ser variable polo xeneral, anque por momentos van afitase de nord\u00e9s na mari\u00f1a y [&hellip;]<\/p>\n","protected":false},"author":117,"featured_media":0,"comment_status":"closed","ping_status":"closed","sticky":false,"template":"","format":"standard","meta":{"footnotes":""},"categories":[5],"tags":[],"class_list":["post-72426","post","type-post","status-publish","format-standard","hentry","category-tiempu"],"_links":{"self":[{"href":"https:\/\/edublog.educastur.es\/ixuxu\/wp-json\/wp\/v2\/posts\/72426","targetHints":{"allow":["GET"]}}],"collection":[{"href":"https:\/\/edublog.educastur.es\/ixuxu\/wp-json\/wp\/v2\/posts"}],"about":[{"href":"https:\/\/edublog.educastur.es\/ixuxu\/wp-json\/wp\/v2\/types\/post"}],"author":[{"embeddable":true,"href":"https:\/\/edublog.educastur.es\/ixuxu\/wp-json\/wp\/v2\/users\/117"}],"replies":[{"embeddable":true,"href":"https:\/\/edublog.educastur.es\/ixuxu\/wp-json\/wp\/v2\/comments?post=72426"}],"version-history":[{"count":6,"href":"https:\/\/edublog.educastur.es\/ixuxu\/wp-json\/wp\/v2\/posts\/72426\/revisions"}],"predecessor-version":[{"id":72432,"href":"https:\/\/edublog.educastur.es\/ixuxu\/wp-json\/wp\/v2\/posts\/72426\/revisions\/72432"}],"wp:attachment":[{"href":"https:\/\/edublog.educastur.es\/ixuxu\/wp-json\/wp\/v2\/media?parent=72426"}],"wp:term":[{"taxonomy":"category","embeddable":true,"href":"https:\/\/edublog.educastur.es\/ixuxu\/wp-json\/wp\/v2\/categories?post=72426"},{"taxonomy":"post_tag","embeddable":true,"href":"https:\/\/edublog.educastur.es\/ixuxu\/wp-json\/wp\/v2\/tags?post=72426"}],"curies":[{"name":"wp","href":"https:\/\/api.w.org\/{rel}","templated":true}]}}