{"id":72434,"date":"2026-04-23T09:15:05","date_gmt":"2026-04-23T07:15:05","guid":{"rendered":"https:\/\/edublog.educastur.es\/ixuxu\/?p=72434"},"modified":"2026-04-24T11:38:25","modified_gmt":"2026-04-24T09:38:25","slug":"bon-dia-del-llibru-2026","status":"publish","type":"post","link":"https:\/\/edublog.educastur.es\/ixuxu\/2026\/04\/bon-dia-del-llibru-2026\/","title":{"rendered":"Bon d\u00eda del llibru 2026"},"content":{"rendered":"<p style=\"text-align: center\">23 d&#8217;abril, d\u00eda de San Xurde. D\u00eda del Llibru n&#8217;Asturies<\/p>\n<p style=\"text-align: center\"><a href=\"https:\/\/www.diadellibro.eu\/sites\/default\/files\/styles\/image_01e\/public\/2026-04\/cegal-dia-del-libro-2026-es.jpg?itok=WO2g33WX\"><img loading=\"lazy\" decoding=\"async\" class=\"aligncenter size-large\" src=\"https:\/\/www.diadellibro.eu\/sites\/default\/files\/styles\/image_01e\/public\/2026-04\/cegal-dia-del-libro-2026-es.jpg?itok=WO2g33WX\" width=\"576\" height=\"815\" \/><\/a><\/p>\n<p>Cartelu del D\u00eda del Llibru 2026 CEGAL\u00a0La so autora ye <strong>la ilustradora sevillana Cecilia G.G<\/strong>., que nos cunta esto del so dise\u00f1u: <span style=\"color: #008080;font-size: 20px\"><em>\u00abUn llibru zarr\u00e1u ye una habitaci\u00f3n a escures. Cuando lo abrir, dexamos que la lluz defina adulces el paisaxe: montes allo\u00f1aos qu&#8217;algamar, rincones que despinten bisarmes ensin nome o un prau airosu onde una pareya dase la mano.<\/em><\/span><\/p>\n<p><span style=\"color: #008080;font-size: 20px\"><em>Dacuando, si esperamos el tiempu abondu, hestoria y personaxes trespasen les llendes del papel y esparnar na nuesa realid\u00e1. Ye ende cuando la ventana queda para siempres abierta.\u00bb.<\/em><\/span><\/p>\n<p><!--more--><\/p>\n<p>CEGAL ye la Confederaci\u00f3n Espa\u00f1ola de Gremios y Asociaciones de Llibreros, y axunta a 1.100 llibrer\u00edes en toa Espa\u00f1a.<\/p>\n<p><a class=\"x1i10hfl xjbqb8w x1ejq31n x18oe1m7 x1sy0etr xstzfhl x972fbf x10w94by x1qhh985 x14e42zd x9f619 x1ypdohk xt0psk2 x3ct3a4 xdj266r x14z9mp xat24cr x1lziwak xexx8yu xyri2b x18d9i69 x1c1uobl x16tdsg8 x1hl2dhg xggy1nq x1a2a7pz _aa9_ _a6hd\" role=\"link\" href=\"https:\/\/www.instagram.com\/explore\/tags\/d%C3%ADadelllibru\/\">#D\u00edaDelLlibru<\/a>\u00a0<a class=\"x1i10hfl xjbqb8w x1ejq31n x18oe1m7 x1sy0etr xstzfhl x972fbf x10w94by x1qhh985 x14e42zd x9f619 x1ypdohk xt0psk2 x3ct3a4 xdj266r x14z9mp xat24cr x1lziwak xexx8yu xyri2b x18d9i69 x1c1uobl x16tdsg8 x1hl2dhg xggy1nq x1a2a7pz _aa9_ _a6hd\" role=\"link\" href=\"https:\/\/www.instagram.com\/explore\/tags\/sanxurde\/\">#SanXurde<\/a>\u00a0<a class=\"x1i10hfl xjbqb8w x1ejq31n x18oe1m7 x1sy0etr xstzfhl x972fbf x10w94by x1qhh985 x14e42zd x9f619 x1ypdohk xt0psk2 x3ct3a4 xdj266r x14z9mp xat24cr x1lziwak xexx8yu xyri2b x18d9i69 x1c1uobl x16tdsg8 x1hl2dhg xggy1nq x1a2a7pz _aa9_ _a6hd\" role=\"link\" href=\"https:\/\/www.instagram.com\/explore\/tags\/culturaasturies\/\">#CulturaAsturies<\/a>\u00a0<a class=\"x1i10hfl xjbqb8w x1ejq31n x18oe1m7 x1sy0etr xstzfhl x972fbf x10w94by x1qhh985 x14e42zd x9f619 x1ypdohk xt0psk2 x3ct3a4 xdj266r x14z9mp xat24cr x1lziwak xexx8yu xyri2b x18d9i69 x1c1uobl x16tdsg8 x1hl2dhg xggy1nq x1a2a7pz _aa9_ _a6hd\" role=\"link\" href=\"https:\/\/www.instagram.com\/explore\/tags\/biblioteques\/\">#Biblioteques<\/a>\u00a0<a class=\"x1i10hfl xjbqb8w x1ejq31n x18oe1m7 x1sy0etr xstzfhl x972fbf x10w94by x1qhh985 x14e42zd x9f619 x1ypdohk xt0psk2 x3ct3a4 xdj266r x14z9mp xat24cr x1lziwak xexx8yu xyri2b x18d9i69 x1c1uobl x16tdsg8 x1hl2dhg xggy1nq x1a2a7pz _aa9_ _a6hd\" role=\"link\" href=\"https:\/\/www.instagram.com\/explore\/tags\/llectura\/\">#Llectura<\/a><\/p>\n<p style=\"text-align: center\"><a href=\"https:\/\/www.oviedo.es\/documents\/25041\/2937803\/Cartel+D%C3%ADa+Internacional+del+Libro+2026\/a7fdd679-1835-44ac-b26c-6c3c15664852?t=1776936896000&amp;imageThumbnail=3\"><img loading=\"lazy\" decoding=\"async\" class=\"aligncenter \" src=\"https:\/\/www.oviedo.es\/documents\/25041\/2937803\/Cartel+D%C3%ADa+Internacional+del+Libro+2026\/a7fdd679-1835-44ac-b26c-6c3c15664852?t=1776936896000&amp;imageThumbnail=3\" width=\"599\" height=\"599\" \/><\/a><\/p>\n<h2 class=\"html-h2 x14z9mp xat24cr x1lziwak xexx8yu xyri2b x18d9i69 x1c1uobl x1vvkbs x1heor9g x1qlqyl8 x1pd3egz x1a2a7pz x1gslohp\" style=\"text-align: center\"><span class=\"x193iq5w xeuugli x13faqbe x1vvkbs x1xmvt09 x1f6kntn xvq8zen xo1l8bm xi81zsa\" style=\"font-size: 16px\"><span class=\"xt0psk2\"><span class=\"xjp7ctv\"><a class=\"x1i10hfl xjbqb8w x1ejq31n x18oe1m7 x1sy0etr xstzfhl x972fbf x10w94by x1qhh985 x14e42zd x9f619 x1ypdohk xt0psk2 x3ct3a4 xdj266r x14z9mp xat24cr x1lziwak xexx8yu xyri2b x18d9i69 x1c1uobl x16tdsg8 x1hl2dhg xggy1nq x1a2a7pz xkrqix3 x1sur9pj xzsf02u x1s688f\" role=\"link\" href=\"https:\/\/www.facebook.com\/profile.php?id=100079709828157&amp;__cft__[0]=AZYi7HM5F94V1vTGhPs0hZ8Opa__XyDZ2WJtAL__VYUh6P0KWUaZNJ1ZLzbcgaBvVRo6ZLl_hkKDZ-FTdhuPslZHKunIQDigY2oGoHZs9P8bFy1WRP3jmKsH9sBFdphXQcUUUBRBzL7HfRjai2wnZERLaKcaajAfzyLjKudKdis-Sq8iMkc1VCmZWbrTjzlJV8r-ZGMvO6Y1dNG7jgEqmmVB&amp;__tn__=-UC*F\">Red Bibliotecas P\u00fablicas Municipales de Oviedo<\/a><\/span><\/span><\/span><\/h2>\n<p style=\"text-align: center\"><span class=\"x193iq5w xeuugli x13faqbe x1vvkbs x1xmvt09 x1lliihq x1s928wv xhkezso x1gmr53x x1cpjm7i x1fgarty x1943h6x xudqn12 x3x7a5m x1f6kntn xvq8zen xo1l8bm xzsf02u\" dir=\"auto\"><span class=\"x193iq5w xeuugli x13faqbe x1vvkbs xt0psk2 x1i0vuye xvs91rp xo1l8bm x5n08af x10wh9bi xpm28yp x8viiok x1o7cslx x126k92a\"><span class=\"html-span xexx8yu x4uap5 x18d9i69 xkhd6sd x1hl2dhg x16tdsg8 x1vvkbs x3nfvp2 x1j61x8r x1fcty0u xdj266r xat24cr xgzva0m xhhsvwb xxymvpz xlup9mm x1kky2od\">\n<!-- iframe plugin v.6.0 wordpress.org\/plugins\/iframe\/ -->\n<iframe loading=\"lazy\" src=\"https:\/\/www.instagram.com\/p\/DXeBAjjiHfs\/embed\" width=\"500\" height=\"640\" 0=\"\/iframe\" scrolling=\"yes\" class=\"iframe-class\" frameborder=\"0\"><\/iframe>\n<\/span><\/span><\/span><\/p>\n<p>&nbsp;<\/p>\n<p style=\"text-align: center\"><span class=\"x193iq5w xeuugli x13faqbe x1vvkbs x1xmvt09 x1lliihq x1s928wv xhkezso x1gmr53x x1cpjm7i x1fgarty x1943h6x xudqn12 x3x7a5m x1f6kntn xvq8zen xo1l8bm xzsf02u\" dir=\"auto\"><span class=\"x193iq5w xeuugli x13faqbe x1vvkbs xt0psk2 x1i0vuye xvs91rp xo1l8bm x5n08af x10wh9bi xpm28yp x8viiok x1o7cslx x126k92a\"><span class=\"html-span xexx8yu x4uap5 x18d9i69 xkhd6sd x1hl2dhg x16tdsg8 x1vvkbs x3nfvp2 x1j61x8r x1fcty0u xdj266r xat24cr xgzva0m xhhsvwb xxymvpz xlup9mm x1kky2od\">\n<!-- iframe plugin v.6.0 wordpress.org\/plugins\/iframe\/ -->\n<iframe loading=\"lazy\" src=\"https:\/\/www.instagram.com\/p\/DXd4HOfEUjc\/embed\" width=\"400\" height=\"680\" 0=\"\/iframe\" scrolling=\"yes\" class=\"iframe-class\" frameborder=\"0\"><\/iframe>\n<\/span><\/span><\/span><\/p>\n<p>\ud83c\udf69 M\u00e1s de 50 establecimientos nos que facete cola rosca, dulce o salada, de San Xurde.<\/p>\n<p style=\"text-align: center\">\n<!-- iframe plugin v.6.0 wordpress.org\/plugins\/iframe\/ -->\n<iframe loading=\"lazy\" src=\"https:\/\/www.facebook.com\/plugins\/post.php?href=https%3A%2F%2Fwww.facebook.com%2FXamuCastro%2Fposts%2Fpfbid02L6P1KKvTJsK1rqh2mRUBQcbanEUZ9JPEQDRTJuUeVn2ayvn1sUCjPUkHBDx8aiJPl&#038;show_text=false&#038;width=500\" width=\"500\" height=\"498\" style=\"border:none;overflow:hidden\" scrolling=\"no\" frameborder=\"0\" allowfullscreen=\"true\" allow=\"autoplay; clipboard-write; encrypted-media; picture-in-picture; web-share\" 0=\"\/iframe\" class=\"iframe-class\"><\/iframe>\n<\/p>\n<p style=\"text-align: center\">\n<!-- iframe plugin v.6.0 wordpress.org\/plugins\/iframe\/ -->\n<iframe loading=\"lazy\" src=\"https:\/\/www.facebook.com\/plugins\/video.php?height=314&#038;href=https%3A%2F%2Fwww.facebook.com%2Freel%2F2437227756790880%2F&#038;show_text=false&#038;width=560&#038;t=0\" width=\"560\" height=\"314\" style=\"border:none;overflow:hidden\" scrolling=\"no\" frameborder=\"0\" allowfullscreen=\"true\" allow=\"autoplay; clipboard-write; encrypted-media; picture-in-picture; web-share\" 0=\"\/iframe\" class=\"iframe-class\"><\/iframe>\n<\/p>\n<p style=\"text-align: center\">\n","protected":false},"excerpt":{"rendered":"<p>23 d&#8217;abril, d\u00eda de San Xurde. D\u00eda del Llibru n&#8217;Asturies Cartelu del D\u00eda del Llibru 2026 CEGAL\u00a0La so autora ye la ilustradora sevillana Cecilia G.G., que nos cunta esto del so dise\u00f1u: \u00abUn llibru zarr\u00e1u ye una habitaci\u00f3n a escures. Cuando lo abrir, dexamos que la lluz defina adulces el paisaxe: montes allo\u00f1aos qu&#8217;algamar, rincones [&hellip;]<\/p>\n","protected":false},"author":117,"featured_media":0,"comment_status":"closed","ping_status":"closed","sticky":false,"template":"","format":"standard","meta":{"footnotes":""},"categories":[6,9,10],"tags":[],"class_list":["post-72434","post","type-post","status-publish","format-standard","hentry","category-dia-de","category-libros-adultos","category-llibros-reciella"],"_links":{"self":[{"href":"https:\/\/edublog.educastur.es\/ixuxu\/wp-json\/wp\/v2\/posts\/72434","targetHints":{"allow":["GET"]}}],"collection":[{"href":"https:\/\/edublog.educastur.es\/ixuxu\/wp-json\/wp\/v2\/posts"}],"about":[{"href":"https:\/\/edublog.educastur.es\/ixuxu\/wp-json\/wp\/v2\/types\/post"}],"author":[{"embeddable":true,"href":"https:\/\/edublog.educastur.es\/ixuxu\/wp-json\/wp\/v2\/users\/117"}],"replies":[{"embeddable":true,"href":"https:\/\/edublog.educastur.es\/ixuxu\/wp-json\/wp\/v2\/comments?post=72434"}],"version-history":[{"count":9,"href":"https:\/\/edublog.educastur.es\/ixuxu\/wp-json\/wp\/v2\/posts\/72434\/revisions"}],"predecessor-version":[{"id":72488,"href":"https:\/\/edublog.educastur.es\/ixuxu\/wp-json\/wp\/v2\/posts\/72434\/revisions\/72488"}],"wp:attachment":[{"href":"https:\/\/edublog.educastur.es\/ixuxu\/wp-json\/wp\/v2\/media?parent=72434"}],"wp:term":[{"taxonomy":"category","embeddable":true,"href":"https:\/\/edublog.educastur.es\/ixuxu\/wp-json\/wp\/v2\/categories?post=72434"},{"taxonomy":"post_tag","embeddable":true,"href":"https:\/\/edublog.educastur.es\/ixuxu\/wp-json\/wp\/v2\/tags?post=72434"}],"curies":[{"name":"wp","href":"https:\/\/api.w.org\/{rel}","templated":true}]}}