{"id":72444,"date":"2026-04-22T12:20:00","date_gmt":"2026-04-22T10:20:00","guid":{"rendered":"https:\/\/edublog.educastur.es\/ixuxu\/?p=72444"},"modified":"2026-04-23T12:24:14","modified_gmt":"2026-04-23T10:24:14","slug":"afayal-mundu-del-padre-feijoo-al-travies-del-arte","status":"publish","type":"post","link":"https:\/\/edublog.educastur.es\/ixuxu\/2026\/04\/afayal-mundu-del-padre-feijoo-al-travies-del-arte\/","title":{"rendered":"Afaya&#8217;l mundu del Padre Feijoo al travi\u00e9s del arte."},"content":{"rendered":"<div class=\"html-div xdj266r x14z9mp xat24cr x1lziwak xexx8yu x1a8lsjc xf7dkkf xv54qhq\">\n<div class=\"html-div xdj266r x14z9mp xat24cr x1lziwak xexx8yu xyri2b x18d9i69 x1c1uobl x1jx94hy x78zum5 x1q0g3np\">\n<div class=\"x78zum5 xdt5ytf xz62fqu x16ldp7u\">\n<div class=\"xu06os2 x1ok221b\">\n<div class=\"html-div xdj266r x14z9mp xat24cr x1lziwak xexx8yu xyri2b x18d9i69 x1c1uobl\" data-ad-rendering-role=\"profile_name\">\n<ul>\n<li class=\"html-h3 x14z9mp xat24cr x1lziwak xexx8yu xyri2b x18d9i69 x1c1uobl x1vvkbs x1heor9g x1qlqyl8 x1pd3egz x1a2a7pz x1gslohp x1yc453h\"><span class=\"x1lliihq x6ikm8r x10wlt62 x1n2onr6\"><span class=\"xt0psk2\"><a class=\"x1i10hfl xjbqb8w x1ejq31n x18oe1m7 x1sy0etr xstzfhl x972fbf x10w94by x1qhh985 x14e42zd x9f619 x1ypdohk xt0psk2 x3ct3a4 xdj266r x14z9mp xat24cr x1lziwak xexx8yu xyri2b x18d9i69 x1c1uobl x16tdsg8 x1hl2dhg xggy1nq x1a2a7pz xkrqix3 x1sur9pj xzsf02u x1s688f\" role=\"link\" href=\"https:\/\/www.facebook.com\/UniversidadOviedo?__cft__[0]=AZYQplk6dPvK-DgZAC6Ctz9xGyz9a7AJYo2MsMI9r85kRroynwN431NOwSxWU3lsFqAt0--PtFwvpg-_Glxu3lAXPeSreNFDl1vcRsLsV9sX1DNTa1I-O9QA5oB7C0ss7847wPF8kFqUP4sr1owAuwQlriAoIMBf9Y9YP0Ap4B4t09ORMmbe-Nf6u48JdZ8vLA5-NHwTJhK4FA22p4Xhb0or&amp;__tn__=-UC%2CP-y-R\"><b class=\"html-b xdj266r x14z9mp xat24cr x1lziwak xexx8yu xyri2b x18d9i69 x1c1uobl x1hl2dhg x16tdsg8 x1vvkbs x1s688f\"><span class=\"html-span xdj266r x14z9mp xat24cr x1lziwak xexx8yu xyri2b x18d9i69 x1c1uobl x1hl2dhg x16tdsg8 x1vvkbs\">Universidad de Oviedo &#8211; UniOvi<\/span><\/b><\/a><\/span><\/span><span style=\"font-size: 16px\">\/ <\/span><a class=\"x1i10hfl xjbqb8w x1ejq31n x18oe1m7 x1sy0etr xstzfhl x972fbf x10w94by x1qhh985 x14e42zd x9f619 x1ypdohk xt0psk2 x3ct3a4 xdj266r x14z9mp xat24cr x1lziwak xexx8yu xyri2b x18d9i69 x1c1uobl x16tdsg8 x1hl2dhg xggy1nq x1a2a7pz xkrqix3 x1sur9pj x1fey0fg x1s688f\" style=\"font-size: 16px\" role=\"link\" href=\"https:\/\/f.mtr.cool\/lxhnndvvdk?fbclid=IwZXh0bgNhZW0CMTAAc3J0YwZhcHBfaWQQMjIyMDM5MTc4ODIwMDg5MgABHr_Bx4K1tSa89DIccerwka5wpiLUS27_Dbmm-EUxxkdk8qiyI30puzMcELJQ_aem_VybVbBC5UvZq_q6j8fBiKQ\" target=\"_blank\" rel=\"nofollow noopener noreferrer\">https:\/\/f.mtr.cool\/lxhnndvvdk<\/a><\/li>\n<\/ul>\n<p>Afaya&#8217;l mundu del Padre Feijoo al travi\u00e9s del arte. El 23 d&#8217;abril, l&#8217;Institutu Feijoo prop\u00f3nnos un percorr\u00edu empuestu nel Mus\u00e9u de Belles Artes d&#8217;Asturies. \u00a1Solo 25 places! Reserva primero que s&#8217;escosen.<\/p>\n<p style=\"text-align: center\"><a href=\"https:\/\/ifesxviii.uniovi.es\/image\/image_gallery?uuid=52559386-17fb-4216-b312-929d3b31c042&amp;groupId=2684663&amp;t=1774006937320\"><img loading=\"lazy\" decoding=\"async\" class=\"aligncenter \" src=\"https:\/\/ifesxviii.uniovi.es\/image\/image_gallery?uuid=52559386-17fb-4216-b312-929d3b31c042&amp;groupId=2684663&amp;t=1774006937320\" width=\"415\" height=\"531\" \/><\/a><\/p>\n<p>&nbsp;<\/p>\n<p style=\"text-align: left\">El pr\u00f3ximu 23 d&#8217;abril, xueves, a los cinco de la tarde, el Mus\u00e9u de Belles Artes d&#8217;Asturies acueye&#8217;l terceru de los actos que l&#8217;Institutu Feijoo d&#8217;Estudios del Sieglu XVIII ta promoviendo mientres esti 2026 para celebrar el tercer centenariu de la publicaci\u00f3n del Teatru cr\u00edticu\u00bb y los 350 a\u00f1os de la nacencia de Benitu J. Feijoo.<\/p>\n<p style=\"text-align: left\">Tr\u00e1tase d&#8217;un percorr\u00edu empuestu por personal del Mus\u00e9u al travi\u00e9s d&#8217;una serie d&#8217;obres que dexen conocer meyor el mundu nel que vivi\u00f3 y escribi\u00f3 el sabiu benedict\u00edn, incluyendo la semeya p\u00f3stuma que d&#8217;\u00e9l fixo Mariano Salvador Maella.<\/p>\n<\/div>\n<\/div>\n<\/div>\n<\/div>\n<\/div>\n","protected":false},"excerpt":{"rendered":"<p>Universidad de Oviedo &#8211; UniOvi\/ https:\/\/f.mtr.cool\/lxhnndvvdk Afaya&#8217;l mundu del Padre Feijoo al travi\u00e9s del arte. El 23 d&#8217;abril, l&#8217;Institutu Feijoo prop\u00f3nnos un percorr\u00edu empuestu nel Mus\u00e9u de Belles Artes d&#8217;Asturies. \u00a1Solo 25 places! Reserva primero que s&#8217;escosen. &nbsp; El pr\u00f3ximu 23 d&#8217;abril, xueves, a los cinco de la tarde, el Mus\u00e9u de Belles Artes d&#8217;Asturies [&hellip;]<\/p>\n","protected":false},"author":117,"featured_media":0,"comment_status":"closed","ping_status":"closed","sticky":false,"template":"","format":"standard","meta":{"footnotes":""},"categories":[89,32],"tags":[],"class_list":["post-72444","post","type-post","status-publish","format-standard","hentry","category-arte","category-escritores"],"_links":{"self":[{"href":"https:\/\/edublog.educastur.es\/ixuxu\/wp-json\/wp\/v2\/posts\/72444","targetHints":{"allow":["GET"]}}],"collection":[{"href":"https:\/\/edublog.educastur.es\/ixuxu\/wp-json\/wp\/v2\/posts"}],"about":[{"href":"https:\/\/edublog.educastur.es\/ixuxu\/wp-json\/wp\/v2\/types\/post"}],"author":[{"embeddable":true,"href":"https:\/\/edublog.educastur.es\/ixuxu\/wp-json\/wp\/v2\/users\/117"}],"replies":[{"embeddable":true,"href":"https:\/\/edublog.educastur.es\/ixuxu\/wp-json\/wp\/v2\/comments?post=72444"}],"version-history":[{"count":1,"href":"https:\/\/edublog.educastur.es\/ixuxu\/wp-json\/wp\/v2\/posts\/72444\/revisions"}],"predecessor-version":[{"id":72445,"href":"https:\/\/edublog.educastur.es\/ixuxu\/wp-json\/wp\/v2\/posts\/72444\/revisions\/72445"}],"wp:attachment":[{"href":"https:\/\/edublog.educastur.es\/ixuxu\/wp-json\/wp\/v2\/media?parent=72444"}],"wp:term":[{"taxonomy":"category","embeddable":true,"href":"https:\/\/edublog.educastur.es\/ixuxu\/wp-json\/wp\/v2\/categories?post=72444"},{"taxonomy":"post_tag","embeddable":true,"href":"https:\/\/edublog.educastur.es\/ixuxu\/wp-json\/wp\/v2\/tags?post=72444"}],"curies":[{"name":"wp","href":"https:\/\/api.w.org\/{rel}","templated":true}]}}