{"id":72446,"date":"2026-04-23T12:32:42","date_gmt":"2026-04-23T10:32:42","guid":{"rendered":"https:\/\/edublog.educastur.es\/ixuxu\/?p=72446"},"modified":"2026-04-23T12:33:19","modified_gmt":"2026-04-23T10:33:19","slug":"72446","status":"publish","type":"post","link":"https:\/\/edublog.educastur.es\/ixuxu\/2026\/04\/72446\/","title":{"rendered":"Poeta asturianu: Luis Aurelio \u00c1lvarez"},"content":{"rendered":"<div dir=\"auto\" style=\"text-align: center\"><a href=\"https:\/\/fyl.uniovi.es\/image\/image_gallery?uuid=3a5feab5-3fd3-4781-a336-60964adcd86a&amp;groupId=917662&amp;t=1776156242945\"><img loading=\"lazy\" decoding=\"async\" class=\"aligncenter \" src=\"https:\/\/fyl.uniovi.es\/image\/image_gallery?uuid=3a5feab5-3fd3-4781-a336-60964adcd86a&amp;groupId=917662&amp;t=1776156242945\" width=\"364\" height=\"514\" \/><\/a><\/div>\n<div dir=\"auto\">La Facult\u00e1 de Filosof\u00eda y Lletres celebra&#8217;l D\u00eda Internacional del Llibru y la festivid\u00e1 del so patr\u00f3n, San Isidoro de Sevilla, cola llectura p\u00fablica <strong>\u00abVoces poles Lletres\u00bb<\/strong>, un actu acad\u00e9mico y cultural que rinde homenaxe a quince autores por aciu llectures n&#8217;ocho idiomes.\u00a0<span class=\"html-span xdj266r x14z9mp xat24cr x1lziwak xexx8yu xyri2b x18d9i69 x1c1uobl x1hl2dhg x16tdsg8 x1vvkbs\"><a class=\"x1i10hfl xjbqb8w x1ejq31n x18oe1m7 x1sy0etr xstzfhl x972fbf x10w94by x1qhh985 x14e42zd x9f619 x1ypdohk xt0psk2 x3ct3a4 xdj266r x14z9mp xat24cr x1lziwak xexx8yu xyri2b x18d9i69 x1c1uobl x16tdsg8 x1hl2dhg xggy1nq x1a2a7pz xkrqix3 x1sur9pj x1fey0fg x1s688f\" role=\"link\" href=\"https:\/\/f.mtr.cool\/bfphvuvutq?fbclid=IwZXh0bgNhZW0CMTAAc3J0YwZhcHBfaWQQMjIyMDM5MTc4ODIwMDg5MgABHua-sjkzvmaO6Ocgkh7_IdMr29HoQh5dTlwx8nWAEa0tmvoilQu5SMfnxSoK_aem_93N98c2Uqfo_qfT_oPwPnw\" target=\"_blank\" rel=\"nofollow noopener noreferrer\">https:\/\/f.mtr.cool\/bfphvuvutq<\/a><\/span>\/ <a title=\"Cartel del acto\" href=\"https:\/\/fyl.uniovi.es\/c\/document_library\/get_file?uuid=63facd41-1b74-4e02-a2e5-557b6f3dc527&amp;groupId=917662\">Cartel del acto\u00a0<\/a>\/ <strong><a title=\"Gu\u00eda de lectura 2026\" href=\"https:\/\/fyl.uniovi.es\/c\/document_library\/get_file?uuid=579c880a-d947-4494-8c4e-88e96a7f6e33&amp;groupId=917662\">Gu\u00eda de lectura 2026<\/a><\/strong><\/div>\n<div dir=\"auto\"><\/div>\n<ul>\n<li dir=\"auto\">Poeta Luis Aurelio \u00c1lvarez (n&#8217;asturianu) Pax. 58 a 61 Gu\u00eda<br \/>\n<span style=\"color: #008080\"><strong>\u00abLes cancionines d&#8217;Asturies\u00bb<\/strong><\/span> 1947-1960<\/li>\n<\/ul>\n<p>&nbsp;<\/p>\n<p>Luis Aurelio \u00c1lvarez (1925\u20131996) foi un poeta asturianu, fin\u00e1u va trenta a\u00f1os, que pasa por ser<strong> una voz esencial nel panorama ll\u00edricu de la nuesa rex\u00f3n.<\/strong> La so escritura, enraigonada nel paisaxe y l&#8217;identid\u00e1 asturiana, destaca por una sensibilid\u00e1 delicada y un manexu depur\u00e1u de les formes po\u00e9tiques. La so obra ye un testimoniu de la fondura emocional y la riqueza lling\u00fc\u00edstica que caracteriza a los grandes poetes venceyaos a la so tierra.<\/p>\n<p>&nbsp;<\/p>\n<div dir=\"auto\"><\/div>\n","protected":false},"excerpt":{"rendered":"<p>La Facult\u00e1 de Filosof\u00eda y Lletres celebra&#8217;l D\u00eda Internacional del Llibru y la festivid\u00e1 del so patr\u00f3n, San Isidoro de Sevilla, cola llectura p\u00fablica \u00abVoces poles Lletres\u00bb, un actu acad\u00e9mico y cultural que rinde homenaxe a quince autores por aciu llectures n&#8217;ocho idiomes.\u00a0https:\/\/f.mtr.cool\/bfphvuvutq\/ Cartel del acto\u00a0\/ Gu\u00eda de lectura 2026 Poeta Luis Aurelio \u00c1lvarez (n&#8217;asturianu) [&hellip;]<\/p>\n","protected":false},"author":117,"featured_media":0,"comment_status":"closed","ping_status":"closed","sticky":false,"template":"","format":"standard","meta":{"footnotes":""},"categories":[39],"tags":[],"class_list":["post-72446","post","type-post","status-publish","format-standard","hentry","category-poesia"],"_links":{"self":[{"href":"https:\/\/edublog.educastur.es\/ixuxu\/wp-json\/wp\/v2\/posts\/72446","targetHints":{"allow":["GET"]}}],"collection":[{"href":"https:\/\/edublog.educastur.es\/ixuxu\/wp-json\/wp\/v2\/posts"}],"about":[{"href":"https:\/\/edublog.educastur.es\/ixuxu\/wp-json\/wp\/v2\/types\/post"}],"author":[{"embeddable":true,"href":"https:\/\/edublog.educastur.es\/ixuxu\/wp-json\/wp\/v2\/users\/117"}],"replies":[{"embeddable":true,"href":"https:\/\/edublog.educastur.es\/ixuxu\/wp-json\/wp\/v2\/comments?post=72446"}],"version-history":[{"count":2,"href":"https:\/\/edublog.educastur.es\/ixuxu\/wp-json\/wp\/v2\/posts\/72446\/revisions"}],"predecessor-version":[{"id":72448,"href":"https:\/\/edublog.educastur.es\/ixuxu\/wp-json\/wp\/v2\/posts\/72446\/revisions\/72448"}],"wp:attachment":[{"href":"https:\/\/edublog.educastur.es\/ixuxu\/wp-json\/wp\/v2\/media?parent=72446"}],"wp:term":[{"taxonomy":"category","embeddable":true,"href":"https:\/\/edublog.educastur.es\/ixuxu\/wp-json\/wp\/v2\/categories?post=72446"},{"taxonomy":"post_tag","embeddable":true,"href":"https:\/\/edublog.educastur.es\/ixuxu\/wp-json\/wp\/v2\/tags?post=72446"}],"curies":[{"name":"wp","href":"https:\/\/api.w.org\/{rel}","templated":true}]}}