{"id":72470,"date":"2026-04-24T08:28:20","date_gmt":"2026-04-24T06:28:20","guid":{"rendered":"https:\/\/edublog.educastur.es\/ixuxu\/?p=72470"},"modified":"2026-04-24T08:28:20","modified_gmt":"2026-04-24T06:28:20","slug":"el-tiempu-el-comercio-319","status":"publish","type":"post","link":"https:\/\/edublog.educastur.es\/ixuxu\/2026\/04\/el-tiempu-el-comercio-319\/","title":{"rendered":"El tiempu (El Comercio)"},"content":{"rendered":"<p style=\"text-align: center\"><a href=\"https:\/\/s3.ppllstatics.com\/elcomercio\/www\/multimedia\/2026\/04\/23\/prevision-tiempo-asturias-k2hD-U2302588077118HVD-1200x870@El%20Comercio.jpg\"><img loading=\"lazy\" decoding=\"async\" class=\"aligncenter size-large\" src=\"https:\/\/s3.ppllstatics.com\/elcomercio\/www\/multimedia\/2026\/04\/23\/prevision-tiempo-asturias-k2hD-U2302588077118HVD-1200x870@El%20Comercio.jpg\" width=\"1200\" height=\"870\" \/><\/a><\/p>\n<p>Esperamos una xornada nubosa en tol Princip\u00e1u. Estes nubes van dexar bastios que van ser m\u00e1s probables na met\u00e1 sur asturiana, pero nun se refuga que puedan estendese a otros puntos de la rex\u00f3n. Am\u00e1s, podr\u00eden venir acompa\u00f1aos de nube. Nel tramu final del d\u00eda prevese que s&#8217;abrir\u00e1n escamplaes nel cielu. Tocantes a los vientos, van ser fluexos y variables, anque predominando d&#8217;oeste na mari\u00f1a y con dalguna qu&#8217;otra racha moderada. Les temperatures m\u00e1ximes van baxar hasta 5 o 6 \u00baC nel cordal, hasta 3 o 4 \u00baC nel restu del interior, y de forma m\u00e1s llixera na mari\u00f1a y zones pr\u00f3ximes. Les temperatures m\u00ednimes van xubir nel centru y nel oriente, y van caltenese ensin cambeos nel sector occidental.<\/p>\n<p><!--more--><\/p>\n<p><strong> El s\u00e1badu<\/strong> va amanecer el d\u00eda con bastante nubosid\u00e1 na met\u00e1 norte, y con cielos m\u00e1s llimpios escontra&#8217;l sur d&#8217;Asturies. Comoquier, a lo llargo del d\u00eda les nubes van acabar cubriendo tol cielu asturianu. La probabilid\u00e1 de precipitaciones va ser baxa anque, de forma residual, podr\u00eda escapase dalg\u00fan bastiu pocu importante nel cordal. Les temperatures m\u00e1ximes, nel casu del s\u00e1badu, van caltenese salvu na zona sur onde llixeramente van xubir.<\/p>\n","protected":false},"excerpt":{"rendered":"<p>Esperamos una xornada nubosa en tol Princip\u00e1u. Estes nubes van dexar bastios que van ser m\u00e1s probables na met\u00e1 sur asturiana, pero nun se refuga que puedan estendese a otros puntos de la rex\u00f3n. Am\u00e1s, podr\u00eden venir acompa\u00f1aos de nube. Nel tramu final del d\u00eda prevese que s&#8217;abrir\u00e1n escamplaes nel cielu. Tocantes a los vientos, [&hellip;]<\/p>\n","protected":false},"author":117,"featured_media":0,"comment_status":"closed","ping_status":"closed","sticky":false,"template":"","format":"standard","meta":{"footnotes":""},"categories":[5],"tags":[],"class_list":["post-72470","post","type-post","status-publish","format-standard","hentry","category-tiempu"],"_links":{"self":[{"href":"https:\/\/edublog.educastur.es\/ixuxu\/wp-json\/wp\/v2\/posts\/72470","targetHints":{"allow":["GET"]}}],"collection":[{"href":"https:\/\/edublog.educastur.es\/ixuxu\/wp-json\/wp\/v2\/posts"}],"about":[{"href":"https:\/\/edublog.educastur.es\/ixuxu\/wp-json\/wp\/v2\/types\/post"}],"author":[{"embeddable":true,"href":"https:\/\/edublog.educastur.es\/ixuxu\/wp-json\/wp\/v2\/users\/117"}],"replies":[{"embeddable":true,"href":"https:\/\/edublog.educastur.es\/ixuxu\/wp-json\/wp\/v2\/comments?post=72470"}],"version-history":[{"count":2,"href":"https:\/\/edublog.educastur.es\/ixuxu\/wp-json\/wp\/v2\/posts\/72470\/revisions"}],"predecessor-version":[{"id":72477,"href":"https:\/\/edublog.educastur.es\/ixuxu\/wp-json\/wp\/v2\/posts\/72470\/revisions\/72477"}],"wp:attachment":[{"href":"https:\/\/edublog.educastur.es\/ixuxu\/wp-json\/wp\/v2\/media?parent=72470"}],"wp:term":[{"taxonomy":"category","embeddable":true,"href":"https:\/\/edublog.educastur.es\/ixuxu\/wp-json\/wp\/v2\/categories?post=72470"},{"taxonomy":"post_tag","embeddable":true,"href":"https:\/\/edublog.educastur.es\/ixuxu\/wp-json\/wp\/v2\/tags?post=72470"}],"curies":[{"name":"wp","href":"https:\/\/api.w.org\/{rel}","templated":true}]}}