{"id":7251,"date":"2021-06-13T19:51:40","date_gmt":"2021-06-13T17:51:40","guid":{"rendered":"https:\/\/edublog.educastur.es\/ixuxu\/?p=7251"},"modified":"2021-06-13T19:57:26","modified_gmt":"2021-06-13T17:57:26","slug":"uma-yel-nome-escoyiu-en-redes-sociales-pal-gatu-negru-en-grafiti","status":"publish","type":"post","link":"https:\/\/edublog.educastur.es\/ixuxu\/2021\/06\/uma-yel-nome-escoyiu-en-redes-sociales-pal-gatu-negru-en-grafiti\/","title":{"rendered":"\u00abUma\u00bb ye&#8217;l nome escoy\u00edu en redes sociales pal gatu negru en grafiti"},"content":{"rendered":"<p><a href=\"https:\/\/www.elcaballete.com\/assets\/images\/stories\/Noticias\/1613831095LUGONESEUROPA-0.JPG\"><img loading=\"lazy\" decoding=\"async\" class=\"aligncenter\" src=\"https:\/\/www.elcaballete.com\/assets\/images\/stories\/Noticias\/1613831095LUGONESEUROPA-0.JPG\" alt=\"\" width=\"556\" height=\"625\" \/><\/a><\/p>\n<ul>\n<li><a href=\"https:\/\/www.rtpa.es\/noticias-sociedad-ast:'Uma'-es-el-nombre-elegido-en-redes-sociales-para-el-gato-negro-en-grafiti_111623505017.html?fbclid=IwAR2rtOy5C_IafeI2p1Rhah43TCpMViXOab52TuIRXnGOIJz9WlXSpPsIMrk\">Fonte: RTPA: Uma ye&#8217;l nome escoy\u00edu en redes sociales pal gatu negru en grafiti<\/a><\/li>\n<li>Noticies: <a href=\"https:\/\/www.lne.es\/siero\/2021\/06\/12\/gato-negro-grafiti-lugones-nombre-52917066.html\">LNE\u00a0<\/a> \/ <strong><a href=\"https:\/\/www.google.com\/search?q=gato+grafiti+lugones&amp;client=firefox-b-d&amp;source=lnms&amp;tbm=isch&amp;sa=X&amp;ved=2ahUKEwiYp-TxlpXxAhUpy4UKHZsNCeUQ_AUoAXoECAEQAw&amp;biw=1536&amp;bih=711\">+ Semeyes<\/a><\/strong><\/li>\n<\/ul>\n<h4 class=\"font-size-l padding-b-20\">Mural fechu pol artista urbanu Xolaka<\/h4>\n<p>El Gatu negru de Llugones y\u00e1 tien nome: &#8216;Uma&#8217; foi\u2019l nome escoy\u00edu al travi\u00e9s de les redes sociales pal mural fechu pol artista urbanu Xolaka. Con 149 votos, &#8216;Uma&#8217; foi\u2019l nome qu\u2019algam\u00f3 m\u00e1s &#8216;likes&#8217; ente una ventena d\u2019opciones.<\/p>\n<p><!--more--><\/p>\n<p>Un millar de persones participaron nesti bautismu online. L\u2019apodu ganador ye un homenaxe a un perru bodegueru andaluz, la mascota de la persona que lu propunxo.\u200b<\/p>\n<p><a href=\"https:\/\/www.elfielato.es\/media\/elfielato\/images\/2021\/06\/12\/2021061217481455367.jpg\"><img loading=\"lazy\" decoding=\"async\" class=\"aligncenter\" src=\"https:\/\/www.elfielato.es\/media\/elfielato\/images\/2021\/06\/12\/2021061217481455367.jpg\" alt=\"\" width=\"564\" height=\"847\" \/><\/a><\/p>\n<p>Rub\u00e9n Gonz\u00e1lez ye l&#8217;autor de la propuesta y \u00ab<strong>Uma<\/strong>\u00ab, seg\u00fan esplic\u00f3, ye tami\u00e9n el nome del can de raza bodegueru andaluz de la so mascota.<\/p>\n<p>El segundu nome m\u00e1s vot\u00e1u foi \u00ab<strong>Yeti<\/strong>\u00ab, con 137 sofitos, y l&#8217;idea foi d&#8217;Anx\u00e9lica V\u00e1zquez, tami\u00e9n ye un homenaxe a la so mascota, adoptada nes mesmes feches nes que l&#8217;artista valencianu \u00abXolaka\u00bb pintaba&#8217;l mural del gatu.<\/p>\n<p>La tercer propuesta m\u00e1s votada, con un total de 113 \u00ab<span style=\"color: #008080\"><strong>G\u00fastame<\/strong><\/span>\u00bb foi <strong>Lug<\/strong>, \u00abque rinde homenaxe al pueblu celta Luggoni, antecesores y fundadores de Llugones\u00bb.<\/p>\n<p>En total, recibi\u00e9ronse una ventena de propuestes distintes y votaron m\u00e1s de 1.000 usuarios a los distintos llamatos.<\/p>\n","protected":false},"excerpt":{"rendered":"<p>Fonte: RTPA: Uma ye&#8217;l nome escoy\u00edu en redes sociales pal gatu negru en grafiti Noticies: LNE\u00a0 \/ + Semeyes Mural fechu pol artista urbanu Xolaka El Gatu negru de Llugones y\u00e1 tien nome: &#8216;Uma&#8217; foi\u2019l nome escoy\u00edu al travi\u00e9s de les redes sociales pal mural fechu pol artista urbanu Xolaka. Con 149 votos, &#8216;Uma&#8217; foi\u2019l [&hellip;]<\/p>\n","protected":false},"author":117,"featured_media":0,"comment_status":"open","ping_status":"open","sticky":false,"template":"","format":"standard","meta":{"footnotes":""},"categories":[89,25],"tags":[],"class_list":["post-7251","post","type-post","status-publish","format-standard","hentry","category-arte","category-curiosidaes"],"_links":{"self":[{"href":"https:\/\/edublog.educastur.es\/ixuxu\/wp-json\/wp\/v2\/posts\/7251","targetHints":{"allow":["GET"]}}],"collection":[{"href":"https:\/\/edublog.educastur.es\/ixuxu\/wp-json\/wp\/v2\/posts"}],"about":[{"href":"https:\/\/edublog.educastur.es\/ixuxu\/wp-json\/wp\/v2\/types\/post"}],"author":[{"embeddable":true,"href":"https:\/\/edublog.educastur.es\/ixuxu\/wp-json\/wp\/v2\/users\/117"}],"replies":[{"embeddable":true,"href":"https:\/\/edublog.educastur.es\/ixuxu\/wp-json\/wp\/v2\/comments?post=7251"}],"version-history":[{"count":6,"href":"https:\/\/edublog.educastur.es\/ixuxu\/wp-json\/wp\/v2\/posts\/7251\/revisions"}],"predecessor-version":[{"id":7257,"href":"https:\/\/edublog.educastur.es\/ixuxu\/wp-json\/wp\/v2\/posts\/7251\/revisions\/7257"}],"wp:attachment":[{"href":"https:\/\/edublog.educastur.es\/ixuxu\/wp-json\/wp\/v2\/media?parent=7251"}],"wp:term":[{"taxonomy":"category","embeddable":true,"href":"https:\/\/edublog.educastur.es\/ixuxu\/wp-json\/wp\/v2\/categories?post=7251"},{"taxonomy":"post_tag","embeddable":true,"href":"https:\/\/edublog.educastur.es\/ixuxu\/wp-json\/wp\/v2\/tags?post=7251"}],"curies":[{"name":"wp","href":"https:\/\/api.w.org\/{rel}","templated":true}]}}