{"id":72624,"date":"2026-04-25T08:55:22","date_gmt":"2026-04-25T06:55:22","guid":{"rendered":"https:\/\/edublog.educastur.es\/ixuxu\/?p=72624"},"modified":"2026-04-25T22:31:43","modified_gmt":"2026-04-25T20:31:43","slug":"beltane-calendariu-celta","status":"publish","type":"post","link":"https:\/\/edublog.educastur.es\/ixuxu\/2026\/04\/beltane-calendariu-celta\/","title":{"rendered":"Beltane (Calendariu Celta)"},"content":{"rendered":"<p style=\"text-align: center\"><span class=\"x193iq5w xeuugli x13faqbe x1vvkbs x1xmvt09 x1lliihq x1s928wv xhkezso x1gmr53x x1cpjm7i x1fgarty x1943h6x xudqn12 x3x7a5m x1f6kntn xvq8zen xo1l8bm xzsf02u\" dir=\"auto\"><span class=\"x193iq5w xeuugli x13faqbe x1vvkbs xt0psk2 x1i0vuye xvs91rp xo1l8bm x5n08af x10wh9bi xpm28yp x8viiok x1o7cslx x126k92a\"><span class=\"html-span xexx8yu x4uap5 x18d9i69 xkhd6sd x1hl2dhg x16tdsg8 x1vvkbs x3nfvp2 x1j61x8r x1fcty0u xdj266r xat24cr xgzva0m xhhsvwb xxymvpz xlup9mm x1kky2od\">\n<!-- iframe plugin v.6.0 wordpress.org\/plugins\/iframe\/ -->\n<iframe loading=\"lazy\" src=\"https:\/\/www.instagram.com\/p\/DXj_v8zDblv\/embed\" width=\"520\" height=\"640\" 0=\"\/iframe\" scrolling=\"yes\" class=\"iframe-class\" frameborder=\"0\"><\/iframe>\n<\/span><\/span><\/span><\/p>\n<p>L&#8217;orixe de Beltane rem\u00f3ntase a les antig\u00fces tradiciones celtes,<br \/>\nonde&#8217;l fueu non solo allumaba\u2026 tami\u00e9n protex\u00eda,<br \/>\npurificaba y daba vida.<\/p>\n<p>G\u00fcei, la so esencia sigue viva en daqu\u00e9 bien simple:<br \/>\n<span style=\"color: #008080\"><strong>la conex\u00f3n cola naturaleza, el des\u00e9u de floriar <\/strong><\/span><br \/>\n<span style=\"color: #008080\"><strong>y l&#8217;enerx\u00eda d&#8217;empezar de nuevu \ud83c\udf3f<\/strong><\/span><\/p>\n<p><span style=\"color: #008080\"><strong>*Beltane nun ye solo una fecha, ye un<\/strong><\/span><br \/>\nrecordatoriu de que tolo que curies, crez.<br \/>\nQue la guapura ta no qu&#8217;espierta.<br \/>\nY que hai momentos nel a\u00f1u fechos para espandite\u2026<br \/>\ny este ye unu d&#8217;ellos \ud83d\udd25\u2728<\/p>\n<p>&nbsp;<\/p>\n","protected":false},"excerpt":{"rendered":"<p>L&#8217;orixe de Beltane rem\u00f3ntase a les antig\u00fces tradiciones celtes, onde&#8217;l fueu non solo allumaba\u2026 tami\u00e9n protex\u00eda, purificaba y daba vida. G\u00fcei, la so esencia sigue viva en daqu\u00e9 bien simple: la conex\u00f3n cola naturaleza, el des\u00e9u de floriar y l&#8217;enerx\u00eda d&#8217;empezar de nuevu \ud83c\udf3f *Beltane nun ye solo una fecha, ye un recordatoriu de que [&hellip;]<\/p>\n","protected":false},"author":117,"featured_media":0,"comment_status":"closed","ping_status":"closed","sticky":false,"template":"","format":"standard","meta":{"footnotes":""},"categories":[218,46],"tags":[],"class_list":["post-72624","post","type-post","status-publish","format-standard","hentry","category-celta","category-estaciones"],"_links":{"self":[{"href":"https:\/\/edublog.educastur.es\/ixuxu\/wp-json\/wp\/v2\/posts\/72624","targetHints":{"allow":["GET"]}}],"collection":[{"href":"https:\/\/edublog.educastur.es\/ixuxu\/wp-json\/wp\/v2\/posts"}],"about":[{"href":"https:\/\/edublog.educastur.es\/ixuxu\/wp-json\/wp\/v2\/types\/post"}],"author":[{"embeddable":true,"href":"https:\/\/edublog.educastur.es\/ixuxu\/wp-json\/wp\/v2\/users\/117"}],"replies":[{"embeddable":true,"href":"https:\/\/edublog.educastur.es\/ixuxu\/wp-json\/wp\/v2\/comments?post=72624"}],"version-history":[{"count":3,"href":"https:\/\/edublog.educastur.es\/ixuxu\/wp-json\/wp\/v2\/posts\/72624\/revisions"}],"predecessor-version":[{"id":72658,"href":"https:\/\/edublog.educastur.es\/ixuxu\/wp-json\/wp\/v2\/posts\/72624\/revisions\/72658"}],"wp:attachment":[{"href":"https:\/\/edublog.educastur.es\/ixuxu\/wp-json\/wp\/v2\/media?parent=72624"}],"wp:term":[{"taxonomy":"category","embeddable":true,"href":"https:\/\/edublog.educastur.es\/ixuxu\/wp-json\/wp\/v2\/categories?post=72624"},{"taxonomy":"post_tag","embeddable":true,"href":"https:\/\/edublog.educastur.es\/ixuxu\/wp-json\/wp\/v2\/tags?post=72624"}],"curies":[{"name":"wp","href":"https:\/\/api.w.org\/{rel}","templated":true}]}}