{"id":72648,"date":"2026-04-24T09:15:41","date_gmt":"2026-04-24T07:15:41","guid":{"rendered":"https:\/\/edublog.educastur.es\/ixuxu\/?p=72648"},"modified":"2026-04-25T22:23:55","modified_gmt":"2026-04-25T20:23:55","slug":"un-24-dabril-de-1942-nacia-barbara-streisand","status":"publish","type":"post","link":"https:\/\/edublog.educastur.es\/ixuxu\/2026\/04\/un-24-dabril-de-1942-nacia-barbara-streisand\/","title":{"rendered":"Un 24 d&#8217;abril de 1942 nac\u00eda Barbra Streisand"},"content":{"rendered":"<p style=\"text-align: center\"><a href=\"https:\/\/encrypted-tbn0.gstatic.com\/images?q=tbn:ANd9GcTjJmXzU-BoLBo6nRldSi6hy-cL2hKTAaF4_d01gs-QuoZStf_-wUpFcJvx7DbV6TNGo_pCMuAKiEIGQGCQDiVGTE1bIoRp6McA6b_RDQ&amp;s=10\"><img loading=\"lazy\" decoding=\"async\" class=\"aligncenter size-large\" src=\"https:\/\/encrypted-tbn0.gstatic.com\/images?q=tbn:ANd9GcTjJmXzU-BoLBo6nRldSi6hy-cL2hKTAaF4_d01gs-QuoZStf_-wUpFcJvx7DbV6TNGo_pCMuAKiEIGQGCQDiVGTE1bIoRp6McA6b_RDQ&amp;s=10\" width=\"553\" height=\"554\" \/><\/a><\/p>\n<p>&nbsp;<\/p>\n<p style=\"text-align: center\"><strong> <span style=\"color: #800080;font-size: 28px\"><em>\u201cL&#8217;\u00e9situ nun se mide polo que consiguisti,<br \/>\n<\/em><\/span><span style=\"color: #800080;font-size: 28px\"><em>sin\u00f3n poles torgues que superasti.\u201d<\/em><\/span><\/strong><\/p>\n<p><span style=\"font-size: 20px\"><em>El 24 d&#8217;abril de 1942 nac\u00eda una artista qu&#8217;entendi\u00f3<\/em><\/span><br \/>\n<strong><span style=\"font-size: 20px\"><em> que&#8217;l verdaderu valor nun ta na meta\u2026 sin\u00f3n nel cam\u00edn.<\/em><\/span><\/strong><\/p>\n<p><span style=\"font-size: 20px\"><em>Y en esa frase hai una perspectiva distinta. <\/em><\/span><br \/>\n<span style=\"font-size: 20px\"><em>Porque solemos midir l&#8217;\u00e9situ por resultancies visibles,<\/em><\/span><br \/>\n<span style=\"font-size: 20px\"><em> por llogros, por reconocencia. Pero lo que nun se ve<\/em><\/span><br \/>\n<span style=\"font-size: 20px\"><em> \u2014les cay\u00edes, les duldes, los momentos dif\u00edciles\u2014 <\/em><\/span><br \/>\n<span style=\"font-size: 20px\"><em>ye lo que realmente define una hestoria.<\/em><\/span><\/p>\n<p><span style=\"font-size: 20px\"><em>Superar nun ye solo avanzar\u2026 <strong>ye aguantar, <\/strong><\/em><\/span><br \/>\n<strong><span style=\"font-size: 20px\"><em>afaese, siguir cuando ser\u00eda m\u00e1s f\u00e1cil parar.<\/em><\/span><\/strong><br \/>\n<span style=\"font-size: 20px\"><em><strong>Quiciabes l&#8217;\u00e9situ<\/strong> nun ta en llegar\u2026 sin\u00f3n en <strong>nun rindise.<\/strong><\/em><\/span><\/p>\n<p>Barbra Streisand: <a href=\"https:\/\/es.wikipedia.org\/wiki\/Barbra_Streisand\">Wiki<\/a> \/ cantante estadounidense \/ <a href=\"https:\/\/releases.barbrastreisand.com\">web<\/a> \/ <a href=\"https:\/\/www.instagram.com\/barbrastreisand\/\">Instagram<\/a> \/ Los \u00c1ngeles USA<\/p>\n<p><!--more--><\/p>\n<p style=\"text-align: center\">\n<!-- iframe plugin v.6.0 wordpress.org\/plugins\/iframe\/ -->\n<iframe data-testid=\"embed-iframe\" style=\"border-radius:12px\" src=\"https:\/\/open.spotify.com\/embed\/artist\/7jmTilWYlKOuavFfmQAcu6?utm_source=generator\" width=\"100%\" height=\"352\" frameborder=\"0\" allowfullscreen allow=\"autoplay; clipboard-write; encrypted-media; fullscreen; picture-in-picture\" loading=\"lazy\" 0=\"\/iframe\" scrolling=\"yes\" class=\"iframe-class\"><\/iframe>\n<\/p>\n<p style=\"text-align: center\"><span class=\"x193iq5w xeuugli x13faqbe x1vvkbs x1xmvt09 x1lliihq x1s928wv xhkezso x1gmr53x x1cpjm7i x1fgarty x1943h6x xudqn12 x3x7a5m x1f6kntn xvq8zen xo1l8bm xzsf02u\" dir=\"auto\"><span class=\"x193iq5w xeuugli x13faqbe x1vvkbs xt0psk2 x1i0vuye xvs91rp xo1l8bm x5n08af x10wh9bi xpm28yp x8viiok x1o7cslx x126k92a\"><span class=\"html-span xexx8yu x4uap5 x18d9i69 xkhd6sd x1hl2dhg x16tdsg8 x1vvkbs x3nfvp2 x1j61x8r x1fcty0u xdj266r xat24cr xgzva0m xhhsvwb xxymvpz xlup9mm x1kky2od\">\n<!-- iframe plugin v.6.0 wordpress.org\/plugins\/iframe\/ -->\n<iframe loading=\"lazy\" src=\"https:\/\/www.instagram.com\/p\/C9iPTtSOeeB\/embed\" width=\"520\" height=\"580\" 0=\"\/iframe\" scrolling=\"yes\" class=\"iframe-class\" frameborder=\"0\"><\/iframe>\n<\/span><\/span><\/span><\/p>\n<p style=\"text-align: center\">\n<!-- iframe plugin v.6.0 wordpress.org\/plugins\/iframe\/ -->\n<iframe loading=\"lazy\" src=\"https:\/\/www.facebook.com\/plugins\/post.php?href=https%3A%2F%2Fwww.facebook.com%2FAnkorInclan%2Fposts%2Fpfbid06X61tTVjUzxAKS3VJcX2jh4eD5qZ5Lvnp6MG9zTFjS37sMypHM4BxZJQveV8WHEWl&#038;show_text=false&#038;width=500\" width=\"500\" height=\"498\" style=\"border:none;overflow:hidden\" scrolling=\"no\" frameborder=\"0\" allowfullscreen=\"true\" allow=\"autoplay; clipboard-write; encrypted-media; picture-in-picture; web-share\" 0=\"\/iframe\" class=\"iframe-class\"><\/iframe>\n<\/p>\n","protected":false},"excerpt":{"rendered":"<p>&nbsp; \u201cL&#8217;\u00e9situ nun se mide polo que consiguisti, sin\u00f3n poles torgues que superasti.\u201d El 24 d&#8217;abril de 1942 nac\u00eda una artista qu&#8217;entendi\u00f3 que&#8217;l verdaderu valor nun ta na meta\u2026 sin\u00f3n nel cam\u00edn. Y en esa frase hai una perspectiva distinta. Porque solemos midir l&#8217;\u00e9situ por resultancies visibles, por llogros, por reconocencia. Pero lo que nun [&hellip;]<\/p>\n","protected":false},"author":117,"featured_media":0,"comment_status":"closed","ping_status":"closed","sticky":false,"template":"","format":"standard","meta":{"footnotes":""},"categories":[107,35],"tags":[],"class_list":["post-72648","post","type-post","status-publish","format-standard","hentry","category-aniversariu","category-musica"],"_links":{"self":[{"href":"https:\/\/edublog.educastur.es\/ixuxu\/wp-json\/wp\/v2\/posts\/72648","targetHints":{"allow":["GET"]}}],"collection":[{"href":"https:\/\/edublog.educastur.es\/ixuxu\/wp-json\/wp\/v2\/posts"}],"about":[{"href":"https:\/\/edublog.educastur.es\/ixuxu\/wp-json\/wp\/v2\/types\/post"}],"author":[{"embeddable":true,"href":"https:\/\/edublog.educastur.es\/ixuxu\/wp-json\/wp\/v2\/users\/117"}],"replies":[{"embeddable":true,"href":"https:\/\/edublog.educastur.es\/ixuxu\/wp-json\/wp\/v2\/comments?post=72648"}],"version-history":[{"count":5,"href":"https:\/\/edublog.educastur.es\/ixuxu\/wp-json\/wp\/v2\/posts\/72648\/revisions"}],"predecessor-version":[{"id":72653,"href":"https:\/\/edublog.educastur.es\/ixuxu\/wp-json\/wp\/v2\/posts\/72648\/revisions\/72653"}],"wp:attachment":[{"href":"https:\/\/edublog.educastur.es\/ixuxu\/wp-json\/wp\/v2\/media?parent=72648"}],"wp:term":[{"taxonomy":"category","embeddable":true,"href":"https:\/\/edublog.educastur.es\/ixuxu\/wp-json\/wp\/v2\/categories?post=72648"},{"taxonomy":"post_tag","embeddable":true,"href":"https:\/\/edublog.educastur.es\/ixuxu\/wp-json\/wp\/v2\/tags?post=72648"}],"curies":[{"name":"wp","href":"https:\/\/api.w.org\/{rel}","templated":true}]}}