{"id":72674,"date":"2026-04-26T09:00:33","date_gmt":"2026-04-26T07:00:33","guid":{"rendered":"https:\/\/edublog.educastur.es\/ixuxu\/?p=72674"},"modified":"2026-04-26T14:02:51","modified_gmt":"2026-04-26T12:02:51","slug":"dia-internacional-de-los-flamencos","status":"publish","type":"post","link":"https:\/\/edublog.educastur.es\/ixuxu\/2026\/04\/dia-internacional-de-los-flamencos\/","title":{"rendered":"D\u00eda Internacional de los Flamencos"},"content":{"rendered":"<p>Espa\u00f1a ye un puntu estrat\u00e9xicu para los flamencos n&#8217;Europa, con g\u00fcelgues qu&#8217;acueyen dalgunes de les sos principales colonies de cr\u00eda \ud83e\udda9\ud83d\udca7 \ud83d\udcaa Trabayamos para impulsar la recuperaci\u00f3n de g\u00fcelgues, ecosistemes esenciales para la vida humana y la biodiversid\u00e1. \ud83e\udda9\u2728 Cada a\u00f1u, miles de flamencos ti\u00f1en de rosa les g\u00fcelgues espa\u00f1oles. <a href=\"https:\/\/x.com\/i\/status\/1916152791283995028\">VIDEU<\/a> \/\u00a0 <a class=\"x1i10hfl xjbqb8w x1ejq31n x18oe1m7 x1sy0etr xstzfhl x972fbf x10w94by x1qhh985 x14e42zd x9f619 x1ypdohk xt0psk2 x3ct3a4 xdj266r x14z9mp xat24cr x1lziwak xexx8yu xyri2b x18d9i69 x1c1uobl x16tdsg8 x1hl2dhg xggy1nq x1a2a7pz _aa9_ _a6hd\" role=\"link\" href=\"https:\/\/www.instagram.com\/explore\/tags\/d%C3%ADainternacionaldelosflamencos\/\">#D\u00edaInternacionalDeLosFlamencos<\/a><\/p>\n<p style=\"text-align: center\"><a href=\"https:\/\/pbs.twimg.com\/media\/HG0ePBDW8AEBEv0?format=jpg&amp;name=large\"><img loading=\"lazy\" decoding=\"async\" class=\"aligncenter \" src=\"https:\/\/pbs.twimg.com\/media\/HG0ePBDW8AEBEv0?format=jpg&amp;name=large\" width=\"671\" height=\"839\" \/><\/a><\/p>\n<p><!--more--><\/p>\n<p style=\"text-align: center\"><a href=\"https:\/\/pbs.twimg.com\/media\/Ez5_GNPWYAAx_Vr?format=jpg&amp;name=900x900\"><img loading=\"lazy\" decoding=\"async\" class=\"aligncenter size-large\" src=\"https:\/\/pbs.twimg.com\/media\/Ez5_GNPWYAAx_Vr?format=jpg&amp;name=900x900\" width=\"719\" height=\"539\" \/><\/a><\/p>\n<p style=\"text-align: center\"><a href=\"https:\/\/pbs.twimg.com\/media\/FuowibyWwAU0fgB?format=jpg&amp;name=900x900\"><img loading=\"lazy\" decoding=\"async\" class=\"aligncenter size-large\" src=\"https:\/\/pbs.twimg.com\/media\/FuowibyWwAU0fgB?format=jpg&amp;name=900x900\" width=\"720\" height=\"658\" \/><\/a><\/p>\n<p>&nbsp;<\/p>\n<p style=\"text-align: center\"><a href=\"https:\/\/pbs.twimg.com\/media\/FRTcyYUWYAIIRQy?format=jpg&amp;name=4096x4096\"><img loading=\"lazy\" decoding=\"async\" class=\"aligncenter size-large\" src=\"https:\/\/pbs.twimg.com\/media\/FRTcyYUWYAIIRQy?format=jpg&amp;name=4096x4096\" width=\"2816\" height=\"2112\" \/><\/a><a href=\"https:\/\/pbs.twimg.com\/media\/GMGZ-tOWUAA5lWv?format=jpg&amp;name=4096x4096\"><img loading=\"lazy\" decoding=\"async\" class=\"size-large\" src=\"https:\/\/pbs.twimg.com\/media\/GMGZ-tOWUAA5lWv?format=jpg&amp;name=4096x4096\" width=\"2400\" height=\"3000\" \/><\/a><\/p>\n","protected":false},"excerpt":{"rendered":"<p>Espa\u00f1a ye un puntu estrat\u00e9xicu para los flamencos n&#8217;Europa, con g\u00fcelgues qu&#8217;acueyen dalgunes de les sos principales colonies de cr\u00eda \ud83e\udda9\ud83d\udca7 \ud83d\udcaa Trabayamos para impulsar la recuperaci\u00f3n de g\u00fcelgues, ecosistemes esenciales para la vida humana y la biodiversid\u00e1. \ud83e\udda9\u2728 Cada a\u00f1u, miles de flamencos ti\u00f1en de rosa les g\u00fcelgues espa\u00f1oles. VIDEU \/\u00a0 #D\u00edaInternacionalDeLosFlamencos<\/p>\n","protected":false},"author":117,"featured_media":0,"comment_status":"closed","ping_status":"closed","sticky":false,"template":"","format":"standard","meta":{"footnotes":""},"categories":[6],"tags":[],"class_list":["post-72674","post","type-post","status-publish","format-standard","hentry","category-dia-de"],"_links":{"self":[{"href":"https:\/\/edublog.educastur.es\/ixuxu\/wp-json\/wp\/v2\/posts\/72674","targetHints":{"allow":["GET"]}}],"collection":[{"href":"https:\/\/edublog.educastur.es\/ixuxu\/wp-json\/wp\/v2\/posts"}],"about":[{"href":"https:\/\/edublog.educastur.es\/ixuxu\/wp-json\/wp\/v2\/types\/post"}],"author":[{"embeddable":true,"href":"https:\/\/edublog.educastur.es\/ixuxu\/wp-json\/wp\/v2\/users\/117"}],"replies":[{"embeddable":true,"href":"https:\/\/edublog.educastur.es\/ixuxu\/wp-json\/wp\/v2\/comments?post=72674"}],"version-history":[{"count":5,"href":"https:\/\/edublog.educastur.es\/ixuxu\/wp-json\/wp\/v2\/posts\/72674\/revisions"}],"predecessor-version":[{"id":72685,"href":"https:\/\/edublog.educastur.es\/ixuxu\/wp-json\/wp\/v2\/posts\/72674\/revisions\/72685"}],"wp:attachment":[{"href":"https:\/\/edublog.educastur.es\/ixuxu\/wp-json\/wp\/v2\/media?parent=72674"}],"wp:term":[{"taxonomy":"category","embeddable":true,"href":"https:\/\/edublog.educastur.es\/ixuxu\/wp-json\/wp\/v2\/categories?post=72674"},{"taxonomy":"post_tag","embeddable":true,"href":"https:\/\/edublog.educastur.es\/ixuxu\/wp-json\/wp\/v2\/tags?post=72674"}],"curies":[{"name":"wp","href":"https:\/\/api.w.org\/{rel}","templated":true}]}}