{"id":72689,"date":"2026-04-26T07:00:43","date_gmt":"2026-04-26T05:00:43","guid":{"rendered":"https:\/\/edublog.educastur.es\/ixuxu\/?p=72689"},"modified":"2026-04-26T13:28:24","modified_gmt":"2026-04-26T11:28:24","slug":"72689","status":"publish","type":"post","link":"https:\/\/edublog.educastur.es\/ixuxu\/2026\/04\/72689\/","title":{"rendered":"La lluna, g\u00fcei&#8230;"},"content":{"rendered":"<p>\u00abCierra la selmana con una llimpieza mental: revisa l&#8217;axenda, ordena en casa y fai una visualizaci\u00f3n que te ayude a enraigonate\u00bb. Nun hai nam\u00e1s inspirador que vivir en sinton\u00eda colo qu&#8217;asocede na naturaleza, y ello incluyi ser consciente de c\u00f3mo ta la rescamplante la lluna de g\u00fcei. Te va ayudar a entamar meyor el to d\u00eda, escoyendo&#8217;l momentu \u00f3ptimo para curiate o realizar les xeres favorec\u00edes pola fase llunar.<\/p>\n<p style=\"text-align: center\"><a href=\"https:\/\/content.cuerpomente.com\/medio\/2026\/04\/24\/moon_sunday_0_4b9e235a_260424095142_1280x720.webp\"><img loading=\"lazy\" decoding=\"async\" class=\"aligncenter \" src=\"https:\/\/content.cuerpomente.com\/medio\/2026\/04\/24\/moon_sunday_0_4b9e235a_260424095142_1280x720.webp\" width=\"793\" height=\"446\" \/><\/a><\/p>\n<p>Alza la vista esta nueche, antes de chate, vas vela un pocu m\u00e1s grande, con casi un 80% de lluz. \u00bfQu\u00e9 nos diz esta meyora? Quiciabes que la pr\u00f3xima Lluna llena esta a la vuelta de la esquina.<\/p>\n<p><!--more--><\/p>\n<p>La Lluna creciente ta g\u00fcei, a partir de la 04:30 de la madrugada nel signu de Virgo, cola so enerx\u00eda de terra y sigue baxando na so \u00f3rbita.<strong> La so enerx\u00eda puede influyinos a la de curiar del nuesu bienestar en toos lo \u00e1mbitos de la nuesa vida: rutines de guapura, xeres del llar y el cuidu del xard\u00edn o&#8217;l g\u00fcertu.<\/strong><\/p>\n<p>Esti eventu astrol\u00f3xicu inaugura un camb\u00e9u xeneracional, emponi\u00e9ndonos a revolucionar les comunicaciones, la forma en como intercambiamos informaci\u00f3n y rellacionamos cola redolada, el manexu de les redes sociales y l&#8217;educaci\u00f3n: nueves idees, meyores tecnol\u00f3xiques y educatives, cambeos en llinguaxe&#8230;<\/p>\n<p style=\"text-align: center\"><a href=\"https:\/\/content.cuerpomente.com\/medio\/2026\/04\/24\/fase-lunar-del-domingo-26-de-abril-2026-luna-gibosa-creciente_f4087c38_260424095425_900x506.webp\"><img loading=\"lazy\" decoding=\"async\" class=\"aligncenter size-large\" src=\"https:\/\/content.cuerpomente.com\/medio\/2026\/04\/24\/fase-lunar-del-domingo-26-de-abril-2026-luna-gibosa-creciente_f4087c38_260424095425_900x506.webp\" width=\"900\" height=\"506\" \/><\/a><\/p>\n<ul>\n<li><strong>Fase lunar de hoy:<\/strong>\u00a0Luna gibosa creciente<\/li>\n<li><strong>A qu\u00e9 hora se oculta la Luna:<\/strong>\u00a004:57 (Madrid)<\/li>\n<li><strong>A qu\u00e9 hora sale la Luna hoy:<\/strong>\u00a016:00 (Madrid)<\/li>\n<li><strong>Iluminaci\u00f3n:<\/strong>\u00a069,2%-78,4%<\/li>\n<li><strong>\u00d3rbita:<\/strong>\u00a0Descendente<\/li>\n<li><strong>Constelaci\u00f3n:\u00a0<\/strong>Leo<\/li>\n<li><strong>Signo astrol\u00f3gico:<\/strong>\u00a0Leo-Virgo (04:30)<\/li>\n<\/ul>\n<p>&nbsp;<\/p>\n","protected":false},"excerpt":{"rendered":"<p>\u00abCierra la selmana con una llimpieza mental: revisa l&#8217;axenda, ordena en casa y fai una visualizaci\u00f3n que te ayude a enraigonate\u00bb. Nun hai nam\u00e1s inspirador que vivir en sinton\u00eda colo qu&#8217;asocede na naturaleza, y ello incluyi ser consciente de c\u00f3mo ta la rescamplante la lluna de g\u00fcei. Te va ayudar a entamar meyor el to [&hellip;]<\/p>\n","protected":false},"author":117,"featured_media":0,"comment_status":"closed","ping_status":"closed","sticky":false,"template":"","format":"standard","meta":{"footnotes":""},"categories":[223],"tags":[],"class_list":["post-72689","post","type-post","status-publish","format-standard","hentry","category-astronomia"],"_links":{"self":[{"href":"https:\/\/edublog.educastur.es\/ixuxu\/wp-json\/wp\/v2\/posts\/72689","targetHints":{"allow":["GET"]}}],"collection":[{"href":"https:\/\/edublog.educastur.es\/ixuxu\/wp-json\/wp\/v2\/posts"}],"about":[{"href":"https:\/\/edublog.educastur.es\/ixuxu\/wp-json\/wp\/v2\/types\/post"}],"author":[{"embeddable":true,"href":"https:\/\/edublog.educastur.es\/ixuxu\/wp-json\/wp\/v2\/users\/117"}],"replies":[{"embeddable":true,"href":"https:\/\/edublog.educastur.es\/ixuxu\/wp-json\/wp\/v2\/comments?post=72689"}],"version-history":[{"count":3,"href":"https:\/\/edublog.educastur.es\/ixuxu\/wp-json\/wp\/v2\/posts\/72689\/revisions"}],"predecessor-version":[{"id":72692,"href":"https:\/\/edublog.educastur.es\/ixuxu\/wp-json\/wp\/v2\/posts\/72689\/revisions\/72692"}],"wp:attachment":[{"href":"https:\/\/edublog.educastur.es\/ixuxu\/wp-json\/wp\/v2\/media?parent=72689"}],"wp:term":[{"taxonomy":"category","embeddable":true,"href":"https:\/\/edublog.educastur.es\/ixuxu\/wp-json\/wp\/v2\/categories?post=72689"},{"taxonomy":"post_tag","embeddable":true,"href":"https:\/\/edublog.educastur.es\/ixuxu\/wp-json\/wp\/v2\/tags?post=72689"}],"curies":[{"name":"wp","href":"https:\/\/api.w.org\/{rel}","templated":true}]}}