{"id":72711,"date":"2026-04-25T13:47:59","date_gmt":"2026-04-25T11:47:59","guid":{"rendered":"https:\/\/edublog.educastur.es\/ixuxu\/?p=72711"},"modified":"2026-04-26T13:52:17","modified_gmt":"2026-04-26T11:52:17","slug":"la-faba-dasturies-igp-protagonista-del-mercau-de-primavera","status":"publish","type":"post","link":"https:\/\/edublog.educastur.es\/ixuxu\/2026\/04\/la-faba-dasturies-igp-protagonista-del-mercau-de-primavera\/","title":{"rendered":"XXXII Xornaes de les Fabes de Villaviciosa"},"content":{"rendered":"<p>Fabes a 16,50 euros el quilu esta fin de selmana en Villaviciosa. La<strong><span style=\"color: #008080\"> Faba d&#8217;Asturies IGP<\/span><\/strong>, protagonista del Merc\u00e1u de Primavera. <a href=\"https:\/\/www.elfielato.es\/articulo\/villaviciosa\/fabes-dieciseis-euros-kilo-fin-semana-villaviciosa\/20260425212630095354.html?fbclid=IwY2xjawRa2mVleHRuA2FlbQIxMQBzcnRjBmFwcF9pZBAyMjIwMzkxNzg4MjAwODkyAAEeDfjYl9X4nAVrejq_50eMDQt1_OegvA6Q4HUlg-eedX_RfBp_G2Y4qIhwG0Q_aem_iYuwa5YTg-gSVRadtQt_hg\">El Fielato<\/a> \/<\/p>\n<p style=\"text-align: center\"><a href=\"https:\/\/www.elfielato.es\/asset\/thumbnail,1920,1080,center,center\/media\/elfielato\/images\/2026\/04\/25\/2026042517461832758.jpg\"><img loading=\"lazy\" decoding=\"async\" class=\"aligncenter size-large\" src=\"https:\/\/www.elfielato.es\/asset\/thumbnail,1920,1080,center,center\/media\/elfielato\/images\/2026\/04\/25\/2026042517461832758.jpg\" width=\"1000\" height=\"750\" \/><\/a><\/p>\n<p>Villaviciosa acueyen el s\u00e1badu y el domingu&#8217;l Merc\u00e1u de Primavera, que tien como principales protagonistes a les fabes y los productos agroalimentarios. El Merc\u00e1u ye unu de los alicientes de la programaci\u00f3n de les<strong> XXXII Xornaes de les Fabes de Villaviciosa<\/strong>, qu&#8217;entama&#8217;l Conceyu maliay\u00e9s.<\/p>\n<p style=\"text-align: center\"><!--more--><\/p>\n<p style=\"text-align: center\"><a href=\"https:\/\/www.elfielato.es\/asset\/thumbnail,1920,1080,center,center\/media\/elfielato\/images\/2026\/04\/21\/2026042120213464016.jpg\"><img loading=\"lazy\" decoding=\"async\" class=\"aligncenter size-large\" src=\"https:\/\/www.elfielato.es\/asset\/thumbnail,1920,1080,center,center\/media\/elfielato\/images\/2026\/04\/21\/2026042120213464016.jpg\" width=\"1000\" height=\"726\" \/><\/a><\/p>\n<p><strong>La Fabada de R\u00edu \u00c1stur. <\/strong>La fabada ganadora, la Meyor del Mundu 2026, ye la que se cocina na Sidrer\u00eda R\u00edo \u00c1stur, en Xix\u00f3n, que s&#8217;alza per primer vegada col premiu gordu del concursu qu&#8217;entamen el Conceyu de Villaviciosa y l&#8217;empresa d&#8217;eventos gastron\u00f3micos Gustatio. L&#8217;establecimientu xixon\u00e9s alz\u00f3se tami\u00e9n col premiu al Meyor Compangu.<\/p>\n<p style=\"text-align: center\"><a href=\"https:\/\/www.elfielato.es\/asset\/thumbnail,1280,720,center,center\/media\/elfielato\/images\/2026\/04\/21\/2026042120460331678.jpg\"><img loading=\"lazy\" decoding=\"async\" class=\"aligncenter size-large\" src=\"https:\/\/www.elfielato.es\/asset\/thumbnail,1280,720,center,center\/media\/elfielato\/images\/2026\/04\/21\/2026042120460331678.jpg\" width=\"1000\" height=\"683\" \/><\/a><br \/>\n<a href=\"https:\/\/www.elfielato.es\/media\/elfielato\/images\/2026\/04\/25\/2026042519355312463.jpg\"><img loading=\"lazy\" decoding=\"async\" class=\"aligncenter size-large\" src=\"https:\/\/www.elfielato.es\/media\/elfielato\/images\/2026\/04\/25\/2026042519355312463.jpg\" width=\"1000\" height=\"1441\" \/><\/a><\/p>\n","protected":false},"excerpt":{"rendered":"<p>Fabes a 16,50 euros el quilu esta fin de selmana en Villaviciosa. La Faba d&#8217;Asturies IGP, protagonista del Merc\u00e1u de Primavera. El Fielato \/ Villaviciosa acueyen el s\u00e1badu y el domingu&#8217;l Merc\u00e1u de Primavera, que tien como principales protagonistes a les fabes y los productos agroalimentarios. El Merc\u00e1u ye unu de los alicientes de la [&hellip;]<\/p>\n","protected":false},"author":117,"featured_media":0,"comment_status":"closed","ping_status":"closed","sticky":false,"template":"","format":"standard","meta":{"footnotes":""},"categories":[138,175,290,171],"tags":[],"class_list":["post-72711","post","type-post","status-publish","format-standard","hentry","category-alimentos","category-festival-gastronomicu","category-mercau","category-xornaes"],"_links":{"self":[{"href":"https:\/\/edublog.educastur.es\/ixuxu\/wp-json\/wp\/v2\/posts\/72711","targetHints":{"allow":["GET"]}}],"collection":[{"href":"https:\/\/edublog.educastur.es\/ixuxu\/wp-json\/wp\/v2\/posts"}],"about":[{"href":"https:\/\/edublog.educastur.es\/ixuxu\/wp-json\/wp\/v2\/types\/post"}],"author":[{"embeddable":true,"href":"https:\/\/edublog.educastur.es\/ixuxu\/wp-json\/wp\/v2\/users\/117"}],"replies":[{"embeddable":true,"href":"https:\/\/edublog.educastur.es\/ixuxu\/wp-json\/wp\/v2\/comments?post=72711"}],"version-history":[{"count":5,"href":"https:\/\/edublog.educastur.es\/ixuxu\/wp-json\/wp\/v2\/posts\/72711\/revisions"}],"predecessor-version":[{"id":72716,"href":"https:\/\/edublog.educastur.es\/ixuxu\/wp-json\/wp\/v2\/posts\/72711\/revisions\/72716"}],"wp:attachment":[{"href":"https:\/\/edublog.educastur.es\/ixuxu\/wp-json\/wp\/v2\/media?parent=72711"}],"wp:term":[{"taxonomy":"category","embeddable":true,"href":"https:\/\/edublog.educastur.es\/ixuxu\/wp-json\/wp\/v2\/categories?post=72711"},{"taxonomy":"post_tag","embeddable":true,"href":"https:\/\/edublog.educastur.es\/ixuxu\/wp-json\/wp\/v2\/tags?post=72711"}],"curies":[{"name":"wp","href":"https:\/\/api.w.org\/{rel}","templated":true}]}}