{"id":72718,"date":"2026-04-26T11:03:47","date_gmt":"2026-04-26T09:03:47","guid":{"rendered":"https:\/\/edublog.educastur.es\/ixuxu\/?p=72718"},"modified":"2026-04-26T16:41:22","modified_gmt":"2026-04-26T14:41:22","slug":"los-sitios-protexios-pola-unesco-tan-xenerando-impactos-positivos-nes-persones-y-na-naturaleza","status":"publish","type":"post","link":"https:\/\/edublog.educastur.es\/ixuxu\/2026\/04\/los-sitios-protexios-pola-unesco-tan-xenerando-impactos-positivos-nes-persones-y-na-naturaleza\/","title":{"rendered":"Los sitios protex\u00edos pola UNESCO t\u00e1n xenerando impactos positivos nes persones y na naturaleza"},"content":{"rendered":"<div class=\"html-div xdj266r x14z9mp xat24cr x1lziwak xsag5q8 xz9dl7a xv54qhq xf7dkkf x1jx94hy\">\n<div class=\"html-div xdj266r x14z9mp xat24cr x1lziwak xexx8yu xyri2b x18d9i69 x1c1uobl x78zum5 x1q0g3np x1ba4aug\">\n<div class=\"html-div xdj266r x14z9mp xat24cr x1lziwak xexx8yu xyri2b x18d9i69 x1c1uobl x1iyjqo2 xeuugli\">\n<div class=\"x78zum5 xdt5ytf xz62fqu x16ldp7u\">\n<div class=\"xu06os2 x1ok221b\">\n<ul>\n<li class=\"html-h3 x14z9mp xat24cr x1lziwak xexx8yu xyri2b x18d9i69 x1c1uobl x1vvkbs x1heor9g x1qlqyl8 x1pd3egz x1a2a7pz x1gslohp x1yc453h\"><span class=\"x78zum5 x1q0g3np\"><span class=\"x1lliihq x6ikm8r x10wlt62 x1n2onr6 xlyipyv xuxw1ft\"><span class=\"xt0psk2\"><a class=\"x1i10hfl xjbqb8w x1ejq31n x18oe1m7 x1sy0etr xstzfhl x972fbf x10w94by x1qhh985 x14e42zd x9f619 x1ypdohk xt0psk2 x3ct3a4 xdj266r x14z9mp xat24cr x1lziwak xexx8yu xyri2b x18d9i69 x1c1uobl x16tdsg8 x1hl2dhg xggy1nq x1a2a7pz xkrqix3 x1sur9pj xzsf02u x1s688f\" role=\"link\" href=\"https:\/\/www.facebook.com\/UNESCOes?__cft__[0]=AZarAt1muOXf-khyrO1wLLObnQKlhsekLOsqdJkiSgYayFf6fX-4PdwWAyvDGJIvIK0Fnzyqd14AqdJ0nSZNW9H8UrXM-SIy86R5_Gv0_SPxPzV3YUqhBXnbsKocYr0lTPqYn8Uae8PBP0yQYwEoHjIYVWY_5PN9viUY-vkOthiHKxOCbLghkMWk2Lg6oNyjGwJGJTiWtf3t8E0wp5G-SQ8s&amp;__tn__=-UC%2CP-y-R\"><b class=\"html-b xdj266r x14z9mp xat24cr x1lziwak xexx8yu xyri2b x18d9i69 x1c1uobl x1hl2dhg x16tdsg8 x1vvkbs x1s688f\"><span class=\"html-span xdj266r x14z9mp xat24cr x1lziwak xexx8yu xyri2b x18d9i69 x1c1uobl x1hl2dhg x16tdsg8 x1vvkbs\">UNESCO en espa\u00f1ol<\/span><\/b><\/a><\/span><\/span><\/span><span style=\"font-size: 16px\">\/\u00a0 <em><span lang=\"ES\">\u00a0<\/span><\/em><a href=\"https:\/\/www.unesco.org\/es\"><em><span lang=\"ES\">www.unesco.org\/es<\/span><\/em><\/a> \u00a0<\/span><img loading=\"lazy\" decoding=\"async\" class=\"xz74otr x15mokao x1ga7v0g x16uus16 xbiv7yw\" src=\"https:\/\/static.xx.fbcdn.net\/images\/emoji.php\/v9\/tb3\/1\/16\/1f517.png\" alt=\"\ud83d\udd17\" width=\"16\" height=\"16\" \/> Llee l&#8217;informe: <span class=\"html-span xdj266r x14z9mp xat24cr x1lziwak xexx8yu xyri2b x18d9i69 x1c1uobl x1hl2dhg x16tdsg8 x1vvkbs\"><a class=\"x1i10hfl xjbqb8w x1ejq31n x18oe1m7 x1sy0etr xstzfhl x972fbf x10w94by x1qhh985 x14e42zd x9f619 x1ypdohk xt0psk2 x3ct3a4 xdj266r x14z9mp xat24cr x1lziwak xexx8yu xyri2b x18d9i69 x1c1uobl x16tdsg8 x1hl2dhg xggy1nq x1a2a7pz xkrqix3 x1sur9pj x1fey0fg x1s688f\" role=\"link\" href=\"https:\/\/www.unesco.org\/es\/articles\/los-sitios-de-la-unesco-son-refugios-vitales-para-la-biodiversidad-segun-revela-un-nuevo-informe?fbclid=IwZXh0bgNhZW0CMTAAc3J0YwZhcHBfaWQQMjIyMDM5MTc4ODIwMDg5MgABHqWue7tUCNJeyIh_e-0IR81j8aoHI8T8aGLeEnBajR4FIqWLLuawbJy-f3UW_aem_gM0dgor1Nu7Y7RanhZUfXA\" target=\"_blank\" rel=\"nofollow noopener noreferrer\">https:\/\/www.unesco.org\/&#8230;\/los-sitios-de-la-unesco-son&#8230;<\/a><\/span><\/li>\n<\/ul>\n<p style=\"text-align: center\">\n<!-- iframe plugin v.6.0 wordpress.org\/plugins\/iframe\/ -->\n<iframe loading=\"lazy\" src=\"https:\/\/www.facebook.com\/plugins\/video.php?height=314&#038;href=https%3A%2F%2Fwww.facebook.com%2Freel%2F944584681549489%2F&#038;show_text=false&#038;width=560&#038;t=0\" width=\"560\" height=\"314\" style=\"border:none;overflow:hidden\" scrolling=\"no\" frameborder=\"0\" allowfullscreen=\"true\" allow=\"autoplay; clipboard-write; encrypted-media; picture-in-picture; web-share\" 0=\"\/iframe\" class=\"iframe-class\"><\/iframe>\n<\/p>\n<p>Detr\u00e1s d&#8217;estes cifres hai una realid\u00e1 m\u00e1s fonda. Los sitios designaos de la UNESCO nun son solu llugares d&#8217;estraordinariu valor; son esenciales para la estabilid\u00e1 clim\u00e1tica, la biodiversid\u00e1 y el bienestar de millones de persones. Sicas\u00ed, t\u00e1n somet\u00edos a una presi\u00f3n creciente. Conoz el panorama actual nel nuevu informe de la UNESCO y afaya por qu\u00e9 protexer estos llugares ye g\u00fcei m\u00e1s urxente que nunca..<\/p>\n<p><!--more--><\/p>\n<\/div>\n<div class=\"rich-text clearfix text-formatted field field--name-field-text field--type-text-long field--label-hidden field__item\">\n<blockquote><p><em><span style=\"color: #008080;font-size: 20px\">Les conclusiones son clares:<strong> los sitios protex\u00edos pola UNESCO t\u00e1n xenerando impactos positivos nes persones y na naturaleza<\/strong>. Nestos territorios, les comunidaes espolleten, el patrimoniu de la humanid\u00e1 perdura y la biodiversid\u00e1 caltiense mientres n&#8217;otres partes degr\u00e1dase. L&#8217;informe mide&#8217;l valor global y les contribuciones d&#8217;estos llugares, y revela lo que podemos perder si nun se-yos da priorid\u00e1. Ye un llamamientu urxente para ampliar el nivel d&#8217;ambici\u00f3n y <strong>reconocer los sitios de la UNESCO como activos estrat\u00e9xicos para faer frente al camb\u00e9u clim\u00e1ticu, a la perda de biodiversid\u00e1 y para invertir agora na protecci\u00f3n de los ecosistemes, les cultures y les maneres de vida para les xeneraciones futures.<\/strong><\/span><\/em><\/p>\n<p><em><span style=\"color: #008080;font-size: 20px\">Khaled El-Enany, <\/span><\/em><em><span style=\"color: #008080;font-size: 20px\">Director Xeneral de la UNESCO<\/span><\/em><\/p><\/blockquote>\n<\/div>\n<div class=\"xu06os2 x1ok221b\">\n<p>L&#8217;\u00faltimu informe de la UNESCO pon de relieve la contribuci\u00f3n estraordinaria de los sos sitios protex\u00edos tantu para les persones como para la naturaleza. Magar les poblaciones de fauna selvaxe menguaron nun 73 % en tol mundu dende 1970, les de les \u00e1rees protex\u00edes pola UNESCO caltuvi\u00e9ronse comparativamente estables. Nestos sitios cens\u00e1ronse m\u00e1s de 1000 lling\u00fces y una cuarta parte d&#8217;ellos incl\u00fai territorios de pueblos ind\u00edxenes.<\/p>\n<p>L&#8217;informe Comunidaes y naturaleza nos sitios designaos pola UNESCO: contribuciones locales y globales, esamina per primer vegada toles categor\u00edes de sitios designaos pola UNESCO \u2014Sitios del Patrimoniu Mundial, Reserves de Biosfera, Geoparques Mundiales\u2014 como una rede \u00fanica de m\u00e1s de 2260 sitios que toma m\u00e1s de 13 millones de km\u00b2, un \u00e1rea m\u00e1s grande que China ya India xuntes.<\/p>\n<\/div>\n<\/div>\n<\/div>\n<\/div>\n<\/div>\n<p>&nbsp;<\/p>\n","protected":false},"excerpt":{"rendered":"<p>UNESCO en espa\u00f1ol\/\u00a0 \u00a0www.unesco.org\/es \u00a0 Llee l&#8217;informe: https:\/\/www.unesco.org\/&#8230;\/los-sitios-de-la-unesco-son&#8230; Detr\u00e1s d&#8217;estes cifres hai una realid\u00e1 m\u00e1s fonda. Los sitios designaos de la UNESCO nun son solu llugares d&#8217;estraordinariu valor; son esenciales para la estabilid\u00e1 clim\u00e1tica, la biodiversid\u00e1 y el bienestar de millones de persones. Sicas\u00ed, t\u00e1n somet\u00edos a una presi\u00f3n creciente. Conoz el panorama actual nel [&hellip;]<\/p>\n","protected":false},"author":117,"featured_media":0,"comment_status":"closed","ping_status":"closed","sticky":false,"template":"","format":"standard","meta":{"footnotes":""},"categories":[1],"tags":[],"class_list":["post-72718","post","type-post","status-publish","format-standard","hentry","category-sin-categoria"],"_links":{"self":[{"href":"https:\/\/edublog.educastur.es\/ixuxu\/wp-json\/wp\/v2\/posts\/72718","targetHints":{"allow":["GET"]}}],"collection":[{"href":"https:\/\/edublog.educastur.es\/ixuxu\/wp-json\/wp\/v2\/posts"}],"about":[{"href":"https:\/\/edublog.educastur.es\/ixuxu\/wp-json\/wp\/v2\/types\/post"}],"author":[{"embeddable":true,"href":"https:\/\/edublog.educastur.es\/ixuxu\/wp-json\/wp\/v2\/users\/117"}],"replies":[{"embeddable":true,"href":"https:\/\/edublog.educastur.es\/ixuxu\/wp-json\/wp\/v2\/comments?post=72718"}],"version-history":[{"count":3,"href":"https:\/\/edublog.educastur.es\/ixuxu\/wp-json\/wp\/v2\/posts\/72718\/revisions"}],"predecessor-version":[{"id":72721,"href":"https:\/\/edublog.educastur.es\/ixuxu\/wp-json\/wp\/v2\/posts\/72718\/revisions\/72721"}],"wp:attachment":[{"href":"https:\/\/edublog.educastur.es\/ixuxu\/wp-json\/wp\/v2\/media?parent=72718"}],"wp:term":[{"taxonomy":"category","embeddable":true,"href":"https:\/\/edublog.educastur.es\/ixuxu\/wp-json\/wp\/v2\/categories?post=72718"},{"taxonomy":"post_tag","embeddable":true,"href":"https:\/\/edublog.educastur.es\/ixuxu\/wp-json\/wp\/v2\/tags?post=72718"}],"curies":[{"name":"wp","href":"https:\/\/api.w.org\/{rel}","templated":true}]}}