{"id":72741,"date":"2026-04-26T09:00:15","date_gmt":"2026-04-26T07:00:15","guid":{"rendered":"https:\/\/edublog.educastur.es\/ixuxu\/?p=72741"},"modified":"2026-04-26T14:31:39","modified_gmt":"2026-04-26T12:31:39","slug":"dia-del-nenu-y-de-la-nena-2","status":"publish","type":"post","link":"https:\/\/edublog.educastur.es\/ixuxu\/2026\/04\/dia-del-nenu-y-de-la-nena-2\/","title":{"rendered":"D\u00eda del Ne\u00f1u y de la Ne\u00f1a"},"content":{"rendered":"<div class=\"xdj266r x14z9mp xat24cr x1lziwak x1vvkbs x126k92a\">\n<div dir=\"auto\">El 26 d&#8217;abril celebra&#8217;l <strong>D\u00eda del Ne\u00f1u y de la Ne\u00f1a<\/strong>, iniciativa impulsada pola Fundaci\u00f3n Crecer Xugando para celebrar la figura de los m\u00e1s pequenos, un d\u00eda para fomentar el xuegu y la llectura. Felicidaes a a tolos <span class=\"html-span xdj266r x14z9mp xat24cr x1lziwak xexx8yu xyri2b x18d9i69 x1c1uobl x1hl2dhg x16tdsg8 x1vvkbs\"><a class=\"x1i10hfl xjbqb8w x1ejq31n x18oe1m7 x1sy0etr xstzfhl x972fbf x10w94by x1qhh985 x14e42zd x9f619 x1ypdohk xt0psk2 x3ct3a4 xdj266r x14z9mp xat24cr x1lziwak xexx8yu xyri2b x18d9i69 x1c1uobl x16tdsg8 x1hl2dhg xggy1nq x1a2a7pz xkrqix3 x1sur9pj x1fey0fg x1s688f\" role=\"link\" href=\"https:\/\/www.facebook.com\/hashtag\/ni%C3%B1os?__cft__[0]=AZbw5gixbpFEeT5llfwibW3DfmxOxyecGZS56fpL487yFvEBBXiiVRVLypI-MzU0CqTVYVVhVlEpMurOpyY5Su752jmaYC-UhJPdNTmoS2aV4Xwtp5AH3Ggw8Kp8kXzsb6s9lb76Li_BDzQTELQdGWX9PhiqkgndMkk5Ra50Fjhu6DXjQ9MD47tXOCK29-7d1j0&amp;__tn__=*NKH-R\">#ne\u00f1os<\/a><\/span>\u00a0y <span class=\"html-span xdj266r x14z9mp xat24cr x1lziwak xexx8yu xyri2b x18d9i69 x1c1uobl x1hl2dhg x16tdsg8 x1vvkbs\"><a class=\"x1i10hfl xjbqb8w x1ejq31n x18oe1m7 x1sy0etr xstzfhl x972fbf x10w94by x1qhh985 x14e42zd x9f619 x1ypdohk xt0psk2 x3ct3a4 xdj266r x14z9mp xat24cr x1lziwak xexx8yu xyri2b x18d9i69 x1c1uobl x16tdsg8 x1hl2dhg xggy1nq x1a2a7pz xkrqix3 x1sur9pj x1fey0fg x1s688f\" role=\"link\" href=\"https:\/\/www.facebook.com\/hashtag\/ni%C3%B1as?__cft__[0]=AZbw5gixbpFEeT5llfwibW3DfmxOxyecGZS56fpL487yFvEBBXiiVRVLypI-MzU0CqTVYVVhVlEpMurOpyY5Su752jmaYC-UhJPdNTmoS2aV4Xwtp5AH3Ggw8Kp8kXzsb6s9lb76Li_BDzQTELQdGWX9PhiqkgndMkk5Ra50Fjhu6DXjQ9MD47tXOCK29-7d1j0&amp;__tn__=*NKH-R\">#ne\u00f1es<\/a><\/span>. Celebraci\u00f3n n&#8217;Espa\u00f1a (26 d&#8217;abril): Impuls\u00e1u pola Fundaci\u00f3n Crecer Xugando,\u00a0 enf\u00f3case en poner en valor la figura infantil sol lema <span style=\"color: #008080\"><strong>\u00abUn d\u00eda para ser ne\u00f1os\u00bb. <\/strong><\/span><a href=\"https:\/\/www.un.org\/es\/observances\/world-childrens-day\">Web UN<\/a><span style=\"color: #008080\"><strong> \/<\/strong><\/span><\/div>\n<div dir=\"auto\" style=\"text-align: center\"><a href=\"https:\/\/upload.wikimedia.org\/wikipedia\/commons\/a\/ad\/Wikipedia_Children%27s_Day.png\"><img loading=\"lazy\" decoding=\"async\" class=\"aligncenter size-large\" src=\"https:\/\/upload.wikimedia.org\/wikipedia\/commons\/a\/ad\/Wikipedia_Children%27s_Day.png\" width=\"470\" height=\"411\" \/><\/a><\/div>\n<div dir=\"auto\"><\/div>\n<div dir=\"auto\">Ye una celebraci\u00f3n internacional <strong>enfocada en promover los derechos, el bienestar y la protecci\u00f3n de la infancia.<\/strong> Anque varia per pa\u00eds,<strong> n&#8217;Espa\u00f1a&#8217;l 26 d&#8217;abril, l&#8217;oxetivu ye celebrar la ni\u00f1ez, fomentar el xuegu y recordar la necesid\u00e1 d&#8217;una redolada seguro y feliz para&#8217;l so desenvolvimientu integral.<\/strong><\/div>\n<div dir=\"auto\"><!--more--><\/div>\n<div dir=\"auto\"><\/div>\n<div dir=\"auto\" style=\"text-align: center\"><a href=\"https:\/\/pbs.twimg.com\/card_img\/2047129290332848128\/n3AFNwKQ?format=jpg&amp;name=small\"><img loading=\"lazy\" decoding=\"async\" class=\"aligncenter size-large\" src=\"https:\/\/pbs.twimg.com\/card_img\/2047129290332848128\/n3AFNwKQ?format=jpg&amp;name=small\" width=\"680\" height=\"453\" \/><\/a><\/div>\n<\/div>\n<p>&nbsp;<\/p>\n","protected":false},"excerpt":{"rendered":"<p>El 26 d&#8217;abril celebra&#8217;l D\u00eda del Ne\u00f1u y de la Ne\u00f1a, iniciativa impulsada pola Fundaci\u00f3n Crecer Xugando para celebrar la figura de los m\u00e1s pequenos, un d\u00eda para fomentar el xuegu y la llectura. Felicidaes a a tolos #ne\u00f1os\u00a0y #ne\u00f1es. Celebraci\u00f3n n&#8217;Espa\u00f1a (26 d&#8217;abril): Impuls\u00e1u pola Fundaci\u00f3n Crecer Xugando,\u00a0 enf\u00f3case en poner en valor la [&hellip;]<\/p>\n","protected":false},"author":117,"featured_media":0,"comment_status":"closed","ping_status":"closed","sticky":false,"template":"","format":"standard","meta":{"footnotes":""},"categories":[6],"tags":[],"class_list":["post-72741","post","type-post","status-publish","format-standard","hentry","category-dia-de"],"_links":{"self":[{"href":"https:\/\/edublog.educastur.es\/ixuxu\/wp-json\/wp\/v2\/posts\/72741","targetHints":{"allow":["GET"]}}],"collection":[{"href":"https:\/\/edublog.educastur.es\/ixuxu\/wp-json\/wp\/v2\/posts"}],"about":[{"href":"https:\/\/edublog.educastur.es\/ixuxu\/wp-json\/wp\/v2\/types\/post"}],"author":[{"embeddable":true,"href":"https:\/\/edublog.educastur.es\/ixuxu\/wp-json\/wp\/v2\/users\/117"}],"replies":[{"embeddable":true,"href":"https:\/\/edublog.educastur.es\/ixuxu\/wp-json\/wp\/v2\/comments?post=72741"}],"version-history":[{"count":7,"href":"https:\/\/edublog.educastur.es\/ixuxu\/wp-json\/wp\/v2\/posts\/72741\/revisions"}],"predecessor-version":[{"id":72748,"href":"https:\/\/edublog.educastur.es\/ixuxu\/wp-json\/wp\/v2\/posts\/72741\/revisions\/72748"}],"wp:attachment":[{"href":"https:\/\/edublog.educastur.es\/ixuxu\/wp-json\/wp\/v2\/media?parent=72741"}],"wp:term":[{"taxonomy":"category","embeddable":true,"href":"https:\/\/edublog.educastur.es\/ixuxu\/wp-json\/wp\/v2\/categories?post=72741"},{"taxonomy":"post_tag","embeddable":true,"href":"https:\/\/edublog.educastur.es\/ixuxu\/wp-json\/wp\/v2\/tags?post=72741"}],"curies":[{"name":"wp","href":"https:\/\/api.w.org\/{rel}","templated":true}]}}