{"id":72776,"date":"2026-04-25T09:00:37","date_gmt":"2026-04-25T07:00:37","guid":{"rendered":"https:\/\/edublog.educastur.es\/ixuxu\/?p=72776"},"modified":"2026-04-26T17:20:21","modified_gmt":"2026-04-26T15:20:21","slug":"dia-internacional-de-llucha-contral-maltratu-a-infancies-y-adolescencies","status":"publish","type":"post","link":"https:\/\/edublog.educastur.es\/ixuxu\/2026\/04\/dia-internacional-de-llucha-contral-maltratu-a-infancies-y-adolescencies\/","title":{"rendered":"D\u00eda Internacional de Llucha contra&#8217;l Maltratu a infancies y adolescencies."},"content":{"rendered":"<div class=\"xdj266r x14z9mp xat24cr x1lziwak x1vvkbs x126k92a\">\n<div dir=\"auto\"><\/div>\n<\/div>\n<div dir=\"auto\" style=\"text-align: center\"><a href=\"https:\/\/www.salta.gob.ar\/public\/images\/noticias\/95296-25-de-abril-dia-mundial-de-lucha-contra-el-maltrato-infantil-20240424221506.jpg\"><img loading=\"lazy\" decoding=\"async\" class=\"aligncenter \" src=\"https:\/\/www.salta.gob.ar\/public\/images\/noticias\/95296-25-de-abril-dia-mundial-de-lucha-contra-el-maltrato-infantil-20240424221506.jpg\" width=\"871\" height=\"490\" \/><\/a><\/div>\n<div class=\"xdj266r x14z9mp xat24cr x1lziwak x1vvkbs x126k92a\">\n<p><span style=\"color: #008080\"><strong>Una fecha establecida para visibilizar, prevenir y erradicar la violencia f\u00edsica, emocional, psicol\u00f3xica y sexual contra menores.<\/strong><\/span> Busca sensibilizar sobro les consecuencies graves del maltratu y fomentar la responsabilid\u00e1 compartida pa garantizar una redolada segura, amorosu y llibre de violencia. <a class=\"x1i10hfl xjbqb8w x1ejq31n x18oe1m7 x1sy0etr xstzfhl x972fbf x10w94by x1qhh985 x14e42zd x9f619 x1ypdohk xt0psk2 x3ct3a4 xdj266r x14z9mp xat24cr x1lziwak xexx8yu xyri2b x18d9i69 x1c1uobl x16tdsg8 x1hl2dhg xggy1nq x1a2a7pz xkrqix3 x1sur9pj x1fey0fg x1s688f\" role=\"link\" href=\"https:\/\/www.facebook.com\/hashtag\/diainternacionaldeluchacontraelmaltratoinfantil?__cft__[0]=AZa-jROgJq4JQLalJm4XtkwTXZ7Mib_mqUMfQMkIH_k0N6579x8aKJQFajUDUjWW61O_ijPBaBk78rGGUk-fiuGfMZ-vpkGBDIOnFXAzFCUtE4ea4mJ7Kpo1nDKOYUj8UBJfeukEMhGHg3OO-pR-LKBnOD5e6D3-PcAT_EjZ1kow-2HspwKlvIkwYjEUBVzaqIpr9RXeNyTh_Howp06a_Dls&amp;__tn__=*NK-y-R\">#diainternacionaldeluchacontraelmaltratoinfantil<\/a><\/p>\n<p><!--more--><\/p>\n<ul>\n<li><span style=\"text-decoration: underline\">Oxetivu principal<\/span>:<strong> Sensibilizar a la socied\u00e1<\/strong> sobro la necesid\u00e1 de protexer a infancies y adolescencies frente a cualquier forma d&#8217;abusu, neglixencia o esplotaci\u00f3n.<\/li>\n<li><span style=\"text-decoration: underline\">Acciones necesaries<\/span>: <strong>Promover la escucha activa, creer nos relatos de los menores<\/strong>, denunciar situaciones de riesgu y garantizar los sos derechos fundamentales.<\/li>\n<li><span style=\"text-decoration: underline\">Visibilid\u00e1<\/span>: La fecha recuerda que&#8217;l <strong>maltratu non siempres dexa marques f\u00edsiques y que la prevenci\u00f3n empieza nel llar y na comunid\u00e1. <\/strong><\/li>\n<\/ul>\n<\/div>\n<p>&nbsp;<\/p>\n<p>Por que un ne\u00f1u pueda realizar los sos derechos,<br \/>\ntien d&#8217;haber un adultu que los garantice.<br \/>\nG\u00fcei y acald\u00eda dicimos NON al maltratu infantil.<br \/>\nS\u00cd al cuidu, tenrura, protecci\u00f3n, escucha, amor&#8230;\u2764\ufe0f.<span class=\"html-span xexx8yu xyri2b x18d9i69 x1c1uobl x1hl2dhg x16tdsg8 x1vvkbs x3nfvp2 x1j61x8r x1fcty0u xdj266r xat24cr xm2jcoa x1mpyi22 xxymvpz xlup9mm x1kky2od\"><img loading=\"lazy\" decoding=\"async\" class=\"xz74otr x15mokao x1ga7v0g x16uus16 xbiv7yw\" src=\"https:\/\/static.xx.fbcdn.net\/images\/emoji.php\/v9\/t6c\/1\/16\/2764.png\" alt=\"\u2764\ufe0f\" width=\"16\" height=\"16\" \/><\/span><\/p>\n","protected":false},"excerpt":{"rendered":"<p>Una fecha establecida para visibilizar, prevenir y erradicar la violencia f\u00edsica, emocional, psicol\u00f3xica y sexual contra menores. Busca sensibilizar sobro les consecuencies graves del maltratu y fomentar la responsabilid\u00e1 compartida pa garantizar una redolada segura, amorosu y llibre de violencia. #diainternacionaldeluchacontraelmaltratoinfantil<\/p>\n","protected":false},"author":117,"featured_media":0,"comment_status":"closed","ping_status":"closed","sticky":false,"template":"","format":"standard","meta":{"footnotes":""},"categories":[6],"tags":[],"class_list":["post-72776","post","type-post","status-publish","format-standard","hentry","category-dia-de"],"_links":{"self":[{"href":"https:\/\/edublog.educastur.es\/ixuxu\/wp-json\/wp\/v2\/posts\/72776","targetHints":{"allow":["GET"]}}],"collection":[{"href":"https:\/\/edublog.educastur.es\/ixuxu\/wp-json\/wp\/v2\/posts"}],"about":[{"href":"https:\/\/edublog.educastur.es\/ixuxu\/wp-json\/wp\/v2\/types\/post"}],"author":[{"embeddable":true,"href":"https:\/\/edublog.educastur.es\/ixuxu\/wp-json\/wp\/v2\/users\/117"}],"replies":[{"embeddable":true,"href":"https:\/\/edublog.educastur.es\/ixuxu\/wp-json\/wp\/v2\/comments?post=72776"}],"version-history":[{"count":3,"href":"https:\/\/edublog.educastur.es\/ixuxu\/wp-json\/wp\/v2\/posts\/72776\/revisions"}],"predecessor-version":[{"id":72781,"href":"https:\/\/edublog.educastur.es\/ixuxu\/wp-json\/wp\/v2\/posts\/72776\/revisions\/72781"}],"wp:attachment":[{"href":"https:\/\/edublog.educastur.es\/ixuxu\/wp-json\/wp\/v2\/media?parent=72776"}],"wp:term":[{"taxonomy":"category","embeddable":true,"href":"https:\/\/edublog.educastur.es\/ixuxu\/wp-json\/wp\/v2\/categories?post=72776"},{"taxonomy":"post_tag","embeddable":true,"href":"https:\/\/edublog.educastur.es\/ixuxu\/wp-json\/wp\/v2\/tags?post=72776"}],"curies":[{"name":"wp","href":"https:\/\/api.w.org\/{rel}","templated":true}]}}