{"id":72782,"date":"2026-04-27T08:30:42","date_gmt":"2026-04-27T06:30:42","guid":{"rendered":"https:\/\/edublog.educastur.es\/ixuxu\/?p=72782"},"modified":"2026-04-26T22:16:48","modified_gmt":"2026-04-26T20:16:48","slug":"el-tiempu-el-comercio-322","status":"publish","type":"post","link":"https:\/\/edublog.educastur.es\/ixuxu\/2026\/04\/el-tiempu-el-comercio-322\/","title":{"rendered":"El tiempu (El Comercio)"},"content":{"rendered":"<p style=\"text-align: left\"><a href=\"https:\/\/s1.ppllstatics.com\/elcomercio\/www\/multimedia\/2026\/04\/26\/prevision-tiempo-asturias-k5GC-U2302588077118HVD-1200x870@El%20Comercio.jpg\"><img loading=\"lazy\" decoding=\"async\" class=\"aligncenter size-large\" src=\"https:\/\/s1.ppllstatics.com\/elcomercio\/www\/multimedia\/2026\/04\/26\/prevision-tiempo-asturias-k5GC-U2302588077118HVD-1200x870@El%20Comercio.jpg\" width=\"1200\" height=\"870\" \/><\/a>Empezamos la \u00faltima selmana d&#8217;abril con un llunes nel que va abondar la nubosid\u00e1 en pr\u00e1cticamente tol Princip\u00e1u. <strong>A lo llargo de la ma\u00f1ana<\/strong> nun se refuga l&#8217;apertura de grandes claros na met\u00e1 sur de la rex\u00f3n ente que va siguir bien nublu&#8217;l restu d&#8217;Asturies. Comoquier, l&#8217;apaici\u00f3n de nubes d&#8217;evoluci\u00f3n diurna a partir del mediud\u00eda nel cordal volver\u00e1 cubrir el cielu. Esta nubosid\u00e1 va dexar bastios que van ser m\u00e1s probables y frecuentes nel sur asturianu pero, por momentos, podr\u00eden escapase afectando localmente a otres zones. Am\u00e1s, estos bastios podr\u00eden venir acompa\u00f1aos de nube. Tocantes a<strong> los vientos<\/strong>, van ser fluexos y variables con encl\u00edn a afitase de nordeste, mientres la segunda parte del d\u00eda, con posibilid\u00e1 de raches moderaes na mari\u00f1a principalmente. <strong>Les temperatures m\u00e1ximes<\/strong> van baxar ente 1 y 2 \u00baC en casi toa Asturies salvo nel interior occidental onde podr\u00eden baxar hasta 3 \u00baC respectu al domingu. <strong>Les m\u00ednimes<\/strong> van caltenese ensin grandes cambeos significativos.<\/p>\n<p><!--more--><\/p>\n<p style=\"text-align: left\">El martes va ser un d\u00eda similar con presencia de nubes y posibilid\u00e1 de bastios, anque con un ascensu t\u00e9rmicu xeneraliz\u00e1u.<\/p>\n","protected":false},"excerpt":{"rendered":"<p>Empezamos la \u00faltima selmana d&#8217;abril con un llunes nel que va abondar la nubosid\u00e1 en pr\u00e1cticamente tol Princip\u00e1u. A lo llargo de la ma\u00f1ana nun se refuga l&#8217;apertura de grandes claros na met\u00e1 sur de la rex\u00f3n ente que va siguir bien nublu&#8217;l restu d&#8217;Asturies. Comoquier, l&#8217;apaici\u00f3n de nubes d&#8217;evoluci\u00f3n diurna a partir del mediud\u00eda [&hellip;]<\/p>\n","protected":false},"author":117,"featured_media":0,"comment_status":"closed","ping_status":"closed","sticky":false,"template":"","format":"standard","meta":{"footnotes":""},"categories":[1],"tags":[],"class_list":["post-72782","post","type-post","status-publish","format-standard","hentry","category-sin-categoria"],"_links":{"self":[{"href":"https:\/\/edublog.educastur.es\/ixuxu\/wp-json\/wp\/v2\/posts\/72782","targetHints":{"allow":["GET"]}}],"collection":[{"href":"https:\/\/edublog.educastur.es\/ixuxu\/wp-json\/wp\/v2\/posts"}],"about":[{"href":"https:\/\/edublog.educastur.es\/ixuxu\/wp-json\/wp\/v2\/types\/post"}],"author":[{"embeddable":true,"href":"https:\/\/edublog.educastur.es\/ixuxu\/wp-json\/wp\/v2\/users\/117"}],"replies":[{"embeddable":true,"href":"https:\/\/edublog.educastur.es\/ixuxu\/wp-json\/wp\/v2\/comments?post=72782"}],"version-history":[{"count":3,"href":"https:\/\/edublog.educastur.es\/ixuxu\/wp-json\/wp\/v2\/posts\/72782\/revisions"}],"predecessor-version":[{"id":72785,"href":"https:\/\/edublog.educastur.es\/ixuxu\/wp-json\/wp\/v2\/posts\/72782\/revisions\/72785"}],"wp:attachment":[{"href":"https:\/\/edublog.educastur.es\/ixuxu\/wp-json\/wp\/v2\/media?parent=72782"}],"wp:term":[{"taxonomy":"category","embeddable":true,"href":"https:\/\/edublog.educastur.es\/ixuxu\/wp-json\/wp\/v2\/categories?post=72782"},{"taxonomy":"post_tag","embeddable":true,"href":"https:\/\/edublog.educastur.es\/ixuxu\/wp-json\/wp\/v2\/tags?post=72782"}],"curies":[{"name":"wp","href":"https:\/\/api.w.org\/{rel}","templated":true}]}}