{"id":72786,"date":"2026-04-26T18:16:49","date_gmt":"2026-04-26T16:16:49","guid":{"rendered":"https:\/\/edublog.educastur.es\/ixuxu\/?p=72786"},"modified":"2026-04-26T22:17:54","modified_gmt":"2026-04-26T20:17:54","slug":"lapertura-de-la-quinta-de-la-isla-nel-botanicu-de-xixon","status":"publish","type":"post","link":"https:\/\/edublog.educastur.es\/ixuxu\/2026\/04\/lapertura-de-la-quinta-de-la-isla-nel-botanicu-de-xixon\/","title":{"rendered":"L&#8217;apertura de la quinta de La Isla nel Bot\u00e1nicu de Xix\u00f3n"},"content":{"rendered":"<p class=\"text-2xl font-bold font-serif leading-tight max-w-[65ch] mb-1.5\"><a href=\"https:\/\/www.rtpa.es\/noticias-sociedad-ast\/2026-04-26\/L'apertura-de-la-quinta-de-La-Isla-atrai-a-miles-de-visitantes-al-Botanicu-de-Xixon_111777206447.html\">L&#8217;apertura de la quinta de La Isla atr\u00e1i a miles de visitantes al Bot\u00e1nicu de Xix\u00f3n.<\/a><\/p>\n<p style=\"text-align: center\"><a href=\"https:\/\/www.rtpa.es\/fotos\/\/26\/04\/20260426142502_RTPA8020715.webp\"><img loading=\"lazy\" decoding=\"async\" class=\"aligncenter size-large\" src=\"https:\/\/www.rtpa.es\/fotos\/\/26\/04\/20260426142502_RTPA8020715.webp\" width=\"853\" height=\"480\" \/><\/a><\/p>\n<div class=\"flow rtpa-prose text-lg leading-tight mb-6\"><strong>Unes 3.600 persones fueron al recintu, que prev\u00e9 repitir un \u00e9situ asemey\u00e1u nel so 23\u00ba aniversariu.<\/strong><\/div>\n<div><\/div>\n<p><!--more--><\/p>\n<div class=\"flow rtpa-prose text-base text-neutral-700\">\n<p>Una versi\u00f3n teatralizada de Florencio Vald\u00e9s y Men\u00e9ndez, l&#8217;home que mand\u00f3 llevantar esta finca, sirvi\u00f3 p&#8217;animar unes visites nes que la casa, anque nun se pue visitar per dientro, llam\u00f3 especialmente l&#8217;atenci\u00f3n, aseguren Adela Blanco y Javier Biesca.<\/p>\n<p>Los xardinos tami\u00e9n fueron motivu d&#8217;almiraci\u00f3n de los visitantes. Una redolada que merez ser pintada destaca Rebeca Justel.<\/p>\n<p>Pa dellos visitantes esti espaciu sup\u00f3n toa una noved\u00e1, otros y\u00e1 ten\u00eden venceyos pasaos con La Isla apunten Jos\u00e9 Luis Lafuente y Mercedes Espinedo.<\/p>\n<p>La previsi\u00f3n de visitantes desbord\u00f3 a la direcci\u00f3n del Bot\u00e1nicu se\u00f1ala Tom\u00e1s Fern\u00e1ndez, director del Xard\u00edn Bot\u00e1nicu Atl\u00e1nticu.<\/p>\n<p>Cola quinta de La Isla, el Bot\u00e1nicu suma 17.000 metros cuadraos m\u00e1s d&#8217;espaciu.<\/p>\n<\/div>\n","protected":false},"excerpt":{"rendered":"<p>L&#8217;apertura de la quinta de La Isla atr\u00e1i a miles de visitantes al Bot\u00e1nicu de Xix\u00f3n. Unes 3.600 persones fueron al recintu, que prev\u00e9 repitir un \u00e9situ asemey\u00e1u nel so 23\u00ba aniversariu.<\/p>\n","protected":false},"author":117,"featured_media":0,"comment_status":"closed","ping_status":"closed","sticky":false,"template":"","format":"standard","meta":{"footnotes":""},"categories":[1],"tags":[],"class_list":["post-72786","post","type-post","status-publish","format-standard","hentry","category-sin-categoria"],"_links":{"self":[{"href":"https:\/\/edublog.educastur.es\/ixuxu\/wp-json\/wp\/v2\/posts\/72786","targetHints":{"allow":["GET"]}}],"collection":[{"href":"https:\/\/edublog.educastur.es\/ixuxu\/wp-json\/wp\/v2\/posts"}],"about":[{"href":"https:\/\/edublog.educastur.es\/ixuxu\/wp-json\/wp\/v2\/types\/post"}],"author":[{"embeddable":true,"href":"https:\/\/edublog.educastur.es\/ixuxu\/wp-json\/wp\/v2\/users\/117"}],"replies":[{"embeddable":true,"href":"https:\/\/edublog.educastur.es\/ixuxu\/wp-json\/wp\/v2\/comments?post=72786"}],"version-history":[{"count":1,"href":"https:\/\/edublog.educastur.es\/ixuxu\/wp-json\/wp\/v2\/posts\/72786\/revisions"}],"predecessor-version":[{"id":72787,"href":"https:\/\/edublog.educastur.es\/ixuxu\/wp-json\/wp\/v2\/posts\/72786\/revisions\/72787"}],"wp:attachment":[{"href":"https:\/\/edublog.educastur.es\/ixuxu\/wp-json\/wp\/v2\/media?parent=72786"}],"wp:term":[{"taxonomy":"category","embeddable":true,"href":"https:\/\/edublog.educastur.es\/ixuxu\/wp-json\/wp\/v2\/categories?post=72786"},{"taxonomy":"post_tag","embeddable":true,"href":"https:\/\/edublog.educastur.es\/ixuxu\/wp-json\/wp\/v2\/tags?post=72786"}],"curies":[{"name":"wp","href":"https:\/\/api.w.org\/{rel}","templated":true}]}}