{"id":72788,"date":"2026-04-26T18:30:17","date_gmt":"2026-04-26T16:30:17","guid":{"rendered":"https:\/\/edublog.educastur.es\/ixuxu\/?p=72788"},"modified":"2026-04-26T22:20:18","modified_gmt":"2026-04-26T20:20:18","slug":"quince-artistes-esponen-un-trabayu-que-desafia-a-la-intelixencia-artificial","status":"publish","type":"post","link":"https:\/\/edublog.educastur.es\/ixuxu\/2026\/04\/quince-artistes-esponen-un-trabayu-que-desafia-a-la-intelixencia-artificial\/","title":{"rendered":"Quince artistes esponen un trabayu que desaf\u00eda a la Intelixencia Artificial"},"content":{"rendered":"<p class=\"text-2xl font-bold font-serif leading-tight max-w-[65ch] mb-1.5\"><a href=\"https:\/\/www.rtpa.es\/noticias-sociedad-ast\/2026-04-25\/Quince-artistes-esponen-un-trabayu-que-desafia-a-la-Intelixencia-Artificial_111777119580.html\">Quince artistes esponen un trabayu que desaf\u00eda a la Intelixencia Artificial.<\/a><\/p>\n<p style=\"text-align: center\"><a href=\"https:\/\/www.rtpa.es\/fotos\/\/26\/04\/20260425140052_RTPA8018464.webp\"><img loading=\"lazy\" decoding=\"async\" class=\"aligncenter size-large\" src=\"https:\/\/www.rtpa.es\/fotos\/\/26\/04\/20260425140052_RTPA8018464.webp\" width=\"853\" height=\"480\" \/><\/a><\/p>\n<div class=\"flow rtpa-prose text-lg leading-tight mb-6\"><strong>Navia acueye esti fin de selmana la tercer Feria de la Illustraci\u00f3n.<\/strong><\/div>\n<div><\/div>\n<p><!--more--><\/p>\n<div class=\"flow rtpa-prose text-base text-neutral-700\">\n<p>Navia acueye esti fin de selmana la tercer Feria de la Illustraci\u00f3n. Artistes asturianos, tami\u00e9n llegaos de fuera d\u2019Asturies, amuesen una disciplina art\u00edstica qu\u2019ent\u00e1 nun algam\u00f3 la repercusi\u00f3n que tienen otres.<\/p>\n<p>Alejandra Cota ye sevillana y vieno a Navia a amosar el result\u00e1u de la so gran pasi\u00f3n, la illustraci\u00f3n. Nun vive profesionalmente d\u2019ello. Ta opositando, pero\u2019l so sua\u00f1u sedr\u00eda ganar la vida dibuxando.<\/p>\n<p>Manuel \u00c1ngel Fern\u00e1ndez ye de Navia y p\u00e1sa-y dalgo paec\u00edo. Ye aut\u00f3nomu y ded\u00edcase a les reformes. Nel so tiempu llibre d\u00e9xase llevar pol arte, un arte nel que y\u00e1 impacta la intelixencia artificial.<\/p>\n<p>Son 14 los artistes que se dan cita na tercer Feria de la Illustraci\u00f3n de Navia, los m\u00e1s asturianos y cuasi toos reconocen que lo faen como hobby.<\/p>\n<p>Hai otros 14 espositores de llibros y la oportunid\u00e1 de conocer en persona a escritores.<\/p>\n<p>Dos feries que podr\u00e1n desfrutase hasta esti domingu.<\/p>\n<\/div>\n","protected":false},"excerpt":{"rendered":"<p>Quince artistes esponen un trabayu que desaf\u00eda a la Intelixencia Artificial. Navia acueye esti fin de selmana la tercer Feria de la Illustraci\u00f3n.<\/p>\n","protected":false},"author":117,"featured_media":0,"comment_status":"closed","ping_status":"closed","sticky":false,"template":"","format":"standard","meta":{"footnotes":""},"categories":[14,261],"tags":[],"class_list":["post-72788","post","type-post","status-publish","format-standard","hentry","category-esposiciones","category-intelixencia-artificial"],"_links":{"self":[{"href":"https:\/\/edublog.educastur.es\/ixuxu\/wp-json\/wp\/v2\/posts\/72788","targetHints":{"allow":["GET"]}}],"collection":[{"href":"https:\/\/edublog.educastur.es\/ixuxu\/wp-json\/wp\/v2\/posts"}],"about":[{"href":"https:\/\/edublog.educastur.es\/ixuxu\/wp-json\/wp\/v2\/types\/post"}],"author":[{"embeddable":true,"href":"https:\/\/edublog.educastur.es\/ixuxu\/wp-json\/wp\/v2\/users\/117"}],"replies":[{"embeddable":true,"href":"https:\/\/edublog.educastur.es\/ixuxu\/wp-json\/wp\/v2\/comments?post=72788"}],"version-history":[{"count":1,"href":"https:\/\/edublog.educastur.es\/ixuxu\/wp-json\/wp\/v2\/posts\/72788\/revisions"}],"predecessor-version":[{"id":72789,"href":"https:\/\/edublog.educastur.es\/ixuxu\/wp-json\/wp\/v2\/posts\/72788\/revisions\/72789"}],"wp:attachment":[{"href":"https:\/\/edublog.educastur.es\/ixuxu\/wp-json\/wp\/v2\/media?parent=72788"}],"wp:term":[{"taxonomy":"category","embeddable":true,"href":"https:\/\/edublog.educastur.es\/ixuxu\/wp-json\/wp\/v2\/categories?post=72788"},{"taxonomy":"post_tag","embeddable":true,"href":"https:\/\/edublog.educastur.es\/ixuxu\/wp-json\/wp\/v2\/tags?post=72788"}],"curies":[{"name":"wp","href":"https:\/\/api.w.org\/{rel}","templated":true}]}}