{"id":72790,"date":"2026-04-26T19:21:26","date_gmt":"2026-04-26T17:21:26","guid":{"rendered":"https:\/\/edublog.educastur.es\/ixuxu\/?p=72790"},"modified":"2026-04-26T22:21:35","modified_gmt":"2026-04-26T20:21:35","slug":"el-fenomenu-eclipse-impulsal-turismu-rural-asturianu-y-xube-los-precios","status":"publish","type":"post","link":"https:\/\/edublog.educastur.es\/ixuxu\/2026\/04\/el-fenomenu-eclipse-impulsal-turismu-rural-asturianu-y-xube-los-precios\/","title":{"rendered":"El fen\u00f3menu eclipse impulsa&#8217;l turismu rural asturianu y xube los precios"},"content":{"rendered":"<p class=\"text-2xl font-bold font-serif leading-tight max-w-[65ch] mb-1.5\"><a href=\"https:\/\/www.rtpa.es\/noticias-asturias-ast\/2026-04-25\/El-fenomenu-eclipse-impulsa'l-turismu-rural-asturianu-y-xube-los-precios_111777119885.html\">El fen\u00f3menu eclipse impulsa&#8217;l turismu rural asturianu y xube los precios.<\/a><\/p>\n<p style=\"text-align: center\"><a href=\"https:\/\/www.rtpa.es\/fotos\/\/26\/04\/20260425132951_RTPA8018281.webp\"><img loading=\"lazy\" decoding=\"async\" class=\"aligncenter size-large\" src=\"https:\/\/www.rtpa.es\/fotos\/\/26\/04\/20260425132951_RTPA8018281.webp\" width=\"853\" height=\"480\" \/><\/a><\/p>\n<div class=\"flow rtpa-prose text-lg leading-tight mb-6\"><strong>Los espertos piden que se garantice la movilid\u00e1 y la segurid\u00e1 pol aumentu de desplazamientos.<\/strong><\/div>\n<div><\/div>\n<p><!--more--><\/p>\n<div class=\"flow rtpa-prose text-base text-neutral-700\">\n<p>Les previsiones aseguren qu&#8217;Asturies ye de les zones onde l&#8217;eclipse total va durar m\u00e1s tiempu, 1 minutu y 48 segundos. Una garant\u00eda qu&#8217;impuls\u00f3&#8217;l turismu rural asturianu.<\/p>\n<p>Munchos agospiamientos cuelguen y\u00e1&#8217;l cartelu de completu y recibi\u00f3se una montonera de reserves. Al turista tradicional sumaron el d&#8217;aficionaos internacionales a l&#8217;astronom\u00eda.<\/p>\n<p>La demanda tom\u00f3 dafechu una ufierta y\u00e1 escasa nel mes d&#8217;agostu. Les axencies de viaxes detecten tami\u00e9n l&#8217;efectu eclipse pa faer paquetes y entamar viaxes.<\/p>\n<p>La xuba de precios por esti fen\u00f3menu astron\u00f3micu ye com\u00fan nos llugares privilexaos dende onde se va ver.<\/p>\n<p>Los espertos piden que se garantice la movilid\u00e1 y la segurid\u00e1 neses feches pol aumentu de desplazamientos. Tami\u00e9n esixen a los conceyos y alministraciones mayor preparaci\u00f3n y que s&#8217;habiliten zones d&#8217;acampada o miradores pa los astroturistes.<\/p>\n<p>El 12 d&#8217;agostu, Asturies va ser un mirador aventay\u00e1u pa ver l&#8217;alliniaci\u00f3n ente&#8217;l Sol, la Lluna y la Tierra. Una oportunid\u00e1 \u00fanica dende fai 120 a\u00f1os.<\/p>\n<\/div>\n","protected":false},"excerpt":{"rendered":"<p>El fen\u00f3menu eclipse impulsa&#8217;l turismu rural asturianu y xube los precios. Los espertos piden que se garantice la movilid\u00e1 y la segurid\u00e1 pol aumentu de desplazamientos.<\/p>\n","protected":false},"author":117,"featured_media":0,"comment_status":"closed","ping_status":"closed","sticky":false,"template":"","format":"standard","meta":{"footnotes":""},"categories":[491,18],"tags":[],"class_list":["post-72790","post","type-post","status-publish","format-standard","hentry","category-eclis-solar","category-turismu"],"_links":{"self":[{"href":"https:\/\/edublog.educastur.es\/ixuxu\/wp-json\/wp\/v2\/posts\/72790","targetHints":{"allow":["GET"]}}],"collection":[{"href":"https:\/\/edublog.educastur.es\/ixuxu\/wp-json\/wp\/v2\/posts"}],"about":[{"href":"https:\/\/edublog.educastur.es\/ixuxu\/wp-json\/wp\/v2\/types\/post"}],"author":[{"embeddable":true,"href":"https:\/\/edublog.educastur.es\/ixuxu\/wp-json\/wp\/v2\/users\/117"}],"replies":[{"embeddable":true,"href":"https:\/\/edublog.educastur.es\/ixuxu\/wp-json\/wp\/v2\/comments?post=72790"}],"version-history":[{"count":1,"href":"https:\/\/edublog.educastur.es\/ixuxu\/wp-json\/wp\/v2\/posts\/72790\/revisions"}],"predecessor-version":[{"id":72791,"href":"https:\/\/edublog.educastur.es\/ixuxu\/wp-json\/wp\/v2\/posts\/72790\/revisions\/72791"}],"wp:attachment":[{"href":"https:\/\/edublog.educastur.es\/ixuxu\/wp-json\/wp\/v2\/media?parent=72790"}],"wp:term":[{"taxonomy":"category","embeddable":true,"href":"https:\/\/edublog.educastur.es\/ixuxu\/wp-json\/wp\/v2\/categories?post=72790"},{"taxonomy":"post_tag","embeddable":true,"href":"https:\/\/edublog.educastur.es\/ixuxu\/wp-json\/wp\/v2\/tags?post=72790"}],"curies":[{"name":"wp","href":"https:\/\/api.w.org\/{rel}","templated":true}]}}