{"id":72792,"date":"2026-04-26T19:21:45","date_gmt":"2026-04-26T17:21:45","guid":{"rendered":"https:\/\/edublog.educastur.es\/ixuxu\/?p=72792"},"modified":"2026-04-26T22:22:59","modified_gmt":"2026-04-26T20:22:59","slug":"primer-certame-local-de-ganau-equino-de-grau","status":"publish","type":"post","link":"https:\/\/edublog.educastur.es\/ixuxu\/2026\/04\/primer-certame-local-de-ganau-equino-de-grau\/","title":{"rendered":"Primer Certame Local de Gan\u00e1u Equino de Grau"},"content":{"rendered":"<p class=\"text-2xl font-bold font-serif leading-tight max-w-[65ch] mb-1.5\"><a href=\"https:\/\/www.rtpa.es\/noticias-asturias-ast\/2026-04-25\/Munchos-animales-y-de-gran-nivel-nel-Primer-Certame-Local-de-Ganau-Equino-de-Grau_111777120052.html\">Munchos animales y de gran nivel nel Primer Certame Local de Gan\u00e1u Equino de Grau.<\/a><\/p>\n<p style=\"text-align: center\"><a href=\"https:\/\/www.rtpa.es\/fotos\/\/26\/04\/20260425140932_RTPA8018489.webp\"><img loading=\"lazy\" decoding=\"async\" class=\"aligncenter size-large\" src=\"https:\/\/www.rtpa.es\/fotos\/\/26\/04\/20260425140932_RTPA8018489.webp\" width=\"853\" height=\"480\" \/><\/a><\/p>\n<div id=\"noticiacompleta\" class=\"col-span-12 lg:col-span-6 lg:col-start-3\">\n<div class=\"flow rtpa-prose text-lg leading-tight mb-6\"><strong>Los ganaderos busquen la reconocencia de la caba\u00f1a equina moscona col concursu.<\/strong><\/div>\n<div><!--more--><\/div>\n<div><\/div>\n<div class=\"flow rtpa-prose text-base text-neutral-700\">\n<p>En Grau, acaba de rematar el Primer Certame Local de Gan\u00e1u Equino. Una primer edici\u00f3n que destac\u00f3 pola gran cantid\u00e1 d&#8217;animales presentaos al concursu, 150. Tami\u00e9n pol nivel d&#8217;esos exemplares.<\/p>\n<p>Con esti certame b\u00fascase promocionar el gan\u00e1u equino del conceyu que, como nos dicen, goza de gran nivel.<br \/>\nPolo menos, asina lo asegur\u00f3&#8217;l xuez calificador, encarg\u00e1u de valorar la morfolox\u00eda de los animales.<\/p>\n<p>Y ye que fueron los ganaderos los precursores d&#8217;esti certame.<\/p>\n<p>Con esti concursu los ganaderos busquen la reconocencia de la caba\u00f1a equina moscona.<\/p>\n<\/div>\n<\/div>\n<p>&nbsp;<\/p>\n","protected":false},"excerpt":{"rendered":"<p>Munchos animales y de gran nivel nel Primer Certame Local de Gan\u00e1u Equino de Grau. Los ganaderos busquen la reconocencia de la caba\u00f1a equina moscona col concursu.<\/p>\n","protected":false},"author":117,"featured_media":0,"comment_status":"closed","ping_status":"closed","sticky":false,"template":"","format":"standard","meta":{"footnotes":""},"categories":[167],"tags":[],"class_list":["post-72792","post","type-post","status-publish","format-standard","hentry","category-feries"],"_links":{"self":[{"href":"https:\/\/edublog.educastur.es\/ixuxu\/wp-json\/wp\/v2\/posts\/72792","targetHints":{"allow":["GET"]}}],"collection":[{"href":"https:\/\/edublog.educastur.es\/ixuxu\/wp-json\/wp\/v2\/posts"}],"about":[{"href":"https:\/\/edublog.educastur.es\/ixuxu\/wp-json\/wp\/v2\/types\/post"}],"author":[{"embeddable":true,"href":"https:\/\/edublog.educastur.es\/ixuxu\/wp-json\/wp\/v2\/users\/117"}],"replies":[{"embeddable":true,"href":"https:\/\/edublog.educastur.es\/ixuxu\/wp-json\/wp\/v2\/comments?post=72792"}],"version-history":[{"count":2,"href":"https:\/\/edublog.educastur.es\/ixuxu\/wp-json\/wp\/v2\/posts\/72792\/revisions"}],"predecessor-version":[{"id":72794,"href":"https:\/\/edublog.educastur.es\/ixuxu\/wp-json\/wp\/v2\/posts\/72792\/revisions\/72794"}],"wp:attachment":[{"href":"https:\/\/edublog.educastur.es\/ixuxu\/wp-json\/wp\/v2\/media?parent=72792"}],"wp:term":[{"taxonomy":"category","embeddable":true,"href":"https:\/\/edublog.educastur.es\/ixuxu\/wp-json\/wp\/v2\/categories?post=72792"},{"taxonomy":"post_tag","embeddable":true,"href":"https:\/\/edublog.educastur.es\/ixuxu\/wp-json\/wp\/v2\/tags?post=72792"}],"curies":[{"name":"wp","href":"https:\/\/api.w.org\/{rel}","templated":true}]}}