{"id":72795,"date":"2026-04-26T19:23:14","date_gmt":"2026-04-26T17:23:14","guid":{"rendered":"https:\/\/edublog.educastur.es\/ixuxu\/?p=72795"},"modified":"2026-04-26T22:24:12","modified_gmt":"2026-04-26T20:24:12","slug":"ensin-rastru-del-campanu-una-selmana-dempues","status":"publish","type":"post","link":"https:\/\/edublog.educastur.es\/ixuxu\/2026\/04\/ensin-rastru-del-campanu-una-selmana-dempues\/","title":{"rendered":"Ensin rastru del &#8216;campanu&#8217; una selmana dempu\u00e9s"},"content":{"rendered":"<p class=\"text-2xl font-bold font-serif leading-tight max-w-[65ch] mb-1.5\"><a href=\"https:\/\/www.rtpa.es\/noticias-asturias-ast\/2026-04-25\/Ensin-rastru-del-'campanu'-una-selmana-dempues-del-entamu-de-la-temporada%E2%80%82%E2%80%82-%E2%80%82%E2%80%82_111777114024.html\">Ensin rastru del &#8216;campanu&#8217; una selmana dempu\u00e9s del entamu de la temporada.<\/a><\/p>\n<p>&nbsp;<\/p>\n<p style=\"text-align: center\"><a href=\"https:\/\/www.rtpa.es\/fotos\/\/26\/04\/20260418140946_RTPA7987557.webp\"><img loading=\"lazy\" decoding=\"async\" class=\"aligncenter size-large\" src=\"https:\/\/www.rtpa.es\/fotos\/\/26\/04\/20260418140946_RTPA7987557.webp\" width=\"853\" height=\"480\" \/><\/a><\/p>\n<div class=\"flow rtpa-prose text-lg leading-tight mb-6\"><strong>El primer salm\u00f3n de la temporada y\u00e1 ye&#8217;l m\u00e1s tard\u00edu de la historia.<\/strong><\/div>\n<div><\/div>\n<p><!--more--><\/p>\n<div class=\"flow rtpa-prose text-base text-neutral-700\">\n<p>Una selmana ensin rastru del &#8216;campanu&#8217;. Dempu\u00e9s de cinco d\u00edes h\u00e1biles de pesca, el primer salm\u00f3n de la temporada sigue ensin picar l\u2019anzuelu y y\u00e1 se convirti\u00f3 nel m\u00e1s tard\u00edu de la historia.<\/p>\n<p>L\u2019a\u00f1u pas\u00e1u, el primer exemplar garr\u00f3se en Quinzanas, cuatro d\u00edes m\u00e1s tarde de que s\u2019abriere la veda.<\/p>\n<p>Javier Bueno, un ribere\u00f1u de Pravia, foi l\u2019afortun\u00e1u en garrar l\u2019exemplar.<\/p>\n<\/div>\n","protected":false},"excerpt":{"rendered":"<p>Ensin rastru del &#8216;campanu&#8217; una selmana dempu\u00e9s del entamu de la temporada. &nbsp; El primer salm\u00f3n de la temporada y\u00e1 ye&#8217;l m\u00e1s tard\u00edu de la historia.<\/p>\n","protected":false},"author":117,"featured_media":0,"comment_status":"closed","ping_status":"closed","sticky":false,"template":"","format":"standard","meta":{"footnotes":""},"categories":[339],"tags":[],"class_list":["post-72795","post","type-post","status-publish","format-standard","hentry","category-pesca"],"_links":{"self":[{"href":"https:\/\/edublog.educastur.es\/ixuxu\/wp-json\/wp\/v2\/posts\/72795","targetHints":{"allow":["GET"]}}],"collection":[{"href":"https:\/\/edublog.educastur.es\/ixuxu\/wp-json\/wp\/v2\/posts"}],"about":[{"href":"https:\/\/edublog.educastur.es\/ixuxu\/wp-json\/wp\/v2\/types\/post"}],"author":[{"embeddable":true,"href":"https:\/\/edublog.educastur.es\/ixuxu\/wp-json\/wp\/v2\/users\/117"}],"replies":[{"embeddable":true,"href":"https:\/\/edublog.educastur.es\/ixuxu\/wp-json\/wp\/v2\/comments?post=72795"}],"version-history":[{"count":1,"href":"https:\/\/edublog.educastur.es\/ixuxu\/wp-json\/wp\/v2\/posts\/72795\/revisions"}],"predecessor-version":[{"id":72796,"href":"https:\/\/edublog.educastur.es\/ixuxu\/wp-json\/wp\/v2\/posts\/72795\/revisions\/72796"}],"wp:attachment":[{"href":"https:\/\/edublog.educastur.es\/ixuxu\/wp-json\/wp\/v2\/media?parent=72795"}],"wp:term":[{"taxonomy":"category","embeddable":true,"href":"https:\/\/edublog.educastur.es\/ixuxu\/wp-json\/wp\/v2\/categories?post=72795"},{"taxonomy":"post_tag","embeddable":true,"href":"https:\/\/edublog.educastur.es\/ixuxu\/wp-json\/wp\/v2\/tags?post=72795"}],"curies":[{"name":"wp","href":"https:\/\/api.w.org\/{rel}","templated":true}]}}