{"id":72809,"date":"2026-04-27T10:28:25","date_gmt":"2026-04-27T08:28:25","guid":{"rendered":"https:\/\/edublog.educastur.es\/ixuxu\/?p=72809"},"modified":"2026-04-27T10:34:43","modified_gmt":"2026-04-27T08:34:43","slug":"concursu-de-fotografia-asturies-y-leclis-solar-2026","status":"publish","type":"post","link":"https:\/\/edublog.educastur.es\/ixuxu\/2026\/04\/concursu-de-fotografia-asturies-y-leclis-solar-2026\/","title":{"rendered":"Concursu de fotograf\u00eda Asturies y l&#8217;Ecl\u00eds Solar 2026"},"content":{"rendered":"<p style=\"text-align: center\"><a href=\"https:\/\/www.educastur.es\/documents\/34868\/37905\/2026-04-concurso-recursos-eclipse-solar-2026-FICYT-1060.jpg\/ddb510e6-ccbb-b1b6-4fa6-1f848f999799?t=1777031052768\"><img loading=\"lazy\" decoding=\"async\" class=\"aligncenter \" src=\"https:\/\/www.educastur.es\/documents\/34868\/37905\/2026-04-concurso-recursos-eclipse-solar-2026-FICYT-1060.jpg\/ddb510e6-ccbb-b1b6-4fa6-1f848f999799?t=1777031052768\" width=\"685\" height=\"349\" \/><\/a><\/p>\n<p>&nbsp;<\/p>\n<p>La Fundaci\u00f3n para&#8217;l Fomentu n&#8217;Asturies de la Investigaci\u00f3n Cient\u00edfica y la Tecnolox\u00eda (FICYT), entid\u00e1 dependiente de la Conseyer\u00eda de Ciencia, Industria y Empl\u00e9u, pon en marcha&#8217;l Concursu de fotograf\u00eda <span style=\"color: #008080\"><strong>Asturies y l&#8217;Ecl\u00eds Solar 2026,<\/strong><\/span> con motivu del ecl\u00eds total de Sol previstu para&#8217;l 12 d&#8217;agostu de 2026, visible de forma destacada dende Asturies.<\/p>\n<p>El concursu ta dirix\u00edu a fot\u00f3grafos aficionaos y profesionales, ya incl\u00fai la categor\u00eda Clise na aula empobinada a alumn\u00e1u d&#8217;Educaci\u00f3n Secundaria, Bachilleratu y Formaci\u00f3n Profesional. <a href=\"https:\/\/eclipseasturias2026.ficyt.es\/concurso-fotografico\/bases.php\" target=\"_blank\" rel=\"noopener\">Concurso fotogr\u00e1fico eclipse solar<\/a>.<\/p>\n<p><!--more--><\/p>\n<p>Con esta iniciativa, la FICYT refuerza&#8217;l so compromisu cola divulgaci\u00f3n cient\u00edfica nel \u00e1mbitu educativu, ufiertando ferramientes para encetar l&#8217;estudiu de fen\u00f3menos astron\u00f3micos como los eclises solares y promover l&#8217;inter\u00e9s del alumn\u00e1u pola ciencia.<\/p>\n<p>El concursu, dirix\u00edu a centros educativos y alumn\u00e1u prop\u00f3n captar imaxes rellacionaes col ecl\u00eds solar y fomentar asina la observaci\u00f3n, la creativid\u00e1 y l&#8217;inter\u00e9s pola ciencia.<\/p>\n<p>&nbsp;<\/p>\n<p>Coincidiendo con esta iniciativa, la FICYT punxo en marcha una web espec\u00edfica sobro l&#8217;ecl\u00eds solar, na que se recueyen materiales did\u00e1cticos empobinaos a los centros educativos entamaos por etapes (Educaci\u00f3n Primaria, Educaci\u00f3n Secundaria y Bachilleratu), lo que facilita&#8217;l so usu na aula. <a href=\"https:\/\/eclipseasturias2026.ficyt.es\/recursos_single.php\" target=\"_blank\" rel=\"noopener\">Recursos educativos por etapas<\/a><\/p>\n","protected":false},"excerpt":{"rendered":"<p>&nbsp; La Fundaci\u00f3n para&#8217;l Fomentu n&#8217;Asturies de la Investigaci\u00f3n Cient\u00edfica y la Tecnolox\u00eda (FICYT), entid\u00e1 dependiente de la Conseyer\u00eda de Ciencia, Industria y Empl\u00e9u, pon en marcha&#8217;l Concursu de fotograf\u00eda Asturies y l&#8217;Ecl\u00eds Solar 2026, con motivu del ecl\u00eds total de Sol previstu para&#8217;l 12 d&#8217;agostu de 2026, visible de forma destacada dende Asturies. El [&hellip;]<\/p>\n","protected":false},"author":117,"featured_media":0,"comment_status":"closed","ping_status":"closed","sticky":false,"template":"","format":"standard","meta":{"footnotes":""},"categories":[61,491,56],"tags":[],"class_list":["post-72809","post","type-post","status-publish","format-standard","hentry","category-concursu","category-eclis-solar","category-fotografia"],"_links":{"self":[{"href":"https:\/\/edublog.educastur.es\/ixuxu\/wp-json\/wp\/v2\/posts\/72809","targetHints":{"allow":["GET"]}}],"collection":[{"href":"https:\/\/edublog.educastur.es\/ixuxu\/wp-json\/wp\/v2\/posts"}],"about":[{"href":"https:\/\/edublog.educastur.es\/ixuxu\/wp-json\/wp\/v2\/types\/post"}],"author":[{"embeddable":true,"href":"https:\/\/edublog.educastur.es\/ixuxu\/wp-json\/wp\/v2\/users\/117"}],"replies":[{"embeddable":true,"href":"https:\/\/edublog.educastur.es\/ixuxu\/wp-json\/wp\/v2\/comments?post=72809"}],"version-history":[{"count":1,"href":"https:\/\/edublog.educastur.es\/ixuxu\/wp-json\/wp\/v2\/posts\/72809\/revisions"}],"predecessor-version":[{"id":72810,"href":"https:\/\/edublog.educastur.es\/ixuxu\/wp-json\/wp\/v2\/posts\/72809\/revisions\/72810"}],"wp:attachment":[{"href":"https:\/\/edublog.educastur.es\/ixuxu\/wp-json\/wp\/v2\/media?parent=72809"}],"wp:term":[{"taxonomy":"category","embeddable":true,"href":"https:\/\/edublog.educastur.es\/ixuxu\/wp-json\/wp\/v2\/categories?post=72809"},{"taxonomy":"post_tag","embeddable":true,"href":"https:\/\/edublog.educastur.es\/ixuxu\/wp-json\/wp\/v2\/tags?post=72809"}],"curies":[{"name":"wp","href":"https:\/\/api.w.org\/{rel}","templated":true}]}}