{"id":72850,"date":"2026-04-26T23:30:08","date_gmt":"2026-04-26T21:30:08","guid":{"rendered":"https:\/\/edublog.educastur.es\/ixuxu\/?p=72850"},"modified":"2026-04-28T20:48:56","modified_gmt":"2026-04-28T18:48:56","slug":"lespanol-rafa-jodar-vence-nel-open-madrid","status":"publish","type":"post","link":"https:\/\/edublog.educastur.es\/ixuxu\/2026\/04\/lespanol-rafa-jodar-vence-nel-open-madrid\/","title":{"rendered":"L&#8217;espa\u00f1ol Rafa J\u00f3dar vence nel Open Madrid"},"content":{"rendered":"<p><strong>Rafael J\u00f3dar, motey\u00e1u \u00abLa Marav\u00eda\u00bb<\/strong>, ye un tenista profesional espa\u00f1ol<strong> de 19 a\u00f1os<\/strong> (nac\u00edu&#8217;l 17 de setiembre de 2006 en Legan\u00e9s) que se convirti\u00f3 n&#8217;una de les grandes revelaciones del circuitu ATP en 2026. Angua\u00f1o <strong>ocupa&#8217;l puestu 42 del ranking ATP<\/strong> (al 20 d&#8217;abril de 2026) y ye entren\u00e1u pol so padre, Rafael J\u00f3dar Sr. <a href=\"https:\/\/es.wikipedia.org\/wiki\/Rafael_J%C3%B3dar\">Wiki<\/a> \/<\/p>\n<p style=\"text-align: center\"><a href=\"https:\/\/pbs.twimg.com\/media\/HG2SpkZakAAgzxG?format=jpg&amp;name=900x900\"><img loading=\"lazy\" decoding=\"async\" class=\"aligncenter size-large\" src=\"https:\/\/pbs.twimg.com\/media\/HG2SpkZakAAgzxG?format=jpg&amp;name=900x900\" width=\"900\" height=\"525\" \/><\/a><\/p>\n<p><!--more--><\/p>\n<p style=\"text-align: center\"><a href=\"https:\/\/upload.wikimedia.org\/wikipedia\/commons\/8\/8c\/Rafa_J%C3%B3dar_Espinar_2025.jpg\"><img loading=\"lazy\" decoding=\"async\" class=\"aligncenter size-large\" src=\"https:\/\/upload.wikimedia.org\/wikipedia\/commons\/8\/8c\/Rafa_J%C3%B3dar_Espinar_2025.jpg\" width=\"680\" height=\"696\" \/><\/a><\/p>\n<p>Fen\u00f3meno Rafa J\u00f3dar: el datu al respective de el \u2018Big Three\u2019, Alcaraz y Sinner qu&#8217;apavoria al mundu del tenis. El mozu tenista de Legan\u00e9s venci\u00f3 a Fonseca y los sos n\u00famberos nes so primeres 25 part\u00edos como profesional superen a delles lleendes. <span class=\"r-18u37iz\"><a class=\"css-1jxf684 r-bcqeeo r-1ttztb7 r-qvutc0 r-poiln3 r-1loqt21\" dir=\"ltr\" role=\"link\" href=\"https:\/\/x.com\/hashtag\/MMOPEN?src=hashtag_click\">#MMOPEN<\/a><\/span><\/p>\n<p>&nbsp;<\/p>\n<p style=\"text-align: center\"><a href=\"https:\/\/pbs.twimg.com\/media\/HG3H_dobYAAyRBL?format=jpg&amp;name=4096x4096\"><img loading=\"lazy\" decoding=\"async\" class=\"aligncenter size-large\" src=\"https:\/\/pbs.twimg.com\/media\/HG3H_dobYAAyRBL?format=jpg&amp;name=4096x4096\" width=\"3200\" height=\"4000\" \/><\/a><\/p>\n<p style=\"text-align: center\">\n<!-- iframe plugin v.6.0 wordpress.org\/plugins\/iframe\/ -->\n<iframe loading=\"lazy\" src=\"https:\/\/www.facebook.com\/plugins\/post.php?href=https%3A%2F%2Fwww.facebook.com%2FEurosportES%2Fposts%2Fpfbid02RuJ9KCktCujV5LqNkCFMTwnH8TsqyUzhuYwpJLFPZD2NQmcQPR8jB8TXeij2FU53l&#038;show_text=false&#038;width=500\" width=\"500\" height=\"498\" style=\"border:none;overflow:hidden\" scrolling=\"no\" frameborder=\"0\" allowfullscreen=\"true\" allow=\"autoplay; clipboard-write; encrypted-media; picture-in-picture; web-share\" 0=\"\/iframe\" class=\"iframe-class\"><\/iframe>\n<\/p>\n<p><a href=\"https:\/\/img.rtve.es\/n\/17041634?w=1600\"><img loading=\"lazy\" decoding=\"async\" class=\"aligncenter \" src=\"https:\/\/img.rtve.es\/n\/17041634?w=1600\" width=\"571\" height=\"321\" \/><\/a><\/p>\n<p><a href=\"https:\/\/fotografias-2.larazon.es\/clipping\/cmsimages01\/2026\/04\/27\/B1185118-E334-46C9-B545-378D39C3A674\/97.jpg?crop=3017,1697,x0,y156&amp;width=1600&amp;height=900&amp;optimize=low&amp;format=webply\"><img loading=\"lazy\" decoding=\"async\" class=\"aligncenter \" src=\"https:\/\/fotografias-2.larazon.es\/clipping\/cmsimages01\/2026\/04\/27\/B1185118-E334-46C9-B545-378D39C3A674\/97.jpg?crop=3017,1697,x0,y156&amp;width=1600&amp;height=900&amp;optimize=low&amp;format=webply\" width=\"572\" height=\"322\" \/><\/a><\/p>\n<p style=\"text-align: center\">\n<!-- iframe plugin v.6.0 wordpress.org\/plugins\/iframe\/ -->\n<iframe loading=\"lazy\" src=\"https:\/\/www.facebook.com\/plugins\/post.php?href=https%3A%2F%2Fwww.facebook.com%2FITFTennisEs%2Fposts%2Fpfbid0psSdfoZ3jH24Ugd4w8EWRTXYgt3ynJ7euW1rtP431kQFTXWehuHcunK2GpZJ9ZdEl&#038;show_text=false&#038;width=500\" width=\"500\" height=\"498\" style=\"border:none;overflow:hidden\" scrolling=\"no\" frameborder=\"0\" allowfullscreen=\"true\" allow=\"autoplay; clipboard-write; encrypted-media; picture-in-picture; web-share\" 0=\"\/iframe\" class=\"iframe-class\"><\/iframe>\n<\/p>\n<p style=\"text-align: center\">\n<!-- iframe plugin v.6.0 wordpress.org\/plugins\/iframe\/ -->\n<iframe loading=\"lazy\" src=\"https:\/\/www.facebook.com\/plugins\/post.php?href=https%3A%2F%2Fwww.facebook.com%2Fphoto.php%3Ffbid%3D1746406669668350%26set%3Da.409329680042729%26type%3D3&#038;show_text=false&#038;width=500\" width=\"500\" height=\"543\" style=\"border:none;overflow:hidden\" scrolling=\"no\" frameborder=\"0\" allowfullscreen=\"true\" allow=\"autoplay; clipboard-write; encrypted-media; picture-in-picture; web-share\" 0=\"\/iframe\" class=\"iframe-class\"><\/iframe>\n<\/p>\n","protected":false},"excerpt":{"rendered":"<p>Rafael J\u00f3dar, motey\u00e1u \u00abLa Marav\u00eda\u00bb, ye un tenista profesional espa\u00f1ol de 19 a\u00f1os (nac\u00edu&#8217;l 17 de setiembre de 2006 en Legan\u00e9s) que se convirti\u00f3 n&#8217;una de les grandes revelaciones del circuitu ATP en 2026. Angua\u00f1o ocupa&#8217;l puestu 42 del ranking ATP (al 20 d&#8217;abril de 2026) y ye entren\u00e1u pol so padre, Rafael J\u00f3dar Sr. [&hellip;]<\/p>\n","protected":false},"author":117,"featured_media":0,"comment_status":"closed","ping_status":"closed","sticky":false,"template":"","format":"standard","meta":{"footnotes":""},"categories":[133],"tags":[],"class_list":["post-72850","post","type-post","status-publish","format-standard","hentry","category-deportes"],"_links":{"self":[{"href":"https:\/\/edublog.educastur.es\/ixuxu\/wp-json\/wp\/v2\/posts\/72850","targetHints":{"allow":["GET"]}}],"collection":[{"href":"https:\/\/edublog.educastur.es\/ixuxu\/wp-json\/wp\/v2\/posts"}],"about":[{"href":"https:\/\/edublog.educastur.es\/ixuxu\/wp-json\/wp\/v2\/types\/post"}],"author":[{"embeddable":true,"href":"https:\/\/edublog.educastur.es\/ixuxu\/wp-json\/wp\/v2\/users\/117"}],"replies":[{"embeddable":true,"href":"https:\/\/edublog.educastur.es\/ixuxu\/wp-json\/wp\/v2\/comments?post=72850"}],"version-history":[{"count":11,"href":"https:\/\/edublog.educastur.es\/ixuxu\/wp-json\/wp\/v2\/posts\/72850\/revisions"}],"predecessor-version":[{"id":73002,"href":"https:\/\/edublog.educastur.es\/ixuxu\/wp-json\/wp\/v2\/posts\/72850\/revisions\/73002"}],"wp:attachment":[{"href":"https:\/\/edublog.educastur.es\/ixuxu\/wp-json\/wp\/v2\/media?parent=72850"}],"wp:term":[{"taxonomy":"category","embeddable":true,"href":"https:\/\/edublog.educastur.es\/ixuxu\/wp-json\/wp\/v2\/categories?post=72850"},{"taxonomy":"post_tag","embeddable":true,"href":"https:\/\/edublog.educastur.es\/ixuxu\/wp-json\/wp\/v2\/tags?post=72850"}],"curies":[{"name":"wp","href":"https:\/\/api.w.org\/{rel}","templated":true}]}}