{"id":72859,"date":"2026-04-28T08:30:58","date_gmt":"2026-04-28T06:30:58","guid":{"rendered":"https:\/\/edublog.educastur.es\/ixuxu\/?p=72859"},"modified":"2026-04-28T10:25:04","modified_gmt":"2026-04-28T08:25:04","slug":"el-tiempu-el-comercio-323","status":"publish","type":"post","link":"https:\/\/edublog.educastur.es\/ixuxu\/2026\/04\/el-tiempu-el-comercio-323\/","title":{"rendered":"El tiempu (El Comercio)"},"content":{"rendered":"<p style=\"text-align: center\"><a href=\"https:\/\/s1.ppllstatics.com\/elcomercio\/www\/multimedia\/2026\/04\/27\/prevision-tiempo-asturias.jpg\"><img loading=\"lazy\" decoding=\"async\" class=\"aligncenter size-large\" src=\"https:\/\/s1.ppllstatics.com\/elcomercio\/www\/multimedia\/2026\/04\/27\/prevision-tiempo-asturias.jpg\" width=\"1530\" height=\"1134\" \/><\/a><\/p>\n<p>Esperamos una xornada na que la nubosidad va ser protagonista en tol Princip\u00e1u. A les nubes baxes coles que vamos empezar el d\u00eda na mayor parte de la rex\u00f3n, hai que suma-yos la nubosidad d&#8217;evoluci\u00f3n diurna nel cordal que se va estender en direcci\u00f3n norte a partir del mediud\u00eda. Los bastios van ser m\u00e1s probables cuanto m\u00e1s movamos escontra&#8217;l sur pudiendo ser localmente fuertes tantu nel suroccidente como nel cordal.<\/p>\n<p><!--more--><\/p>\n<p>Ente les 15 y les 22hores <strong>va tar activ\u00e1u l&#8217;avisu mariellu<\/strong> en dambos sectores por posibilid\u00e1 de rexistrar hasta 15 llitros per metro cuadr\u00e1u en tan solo xuna hora. Am\u00e1s, tami\u00e9n va tar activ\u00e1u l&#8217;avisu por posibilid\u00e1 de xarazo. <strong>Los vientos<\/strong> van ser fluexos y variables pela ma\u00f1ana, afit\u00e1ndose de nordeste pela tarde con posibilid\u00e1 de dalguna racha localmente moderada a lo sumo. <strong>Les temperatures m\u00e1ximes<\/strong> van xubir en tola met\u00e1 norte (hasta 3 \u00baC na parte occidental y hasta 1 o 2 \u00baC na oriental) y van caltenese ensin cambeos na met\u00e1 sur.<\/p>\n<p>Tocantes a <strong>les temperatures m\u00ednimes<\/strong>, nun van esperimentar variaciones al respective de les anotaes el llunes.<\/p>\n<p style=\"text-align: center\"><a href=\"https:\/\/cdns3.eltiempo.es\/eltiempo\/blog\/noticias\/2026\/04\/27111623\/n.max_martes-5-700x394.jpg\"><img loading=\"lazy\" decoding=\"async\" class=\"aligncenter size-large\" src=\"https:\/\/cdns3.eltiempo.es\/eltiempo\/blog\/noticias\/2026\/04\/27111623\/n.max_martes-5-700x394.jpg\" width=\"700\" height=\"394\" \/><\/a><\/p>\n<p>&nbsp;<\/p>\n<p style=\"text-align: center\"><a href=\"https:\/\/pbs.twimg.com\/media\/HG6NaBpaYAAKhUi?format=png&amp;name=900x900\"><img loading=\"lazy\" decoding=\"async\" class=\"aligncenter size-large\" src=\"https:\/\/pbs.twimg.com\/media\/HG6NaBpaYAAKhUi?format=png&amp;name=900x900\" width=\"807\" height=\"489\" \/><\/a><\/p>\n<p>Un camb\u00e9u s\u00f3pitu con un importante descensu t\u00e9rmicu a partir del mi\u00e9rcoles. El mi\u00e9rcoles vamos tener un d\u00eda similar con unos bastios que volver\u00e1n protagonizar tardar.<\/p>\n<p>&nbsp;<\/p>\n","protected":false},"excerpt":{"rendered":"<p>Esperamos una xornada na que la nubosidad va ser protagonista en tol Princip\u00e1u. A les nubes baxes coles que vamos empezar el d\u00eda na mayor parte de la rex\u00f3n, hai que suma-yos la nubosidad d&#8217;evoluci\u00f3n diurna nel cordal que se va estender en direcci\u00f3n norte a partir del mediud\u00eda. Los bastios van ser m\u00e1s probables [&hellip;]<\/p>\n","protected":false},"author":117,"featured_media":0,"comment_status":"closed","ping_status":"closed","sticky":false,"template":"","format":"standard","meta":{"footnotes":""},"categories":[5],"tags":[],"class_list":["post-72859","post","type-post","status-publish","format-standard","hentry","category-tiempu"],"_links":{"self":[{"href":"https:\/\/edublog.educastur.es\/ixuxu\/wp-json\/wp\/v2\/posts\/72859","targetHints":{"allow":["GET"]}}],"collection":[{"href":"https:\/\/edublog.educastur.es\/ixuxu\/wp-json\/wp\/v2\/posts"}],"about":[{"href":"https:\/\/edublog.educastur.es\/ixuxu\/wp-json\/wp\/v2\/types\/post"}],"author":[{"embeddable":true,"href":"https:\/\/edublog.educastur.es\/ixuxu\/wp-json\/wp\/v2\/users\/117"}],"replies":[{"embeddable":true,"href":"https:\/\/edublog.educastur.es\/ixuxu\/wp-json\/wp\/v2\/comments?post=72859"}],"version-history":[{"count":4,"href":"https:\/\/edublog.educastur.es\/ixuxu\/wp-json\/wp\/v2\/posts\/72859\/revisions"}],"predecessor-version":[{"id":72873,"href":"https:\/\/edublog.educastur.es\/ixuxu\/wp-json\/wp\/v2\/posts\/72859\/revisions\/72873"}],"wp:attachment":[{"href":"https:\/\/edublog.educastur.es\/ixuxu\/wp-json\/wp\/v2\/media?parent=72859"}],"wp:term":[{"taxonomy":"category","embeddable":true,"href":"https:\/\/edublog.educastur.es\/ixuxu\/wp-json\/wp\/v2\/categories?post=72859"},{"taxonomy":"post_tag","embeddable":true,"href":"https:\/\/edublog.educastur.es\/ixuxu\/wp-json\/wp\/v2\/tags?post=72859"}],"curies":[{"name":"wp","href":"https:\/\/api.w.org\/{rel}","templated":true}]}}