{"id":72880,"date":"2026-04-28T21:04:17","date_gmt":"2026-04-28T19:04:17","guid":{"rendered":"https:\/\/edublog.educastur.es\/ixuxu\/?p=72880"},"modified":"2026-04-28T22:11:30","modified_gmt":"2026-04-28T20:11:30","slug":"72880","status":"publish","type":"post","link":"https:\/\/edublog.educastur.es\/ixuxu\/2026\/04\/72880\/","title":{"rendered":"Yudania G. H. nel Palacio Real de Madrid"},"content":{"rendered":"<p><em>Si hai daqui\u00e9n am\u00e1s de Rosal\u00eda capaz de robar miraes mientres los sos conciertos, esa ye Yudania G\u00f3mez . Te cuntamos c\u00f3mo lleg\u00f3 a convertise na directora d&#8217;orquesta de la <a class=\"x1i10hfl xjbqb8w x1ejq31n x18oe1m7 x1sy0etr xstzfhl x972fbf x10w94by x1qhh985 x14e42zd x9f619 x1ypdohk xt0psk2 x3ct3a4 xdj266r x14z9mp xat24cr x1lziwak xexx8yu xyri2b x18d9i69 x1c1uobl x16tdsg8 x1hl2dhg xggy1nq x1a2a7pz notranslate _a6hd\" role=\"link\" href=\"https:\/\/www.instagram.com\/heritageorchestra\/\">@heritageorchestra<\/a> \u2b50<\/em><\/p>\n<p style=\"text-align: center\"><span class=\"x193iq5w xeuugli x13faqbe x1vvkbs x1xmvt09 x1lliihq x1s928wv xhkezso x1gmr53x x1cpjm7i x1fgarty x1943h6x xudqn12 x3x7a5m x1f6kntn xvq8zen xo1l8bm xzsf02u\" dir=\"auto\"><span class=\"x193iq5w xeuugli x13faqbe x1vvkbs xt0psk2 x1i0vuye xvs91rp xo1l8bm x5n08af x10wh9bi xpm28yp x8viiok x1o7cslx x126k92a\"><span class=\"html-span xexx8yu x4uap5 x18d9i69 xkhd6sd x1hl2dhg x16tdsg8 x1vvkbs x3nfvp2 x1j61x8r x1fcty0u xdj266r xat24cr xgzva0m xhhsvwb xxymvpz xlup9mm x1kky2od\">\n<!-- iframe plugin v.6.0 wordpress.org\/plugins\/iframe\/ -->\n<iframe loading=\"lazy\" src=\"https:\/\/www.instagram.com\/p\/DXoUFNPj1Ft\/embed\" width=\"460\" height=\"655\" 0=\"\/iframe\" scrolling=\"yes\" class=\"iframe-class\" frameborder=\"0\"><\/iframe>\n<\/span><\/span><\/span><\/p>\n<p><a class=\"x1i10hfl xjbqb8w x1ejq31n x18oe1m7 x1sy0etr xstzfhl x972fbf x10w94by x1qhh985 x14e42zd x9f619 x1ypdohk xt0psk2 x3ct3a4 xdj266r x14z9mp xat24cr x1lziwak xexx8yu xyri2b x18d9i69 x1c1uobl x16tdsg8 x1hl2dhg xggy1nq x1a2a7pz notranslate _a6hd\" role=\"link\" href=\"https:\/\/www.instagram.com\/yudi_dirige\/\">@yudi_dirige<\/a>\u00a0\/ <a class=\"x1i10hfl xjbqb8w x1ejq31n x18oe1m7 x1sy0etr xstzfhl x972fbf x10w94by x1qhh985 x14e42zd x9f619 x1ypdohk xt0psk2 x3ct3a4 xdj266r x14z9mp xat24cr x1lziwak xexx8yu xyri2b x18d9i69 x1c1uobl x16tdsg8 x1hl2dhg xggy1nq x1a2a7pz _aa9_ _a6hd\" role=\"link\" href=\"https:\/\/www.instagram.com\/explore\/tags\/palacioreal\/\">#PalacioReal<\/a>\u00a0 \ud83c\udff0<\/p>\n<p><em>Va unos d\u00edes tuvimos el luxu de recibir la visita de <strong>Yudania G\u00f3mez Heredia nel PalacioReal de Madrid<\/strong> \ud83c\udff0 Ella ye organista profesional, directora d&#8217;orquesta y compositora. \u00a1Y angua\u00f1o dirixe&#8217;l Tour Lux de Rosal\u00eda! \u2728\u00a0Ense\u00f1\u00e1mos-y l&#8217;\u00f3rganu de la Capiya Real \ud83c\udfb9 <\/em><\/p>\n<p><!--more--><\/p>\n<p><em>Qued\u00f3 realmente entusiasmada y dionos una clase maxistral sobro les caracter\u00edstiques t\u00e9cniques d&#8217;esta xoya musical del sieglu XVIII, obra de Leonardo Fern\u00e1ndez D\u00e1vila y Jorge Bosch.<\/em><\/p>\n<p>&nbsp;<\/p>\n<p style=\"text-align: center\"><span class=\"x193iq5w xeuugli x13faqbe x1vvkbs x1xmvt09 x1lliihq x1s928wv xhkezso x1gmr53x x1cpjm7i x1fgarty x1943h6x xudqn12 x3x7a5m x1f6kntn xvq8zen xo1l8bm xzsf02u\" dir=\"auto\"><span class=\"x193iq5w xeuugli x13faqbe x1vvkbs xt0psk2 x1i0vuye xvs91rp xo1l8bm x5n08af x10wh9bi xpm28yp x8viiok x1o7cslx x126k92a\"><span class=\"html-span xexx8yu x4uap5 x18d9i69 xkhd6sd x1hl2dhg x16tdsg8 x1vvkbs x3nfvp2 x1j61x8r x1fcty0u xdj266r xat24cr xgzva0m xhhsvwb xxymvpz xlup9mm x1kky2od\">\n<!-- iframe plugin v.6.0 wordpress.org\/plugins\/iframe\/ -->\n<iframe loading=\"lazy\" src=\"https:\/\/www.instagram.com\/p\/DXoaIk5iN2g\/embed\" width=\"400\" height=\"645\" 0=\"\/iframe\" scrolling=\"yes\" class=\"iframe-class\" frameborder=\"0\"><\/iframe>\n<\/span><\/span><\/span><\/p>\n<p><em>Destac\u00f3 la importancia de la gran cantid\u00e1 de rexistros, que nun ye habitual n&#8217;otros \u00f3rganos. Tami\u00e9n fal\u00f3 del so sistema de trompeter\u00eda y el so versatilidad sonora \ud83c\udfb6\u00a0Como concertista d&#8217;\u00f3rganu, Yudania identifica esti pres\u00e9u de la Capiya Real como \u00fanicu, y&#8230; s\u00ed, claro, confes\u00f3 que-y encantar\u00eda tocalo.<\/em><\/p>\n<p>&nbsp;<\/p>\n<p style=\"text-align: center\">\n","protected":false},"excerpt":{"rendered":"<p>Si hai daqui\u00e9n am\u00e1s de Rosal\u00eda capaz de robar miraes mientres los sos conciertos, esa ye Yudania G\u00f3mez . Te cuntamos c\u00f3mo lleg\u00f3 a convertise na directora d&#8217;orquesta de la @heritageorchestra \u2b50 @yudi_dirige\u00a0\/ #PalacioReal\u00a0 \ud83c\udff0 Va unos d\u00edes tuvimos el luxu de recibir la visita de Yudania G\u00f3mez Heredia nel PalacioReal de Madrid \ud83c\udff0 Ella [&hellip;]<\/p>\n","protected":false},"author":117,"featured_media":0,"comment_status":"closed","ping_status":"closed","sticky":false,"template":"","format":"standard","meta":{"footnotes":""},"categories":[35],"tags":[],"class_list":["post-72880","post","type-post","status-publish","format-standard","hentry","category-musica"],"_links":{"self":[{"href":"https:\/\/edublog.educastur.es\/ixuxu\/wp-json\/wp\/v2\/posts\/72880","targetHints":{"allow":["GET"]}}],"collection":[{"href":"https:\/\/edublog.educastur.es\/ixuxu\/wp-json\/wp\/v2\/posts"}],"about":[{"href":"https:\/\/edublog.educastur.es\/ixuxu\/wp-json\/wp\/v2\/types\/post"}],"author":[{"embeddable":true,"href":"https:\/\/edublog.educastur.es\/ixuxu\/wp-json\/wp\/v2\/users\/117"}],"replies":[{"embeddable":true,"href":"https:\/\/edublog.educastur.es\/ixuxu\/wp-json\/wp\/v2\/comments?post=72880"}],"version-history":[{"count":15,"href":"https:\/\/edublog.educastur.es\/ixuxu\/wp-json\/wp\/v2\/posts\/72880\/revisions"}],"predecessor-version":[{"id":73031,"href":"https:\/\/edublog.educastur.es\/ixuxu\/wp-json\/wp\/v2\/posts\/72880\/revisions\/73031"}],"wp:attachment":[{"href":"https:\/\/edublog.educastur.es\/ixuxu\/wp-json\/wp\/v2\/media?parent=72880"}],"wp:term":[{"taxonomy":"category","embeddable":true,"href":"https:\/\/edublog.educastur.es\/ixuxu\/wp-json\/wp\/v2\/categories?post=72880"},{"taxonomy":"post_tag","embeddable":true,"href":"https:\/\/edublog.educastur.es\/ixuxu\/wp-json\/wp\/v2\/tags?post=72880"}],"curies":[{"name":"wp","href":"https:\/\/api.w.org\/{rel}","templated":true}]}}