{"id":72887,"date":"2026-04-25T18:10:30","date_gmt":"2026-04-25T16:10:30","guid":{"rendered":"https:\/\/edublog.educastur.es\/ixuxu\/?p=72887"},"modified":"2026-04-28T12:00:06","modified_gmt":"2026-04-28T10:00:06","slug":"rodrigo-cuevas-reina-amosando-la-belleza-de-la-musica","status":"publish","type":"post","link":"https:\/\/edublog.educastur.es\/ixuxu\/2026\/04\/rodrigo-cuevas-reina-amosando-la-belleza-de-la-musica\/","title":{"rendered":"Rodrigo Cuevas reina amosando la belleza de la m\u00fasica"},"content":{"rendered":"<div class=\"elementor-element elementor-element-667e3c7 elementor-widget__width-inherit elementor-widget elementor-widget-theme-post-title elementor-page-title elementor-widget-heading\" data-id=\"667e3c7\" data-element_type=\"widget\" data-e-type=\"widget\" data-widget_type=\"theme-post-title.default\">\n<div class=\"elementor-widget-container\">\n<p class=\"elementor-heading-title elementor-size-default\"><span style=\"font-size: 16px\">L&#8217;artista arranc\u00f3&#8217;l vienres pas\u00e1u la so xira de presentaci\u00f3n del trabayu \u00abManual de belleza\u00bb con toles entraes vend\u00edes dende diba meses. <a href=\"https:\/\/musicasturiana.com\/rodrigo-cuevas-la-belleza-de-la-musica\/\">Musicasturiana.com<\/a><\/span><\/p>\n<p style=\"text-align: center\"><a href=\"https:\/\/musicasturiana.com\/wp-content\/uploads\/2026\/04\/Rodrigo-Cuevas-26.04.jpg\"><img loading=\"lazy\" decoding=\"async\" class=\"aligncenter size-large\" src=\"https:\/\/musicasturiana.com\/wp-content\/uploads\/2026\/04\/Rodrigo-Cuevas-26.04.jpg\" width=\"1200\" height=\"600\" \/><\/a><\/p>\n<p>&nbsp;<\/p>\n<\/div>\n<\/div>\n<p><!--more--><\/p>\n<p style=\"text-align: center\">\n<!-- iframe plugin v.6.0 wordpress.org\/plugins\/iframe\/ -->\n<iframe data-testid=\"embed-iframe\" style=\"border-radius:12px\" src=\"https:\/\/open.spotify.com\/embed\/album\/2CgN7GeZdAbOeqsrra7x4b?utm_source=generator\" width=\"100%\" height=\"352\" frameborder=\"0\" allowfullscreen allow=\"autoplay; clipboard-write; encrypted-media; fullscreen; picture-in-picture\" loading=\"lazy\" 0=\"\/iframe\" scrolling=\"yes\" class=\"iframe-class\"><\/iframe>\n<\/p>\n<p>Vienres 24 d\u2019abril. Ll\u00e9vantome y hai un sol de restallu p\u2019aprovechar el d\u00eda enantes de que, a les 21:30 hores,\u00a0<strong>Rodrigo Cuevas\u00a0<\/strong>vuelva, acompa\u00f1\u00e1u de la so banda y baillarines, a\u00a0<strong>xubir al escenariu<\/strong>\u00a0xustamente un a\u00f1u dempu\u00e9s de zarrar l\u2019anterior xira. Nesi casu, Barcelona foi la ciud\u00e1 escoyida, pero esta xira decidi\u00f3 empecipiala\u00a0<strong>n\u2019Avil\u00e9s, nel Pabell\u00f3n d\u2019Esposiciones de La Madalena<\/strong>, un espaciu que se ta convirtiendo en referente pa conciertos de formatu grande.<\/p>\n<p class=\"has-text-color has-link-color wp-elements-a64bbf9dfe44459a3bd74df2aa7533bb\"><em>\u00abPod\u00eda alendase un ambiente de los grandes eventos. Yera un d\u00eda esper\u00e1u por munch\u00edsima xente\u00bb<\/em><\/p>\n<p>Aport\u00e9 bien llueu de la hora del entamu y nos alrededores pod\u00eda\u00a0<strong>alendase un ambiente de los grandes eventos<\/strong>. La filera de xente esperando a canxear la entrada\u00a0<strong>perpasaba les llendes del recintu<\/strong>\u00a0media hora enantes del entamu del conciertu, mientres que dientro\u2019l p\u00fablicu all\u00e9gabase al escenariu pa poder ver l\u2019espect\u00e1culu que diba asoceder dende\u2019l puntu m\u00e1s cercanu posible. Yera, ensin dala dulda, un\u00a0<strong>d\u00eda esper\u00e1u por munch\u00edsima xente<\/strong>.<\/p>\n<figure class=\"wp-block-image aligncenter size-large\"><a href=\"https:\/\/musicasturiana.com\/wp-content\/uploads\/2026\/04\/3G7A9881.jpg\"><img loading=\"lazy\" decoding=\"async\" class=\"wp-image-50143\" src=\"https:\/\/musicasturiana.com\/wp-content\/uploads\/2026\/04\/3G7A9881-1024x683.jpg\" alt=\"\" width=\"1024\" height=\"683\" \/><\/a><figcaption class=\"wp-element-caption\"><em>Rodrigo Cuevas saliendo al escenariu nel primer cantar del conciertu<\/em><\/figcaption><\/figure>\n<p>A les 21:15 hores empezaba parte del show, cuando entraron les persones que mercaren la entrada pa tar dientro del propiu escenariu, na\u00a0<strong>recreaci\u00f3n del llagar La Panoya Dorada<\/strong>\u00a0nel que present\u00f3 los\u00a0<strong>tr\u00e9s primeros adelantos<\/strong>\u00a0del discu. Fac\u00edenlo con sidra y sent\u00e1ndose neses meses que, una vegada qu\u2019arrancara\u2019l conciertu, diben dar munchu xuegu.<\/p>\n<figure class=\"wp-block-image aligncenter size-large\"><a href=\"https:\/\/musicasturiana.com\/wp-content\/uploads\/2026\/04\/3G7A9935.jpg\"><img loading=\"lazy\" decoding=\"async\" class=\"wp-image-50145\" src=\"https:\/\/musicasturiana.com\/wp-content\/uploads\/2026\/04\/3G7A9935-819x1024.jpg\" alt=\"Rodrigo Cuevas maquill\u00e1ndose mientres cantaba BLZA\" width=\"819\" height=\"1024\" \/><\/a><figcaption class=\"wp-element-caption\">Rodrigo Cuevas maquill\u00e1ndose mientres cantaba BLZA<\/figcaption><\/figure>\n<div class=\"wp-block-spacer\" aria-hidden=\"true\"><\/div>\n<p>Pasaes les 21:45, les lluces del recintu apag\u00e1bense y, tres sonar un cantar un cantar de L-R y la\u00a0<strong>intro de Rossy de Palma<\/strong>, grabada por mor de los primeros adelantos de\u00a0<em>Manual de belleza<\/em>, mentaos reci\u00e9n,\u00a0<strong>Rodrigo Cuevas sal\u00eda al escenariu cantando \u2018Un mundo feliz<\/strong>\u2018. Eso s\u00ed, ensin Massiel, pero acompa\u00f1\u00e1u de la so banda, formada por\u00a0<strong>Mapi Quintana, Rub\u00e9n Bada, Juanjo D\u00edaz y Tino Cuesta<\/strong>. Esti cantar diba enllazalu con \u2018BLZA\u2019, el tema nel que collabor\u00f3 con\u00a0<strong>Mala Rodr\u00edguez<\/strong>\u00a0y que cant\u00f3 sent\u00e1u delantre del espeyu, mientres que se maquillaba.<\/p>\n<p class=\"has-text-color has-link-color wp-elements-1796fc6f42a4a5edcd4cc2c0e3eb56f1\"><em>\u00abRodrigo Cuevas fixo un repasu, mientres dalgo m\u00e1s de dos hores, de los sos manuales: de cortejo, de romer\u00eda y el m\u00e1s nuevu, el de la belleza\u00bb<\/em><\/p>\n<p>Nesti entamu, onde\u2019l\u00a0<strong>p\u00fablicu taba y\u00e1 entreg\u00e1u a la causa de la belleza<\/strong>, Cuevas arranc\u00f3 depu\u00e9s con \u2018La hermana cautiva\u2019 y unu de los temes que m\u00e1s prestaron nesta parte del conciertu, \u2018Asturc\u00f3n\u2019, hasta que dio por rematar el primeru de los\u00a0<strong>cuatro bloques<\/strong>\u00a0nos que separt\u00f3\u2019l show enriba del\u00a0<strong>escenariu de La Panoya Dorada<\/strong>, non ensin antes recuperar los cantares \u2018All\u00ed arribita\u2019 y \u2018Valse\u2019, del so discu anterior.<\/p>\n<p>L\u2019artista glay\u00f3 que nun entraba m\u00e1s gan\u00e1u nel recintu (una referencia al espaciu nel que se taba desenvolviendo\u2019l conciertu) y cunt\u00f3, de manera r\u00e1pida, el porqu\u00e9 del\u00a0<strong>cabar\u00e9 como escenograf\u00eda<\/strong>\u00a0pal entamu d\u2019esta xira: \u00abquer\u00eda una c\u00e1psula espaciu-tiempu onde volvamos a tener el sart\u00e9n pel mangu y falar de les coses que nos interesen: la belleza y les panoyes\u00bb. Una vegada cambi\u00e1u d\u2019indumentaria, Rodrigo Cuevas fixo un repasu mientres dalgo m\u00e1s de dos hores, ente les m\u00e1s de 4.000 persones qu\u2019enllenaben el Pabell\u00f3n d\u2019Esposiciones de La Madalena, de los sos\u00a0<strong>manuales: de cortejo, de romer\u00eda, y el m\u00e1s nuevu, el de la belleza<\/strong>, t\u00edtulos de los sos trabayos de llarga duraci\u00f3n.<\/p>\n<p>Nesti segundu bloque qu\u2019acababa d\u2019arrancar apaeci\u00f3 l\u2019<strong>asturianada,<\/strong>\u00a0pero nun diba ser nes cuerdes vocales del protagonista de la nueche, sin\u00f3n que foi la voz de\u00a0<strong>Salvador Ond\u00f3<\/strong>, unu de los meyores echadores de sidra que, am\u00e1s de echar unos culinos pa tolos y toles artistes presentes nel escenariu,\u00a0<strong>cant\u00f3 una pieza que remat\u00f3 na ovaci\u00f3n<\/strong>\u00a0de los que taben presentes, non ensin antes aldericar con Rodrigo sobre lo bien que-y diba nel amor y que, si nun yera a namorar a la moza, siempre tiraba de l\u2019asturianada. Esa pieza yera \u2018<strong>Aquellos bueyes<\/strong>\u2018, que grab\u00f3\u00a0<strong>Manuel Alonso \u00abEl Panaderu\u00bb<\/strong>\u00a0nel a\u00f1u 1928 y que m\u00e1s tarde diba popularizar cola so versi\u00f3n\u00a0<strong>Xuacu el de Sama<\/strong>.<\/p>\n<figure class=\"wp-block-image aligncenter size-large\"><a href=\"https:\/\/musicasturiana.com\/wp-content\/uploads\/2026\/04\/3G7A9921.jpg\"><img loading=\"lazy\" decoding=\"async\" class=\"wp-image-50144\" src=\"https:\/\/musicasturiana.com\/wp-content\/uploads\/2026\/04\/3G7A9921-683x1024.jpg\" alt=\"\" width=\"683\" height=\"1024\" \/><\/a><figcaption class=\"wp-element-caption\"><em>Pablo D\u00e1vila y Blanca de Coss\u00edo baillando enriba de les meses del cabar\u00e9<\/em><\/figcaption><\/figure>\n<div class=\"wp-block-spacer\" aria-hidden=\"true\"><\/div>\n<p>Esta charra col echador sirvi\u00f3 como pr\u00f3logu pal siguiente tema, \u2018Xardineru\u2019. El show nel cabar\u00e9 sigu\u00eda con El pa\u00f1uel\u00edn, con\u00a0<strong>sorpresa al final del cantar<\/strong>, cuando sac\u00f3 de la boca del baillar\u00edn\u00a0<strong>Pablo D\u00e1vila<\/strong>\u00a0esi pa\u00f1uel\u00edn, como si d\u2019un magu se tratara. Yera esti, am\u00e1s, un tema que volvi\u00f3 a l\u2019actualid\u00e1 musical porque am\u00e1s del propiu Cuevas,\u00a0<strong>Marisa Valle Roso<\/strong>\u00a0grabara la so propia versi\u00f3n del tema d\u2019<strong>El Presi\u00a0<\/strong>nel so \u00faltimu trabayu.<\/p>\n<p>Un tiempu de relax enantes de lo que taba por venir, porque xustamente dempu\u00e9s arranc\u00f3\u2019l\u00a0<strong>tiempu del baille y la pandereta<\/strong>, con \u2018Mui\u00f1eira para a filla da Bruxa\u2019, onde se pudo ver nes partes m\u00e1s llaterales del p\u00fablicu como\u00a0<strong>dalguna xente s\u2019animaba a baillar.<\/strong>\u00a0Y, de s\u00f3pitu, cola collaboraci\u00f3n de la guitarra de\u00a0<strong>V\u00edctor Mart\u00ednez<\/strong>, Rodrigo sorprendi\u00f3 con una cover de \u2018Hoy lo vi pasar\u2019, de Roc\u00edo Durcal.<\/p>\n<p class=\"has-text-color has-link-color wp-elements-75dbadc651aee5e9debe48ae0dc9b9b3\"><em>\u00abRodrigo Cuevas record\u00f3 a Alberto Blanco col tema Rambal\u00edn, esi que lu fixo ser Premiu Camaret\u00e1 al Meyor Cantar nel a\u00f1u 2020, el de la pandemia. Con esti cantar, recordaba al home qu\u2019asesinaran xustamente va 50 a\u00f1os y lo fac\u00eda con un discursu de reivindicaci\u00f3n de los derechos LGBT\u00bb<\/em><\/p>\n<p>Otru de los momentos de la nueche taba por llegar y diba tener por protagonista a una de les m\u00fasiques qu\u2019acompa\u00f1a al artista na so xira:\u00a0<strong>Mapi Quintana<\/strong>. Con ella, cant\u00f3 \u2018S\u00e1came a bailar\u2019, el pasodoble que grab\u00f3 con Ana Bel\u00e9n y foi Mapi la que recibi\u00f3\u2019l gran aplausu del p\u00fablicu depu\u00e9s d\u2019amosar el so rexistru. Cola emoci\u00f3n nel puntu m\u00e1s altu del conciertu, lleg\u00f3\u2019l\u00a0<strong>momentu m\u00e1s reivindicativu<\/strong>, mesmo que d\u2019alcodanza. Rodrigo Cuevas record\u00f3 a Alberto Blanco col tema \u2018Rambal\u00edn\u2019, esi que lu fixo ser\u00a0<strong>Premiu Camaret\u00e1 al Meyor Cantar nel a\u00f1u 2020<\/strong>, el de la pandemia. Con esti cantar, recordaba al home qu\u2019asesinaran xustamente va 50 a\u00f1os y lo fac\u00eda con un discursu de\u00a0<strong>reivindicaci\u00f3n de los derechos LGBT<\/strong>.<\/p>\n<figure class=\"wp-block-image aligncenter size-large\"><a href=\"https:\/\/musicasturiana.com\/wp-content\/uploads\/2026\/04\/3G7A9963.jpg\"><img loading=\"lazy\" decoding=\"async\" class=\"wp-image-50157\" src=\"https:\/\/musicasturiana.com\/wp-content\/uploads\/2026\/04\/3G7A9963-1024x683.jpg\" alt=\"\" width=\"1024\" height=\"683\" \/><\/a><figcaption class=\"wp-element-caption\">\u2018<em>Las perfectas\u2019<\/em>\u00a0acompa\u00f1ando col so baille a Rodrigo Cuevas<\/figcaption><\/figure>\n<p>Cola reivindicaci\u00f3n acab\u00f3\u2019l segundu de los bloques, separtaos poles\u00a0<strong>publicidaes en formatu vintage<\/strong>\u00a0de dalgunu de los productos que los asistentes diben poder atopar na tienda habilitada pa ello a la salida del recintu.\u00a0<strong>El terceru de los bloques diba protagonizalu\u00a0<em>Manual de Romer\u00eda<\/em><\/strong>, anque tami\u00e9n con cantares del discu que taba presentando. De fechu, esta parte del conciertu empez\u00f3 con \u2018La playa\u2019 y el so \u00abmasaxe pilo\u00f1\u00e9s\u00bb pa depu\u00e9s siguir con Casares, Veleno (que desat\u00f3 en baille al p\u00fablicu), \u2018Xiring\u00fcelu \u2018o\u00a0<strong>dos de los temes que m\u00e1s lo petaron<\/strong>\u00a0y lo siguen faciendo angua\u00f1o: \u2018C\u00f3mo ye?!\u2019 y \u2018M\u00e1s animal\u2019.<\/p>\n<figure class=\"wp-block-image aligncenter size-full\"><a href=\"https:\/\/musicasturiana.com\/wp-content\/uploads\/2026\/04\/3G7A9996.jpg\"><img loading=\"lazy\" decoding=\"async\" class=\"wp-image-50159\" src=\"https:\/\/musicasturiana.com\/wp-content\/uploads\/2026\/04\/3G7A9996.jpg\" alt=\"\" width=\"1638\" height=\"2048\" \/><\/a><figcaption class=\"wp-element-caption\"><em>Rodrigo Cuevas nel primeru de los bloques del conciertu<\/em><\/figcaption><\/figure>\n<p>Con too ello y con Cuevas\u00a0<strong>quedando desnudu dafechu nel escenariu<\/strong>\u00a0y nam\u00e1s tap\u00e1u cola so propia pandereta, remataba\u2019l terceru de los bloques y, previa publicid\u00e1 aportaben los tres \u00faltimos cantares, que fac\u00eden de bises. Yeren \u2018El d\u00eda que nac\u00ed yo, \u2018Una muerte ideal\u2019 (que nel discu apaez en collaboraci\u00f3n colos gallegos Grande Amore) y \u2018La Fiesta\u2019, cola que remat\u00f3\u2019l\u00a0<strong>desfase de la xente<\/strong>, entregada a la causa de Cuevas en favor de la belleza.<\/p>\n<p>Rodrigo amos\u00f3 nesti entamu de la xira que se puede cantar n\u2019asturianu y trabayar cola m\u00fasica asturiana dende la modernid\u00e1. Nel so conciertu son\u00f3\u00a0<strong>la copla y el trap, l\u2019asturianada y la m\u00fasica de raiga\u00f1u<\/strong>\u00a0en total convivencia. Y entreg\u00f3 al p\u00fablicu otres dos instrucciones que nun t\u00e1n nos sos manuales publicaos: \u00ab\u00bfQu\u00e9 faes en Coachella si yes de La Felguera? Vete a les fiestes del to pueblu\u00bb, nuna clara\u00a0<strong>reivindicaci\u00f3n de les verbenes y les fiestes de prau asturianes<\/strong>. La segunda de les instrucciones foi la de que facer el \u00abmamarracho\u00bb ye lo m\u00e1s importante\u00bb. Rodrigo Cuevas\u00a0<strong>rein\u00f3 amosando la belleza de la so m\u00fasica<\/strong>. Y la xira nam\u00e1s ta por empezar.<\/p>\n<div class=\"wp-block-spacer\" aria-hidden=\"true\"><\/div>\n<figure class=\"wp-block-image aligncenter size-large\"><a href=\"https:\/\/musicasturiana.com\/wp-content\/uploads\/2026\/04\/3G7A9964.jpg\"><img loading=\"lazy\" decoding=\"async\" class=\"wp-image-50160\" src=\"https:\/\/musicasturiana.com\/wp-content\/uploads\/2026\/04\/3G7A9964-819x1024.jpg\" alt=\"\" width=\"819\" height=\"1024\" \/><\/a><figcaption class=\"wp-element-caption\"><em>Rodrigo Cuevas acompa\u00f1\u00e1u de Paula Naves y Blanca de Coss\u00edo<\/em><\/figcaption><\/figure>\n<div class=\"wp-block-woocommerce-product-collection is-layout-flow wp-block-woocommerce-product-collection-is-layout-flow\" data-wp-context=\"{&quot;notices&quot;:[],&quot;hideNextPreviousButtons&quot;:false,&quot;isDisabledPrevious&quot;:true,&quot;isDisabledNext&quot;:false,&quot;ariaLabelPrevious&quot;:&quot;Productos anteriores&quot;,&quot;ariaLabelNext&quot;:&quot;Productos siguientes&quot;,&quot;collection&quot;:&quot;woocommerce\\\/product-collection\\\/hand-picked&quot;}\" data-wp-init=\"callbacks.onRender\" data-wp-interactive=\"woocommerce\/product-collection\" data-wp-router-region=\"wc-product-collection-0\" data-__private-preview-state=\"{&quot;isPreview&quot;:false,&quot;previewMessage&quot;:&quot;Los productos reales pueden diferir en funci\\u00f3n de la p\\u00e1gina en la que se est\\u00e9n viendo.&quot;}\" data-block-name=\"woocommerce\/product-collection\" data-collection=\"woocommerce\/product-collection\/hand-picked\" data-dimensions=\"{&quot;widthType&quot;:&quot;fill&quot;}\" data-display-layout=\"{&quot;type&quot;:&quot;flex&quot;,&quot;columns&quot;:5,&quot;shrinkColumns&quot;:true}\" data-hide-controls=\"[&quot;inherit&quot;,&quot;hand-picked&quot;,&quot;filterable&quot;,&quot;order&quot;]\" data-query-context-includes=\"[&quot;collection&quot;]\" data-query-id=\"0\" data-query=\"{&quot;perPage&quot;:9,&quot;pages&quot;:0,&quot;offset&quot;:0,&quot;postType&quot;:&quot;product&quot;,&quot;order&quot;:&quot;asc&quot;,&quot;orderBy&quot;:&quot;post__in&quot;,&quot;search&quot;:&quot;&quot;,&quot;exclude&quot;:[],&quot;inherit&quot;:false,&quot;taxQuery&quot;:[],&quot;isProductCollectionBlock&quot;:true,&quot;featured&quot;:false,&quot;woocommerceOnSale&quot;:false,&quot;woocommerceStockStatus&quot;:[&quot;instock&quot;,&quot;outofstock&quot;,&quot;onbackorder&quot;],&quot;woocommerceAttributes&quot;:[],&quot;woocommerceHandPickedProducts&quot;:[&quot;3727&quot;,&quot;48846&quot;,&quot;23149&quot;,&quot;13888&quot;,&quot;48850&quot;,&quot;23152&quot;],&quot;filterable&quot;:false,&quot;relatedBy&quot;:{&quot;categories&quot;:true,&quot;tags&quot;:true}}\" data-tag-name=\"div\">\n<div class=\"wc-block-components-notices alignwide\" data-wp-interactive=\"woocommerce\/store-notices\"><\/div>\n<\/div>\n","protected":false},"excerpt":{"rendered":"<p>L&#8217;artista arranc\u00f3&#8217;l vienres pas\u00e1u la so xira de presentaci\u00f3n del trabayu \u00abManual de belleza\u00bb con toles entraes vend\u00edes dende diba meses. Musicasturiana.com &nbsp;<\/p>\n","protected":false},"author":117,"featured_media":0,"comment_status":"closed","ping_status":"closed","sticky":false,"template":"","format":"standard","meta":{"footnotes":""},"categories":[35,125],"tags":[],"class_list":["post-72887","post","type-post","status-publish","format-standard","hentry","category-musica","category-musicasturiana-com"],"_links":{"self":[{"href":"https:\/\/edublog.educastur.es\/ixuxu\/wp-json\/wp\/v2\/posts\/72887","targetHints":{"allow":["GET"]}}],"collection":[{"href":"https:\/\/edublog.educastur.es\/ixuxu\/wp-json\/wp\/v2\/posts"}],"about":[{"href":"https:\/\/edublog.educastur.es\/ixuxu\/wp-json\/wp\/v2\/types\/post"}],"author":[{"embeddable":true,"href":"https:\/\/edublog.educastur.es\/ixuxu\/wp-json\/wp\/v2\/users\/117"}],"replies":[{"embeddable":true,"href":"https:\/\/edublog.educastur.es\/ixuxu\/wp-json\/wp\/v2\/comments?post=72887"}],"version-history":[{"count":4,"href":"https:\/\/edublog.educastur.es\/ixuxu\/wp-json\/wp\/v2\/posts\/72887\/revisions"}],"predecessor-version":[{"id":72891,"href":"https:\/\/edublog.educastur.es\/ixuxu\/wp-json\/wp\/v2\/posts\/72887\/revisions\/72891"}],"wp:attachment":[{"href":"https:\/\/edublog.educastur.es\/ixuxu\/wp-json\/wp\/v2\/media?parent=72887"}],"wp:term":[{"taxonomy":"category","embeddable":true,"href":"https:\/\/edublog.educastur.es\/ixuxu\/wp-json\/wp\/v2\/categories?post=72887"},{"taxonomy":"post_tag","embeddable":true,"href":"https:\/\/edublog.educastur.es\/ixuxu\/wp-json\/wp\/v2\/tags?post=72887"}],"curies":[{"name":"wp","href":"https:\/\/api.w.org\/{rel}","templated":true}]}}