{"id":72910,"date":"2026-04-27T18:54:14","date_gmt":"2026-04-27T16:54:14","guid":{"rendered":"https:\/\/edublog.educastur.es\/ixuxu\/?p=72910"},"modified":"2026-04-28T13:59:54","modified_gmt":"2026-04-28T11:59:54","slug":"inauguracion-de-la-finca-la-isla-nel-xardin-botanicu-atlanticu-de-xixon","status":"publish","type":"post","link":"https:\/\/edublog.educastur.es\/ixuxu\/2026\/04\/inauguracion-de-la-finca-la-isla-nel-xardin-botanicu-atlanticu-de-xixon\/","title":{"rendered":"Inauguraci\u00f3n de la finca La Isla, nel Xard\u00edn Bot\u00e1nicu Atl\u00e1nticu de Xix\u00f3n"},"content":{"rendered":"<p><a href=\"https:\/\/www.lne.es\/gijon\/2026\/04\/23\/habla-ultimo-propietario-finca-isla-129446427.html\">LNE<\/a> \/ <a class=\"ft-link ft-link--decoration\" href=\"https:\/\/www.lne.es\/gijon\/2026\/04\/23\/botanico-consolida-museo-verde-referencia-129442648.html\" target=\"_blank\" rel=\"noopener\">\u00a0Jard\u00edn Bot\u00e1nico Atl\u00e1ntico.<\/a> \/ <a href=\"https:\/\/www.elcomercio.es\/gijon\/inauguracion-finca-isla-jardin-botanico-gijon-imagenes-20260423145136-ga.html\">El Comercio<\/a> \/<\/p>\n<p style=\"text-align: center\"><a href=\"https:\/\/s2.ppllstatics.com\/elcomercio\/www\/multimedia\/2026\/04\/23\/finca-isla-gijon%20(23)-kNpB-U201890381626JHC-1200x840@El%20Comercio.jpg\"><img loading=\"lazy\" decoding=\"async\" class=\"aligncenter size-large\" src=\"https:\/\/s2.ppllstatics.com\/elcomercio\/www\/multimedia\/2026\/04\/23\/finca-isla-gijon%20(23)-kNpB-U201890381626JHC-1200x840@El%20Comercio.jpg\" width=\"1200\" height=\"840\" \/><\/a><\/p>\n<p>La Finca La Isla foi inaugurada apocay\u00e1 como parte del proyectu del Xard\u00edn Bot\u00e1nicu Atl\u00e1nticu de Xix\u00f3n. La ceremonia de corte de cinta tuvo llugar el 23 d&#8217;abril de 2026, cuntando cola presencia de tr\u00e9s alcaldeses de la ciud\u00e1 y la participaci\u00f3n del postreru propietariu de la finca, quien celebr\u00f3 la integraci\u00f3n del espaciu nel patrimoniu p\u00fablicu.<\/p>\n<p><!--more--><\/p>\n<p style=\"text-align: center\"><a href=\"https:\/\/carmenmoriyon.es\/wp-content\/uploads\/2026\/04\/Carmen-Moriyon-interviene-en-la-inauguracion-de-la-Finca-de-La-Isla-1536x1024.jpg\"><img loading=\"lazy\" decoding=\"async\" class=\"aligncenter size-large\" src=\"https:\/\/carmenmoriyon.es\/wp-content\/uploads\/2026\/04\/Carmen-Moriyon-interviene-en-la-inauguracion-de-la-Finca-de-La-Isla-1536x1024.jpg\" width=\"1536\" height=\"1024\" \/><\/a><\/p>\n<p>&nbsp;<\/p>\n<p>&nbsp;<\/p>\n<p><strong>Esti edificiu d&#8217;estilu indianu del sieglu XIX, allug\u00e1u nel pueblu de Cefontes<\/strong>, ye un exemplu hist\u00f3ricu qu&#8217;incl\u00fai elementos \u00fanicos como la primer pista de tenis construyida n&#8217;Asturies y una interesada piscina del sieglu XIX. La finca, que tami\u00e9n funciona como restor\u00e1n y espaciu para eventos como bodes, at\u00f3pase enclavada dientro del xard\u00edn bot\u00e1nicu, cerrando asina&#8217;l c\u00edrculu d&#8217;esti importante proyectu municipal.<\/p>\n<p style=\"text-align: center\"><a href=\"https:\/\/carmenmoriyon.es\/wp-content\/uploads\/2026\/04\/Carmen-Moriyon-y-Jesus-Martinez-Salvador-en-la-inauguracion-de-la-Finca-de-La-Isla-1536x1024.jpg\"><img loading=\"lazy\" decoding=\"async\" class=\"aligncenter size-large\" src=\"https:\/\/carmenmoriyon.es\/wp-content\/uploads\/2026\/04\/Carmen-Moriyon-y-Jesus-Martinez-Salvador-en-la-inauguracion-de-la-Finca-de-La-Isla-1536x1024.jpg\" width=\"1536\" height=\"1024\" \/><\/a><\/p>\n<p>Semeyes de <a class=\"x1i10hfl xjbqb8w x1ejq31n x18oe1m7 x1sy0etr xstzfhl x972fbf x10w94by x1qhh985 x14e42zd x9f619 x1ypdohk xt0psk2 x3ct3a4 xdj266r x14z9mp xat24cr x1lziwak xexx8yu xyri2b x18d9i69 x1c1uobl x16tdsg8 x1hl2dhg xggy1nq x1a2a7pz xkrqix3 x1sur9pj xzsf02u x1s688f\" role=\"link\" href=\"https:\/\/www.facebook.com\/Juanjoarrojofotografo?__cft__[0]=AZb1jaDjByxveMr4JSKgnw2sS29TZrkHE16sq_2JdlGTY3ErutmpAg8p_1kdVKMBVmUs_2W8LNsCAr4SNoH9nMsHAlvrZ59QJpoGl64Zv0FzWss_7GJCb7PJ4enJIaNS9IER8R1TOTWoK6zUypO7YtcTDaWz8dca7D9xMKaeLAfGAA&amp;__tn__=-UC%2CP-R\"><b class=\"html-b xdj266r x14z9mp xat24cr x1lziwak xexx8yu xyri2b x18d9i69 x1c1uobl x1hl2dhg x16tdsg8 x1vvkbs x1s688f\"><span class=\"xt0psk2\"><span class=\"xjp7ctv\"><span class=\"html-span xdj266r x14z9mp xat24cr x1lziwak xexx8yu xyri2b x18d9i69 x1c1uobl x1hl2dhg x16tdsg8 x1vvkbs\">Juanjo Arrojo Martinez<\/span><\/span><\/span><\/b><\/a><\/p>\n<p style=\"text-align: center\">\n<!-- iframe plugin v.6.0 wordpress.org\/plugins\/iframe\/ -->\n<iframe loading=\"lazy\" src=\"https:\/\/www.facebook.com\/plugins\/post.php?href=https%3A%2F%2Fwww.facebook.com%2Fphoto.php%3Ffbid%3D10233417642082319%26set%3Da.1120370968799%26type%3D3&#038;show_text=false&#038;width=500\" width=\"500\" height=\"801\" style=\"border:none;overflow:hidden\" scrolling=\"no\" frameborder=\"0\" allowfullscreen=\"true\" allow=\"autoplay; clipboard-write; encrypted-media; picture-in-picture; web-share\" 0=\"\/iframe\" class=\"iframe-class\"><\/iframe>\n<\/p>\n","protected":false},"excerpt":{"rendered":"<p>LNE \/ \u00a0Jard\u00edn Bot\u00e1nico Atl\u00e1ntico. \/ El Comercio \/ La Finca La Isla foi inaugurada apocay\u00e1 como parte del proyectu del Xard\u00edn Bot\u00e1nicu Atl\u00e1nticu de Xix\u00f3n. La ceremonia de corte de cinta tuvo llugar el 23 d&#8217;abril de 2026, cuntando cola presencia de tr\u00e9s alcaldeses de la ciud\u00e1 y la participaci\u00f3n del postreru propietariu de [&hellip;]<\/p>\n","protected":false},"author":117,"featured_media":0,"comment_status":"closed","ping_status":"closed","sticky":false,"template":"","format":"standard","meta":{"footnotes":""},"categories":[15],"tags":[],"class_list":["post-72910","post","type-post","status-publish","format-standard","hentry","category-museos"],"_links":{"self":[{"href":"https:\/\/edublog.educastur.es\/ixuxu\/wp-json\/wp\/v2\/posts\/72910","targetHints":{"allow":["GET"]}}],"collection":[{"href":"https:\/\/edublog.educastur.es\/ixuxu\/wp-json\/wp\/v2\/posts"}],"about":[{"href":"https:\/\/edublog.educastur.es\/ixuxu\/wp-json\/wp\/v2\/types\/post"}],"author":[{"embeddable":true,"href":"https:\/\/edublog.educastur.es\/ixuxu\/wp-json\/wp\/v2\/users\/117"}],"replies":[{"embeddable":true,"href":"https:\/\/edublog.educastur.es\/ixuxu\/wp-json\/wp\/v2\/comments?post=72910"}],"version-history":[{"count":4,"href":"https:\/\/edublog.educastur.es\/ixuxu\/wp-json\/wp\/v2\/posts\/72910\/revisions"}],"predecessor-version":[{"id":72914,"href":"https:\/\/edublog.educastur.es\/ixuxu\/wp-json\/wp\/v2\/posts\/72910\/revisions\/72914"}],"wp:attachment":[{"href":"https:\/\/edublog.educastur.es\/ixuxu\/wp-json\/wp\/v2\/media?parent=72910"}],"wp:term":[{"taxonomy":"category","embeddable":true,"href":"https:\/\/edublog.educastur.es\/ixuxu\/wp-json\/wp\/v2\/categories?post=72910"},{"taxonomy":"post_tag","embeddable":true,"href":"https:\/\/edublog.educastur.es\/ixuxu\/wp-json\/wp\/v2\/tags?post=72910"}],"curies":[{"name":"wp","href":"https:\/\/api.w.org\/{rel}","templated":true}]}}