{"id":72955,"date":"2026-04-30T08:15:26","date_gmt":"2026-04-30T06:15:26","guid":{"rendered":"https:\/\/edublog.educastur.es\/ixuxu\/?p=72955"},"modified":"2026-04-30T10:18:56","modified_gmt":"2026-04-30T08:18:56","slug":"el-tiempu-el-comercio-324","status":"publish","type":"post","link":"https:\/\/edublog.educastur.es\/ixuxu\/2026\/04\/el-tiempu-el-comercio-324\/","title":{"rendered":"El tiempu (El Comercio)"},"content":{"rendered":"<p style=\"text-align: center\"><a href=\"https:\/\/s1.ppllstatics.com\/elcomercio\/www\/multimedia\/2026\/04\/29\/prevision-tiempo-asturias.jpg\"><img loading=\"lazy\" decoding=\"async\" class=\"aligncenter size-large\" src=\"https:\/\/s1.ppllstatics.com\/elcomercio\/www\/multimedia\/2026\/04\/29\/prevision-tiempo-asturias.jpg\" width=\"1545\" height=\"1097\" \/><\/a><\/p>\n<p>&nbsp;<\/p>\n<p>Esperamos una nueva xornada na que la inestabilid\u00e1 volver\u00e1 cobrar protagonismu. Pela ma\u00f1ana nun se refuga l&#8217;apertura de delles escamplaes, pero va ser por pocu tiempu cuidao que la nubosidad va dir n&#8217;aumentu conforme vaigan trescurriendo les hores. Les nubes volver\u00e1n aumentar dende&#8217;l sur cubriendo tol cielu asturianu, sobremanera a partir del mediud\u00eda.<\/p>\n<p>Esta nubosidad va dexar bastios que podr\u00eden ser localmente fuertes nel cordal y moderaos nel restu del interior. Cuanto m\u00e1s movamos escontra la mari\u00f1a les precipitaciones van ser menos probables y frecuentes. Les temperatures m\u00e1ximes van xubir hasta 4 \u00baC nel occidente y hasta 2 \u00baC nel restu de la rex\u00f3n. Les m\u00ednimes apenes se van ver afectaes en comparanza coles anotaes el mi\u00e9rcoles. Los vientos van ser fluexos y variables de primeres con encl\u00edn a afitase de nordeste na mari\u00f1a mientres la segunda parte del d\u00eda con dalguna racha moderada a lo sumo.<\/p>\n<p><!--more--><\/p>\n<p>Van poder tenese dellos <strong>bastios en puntos del norte d&#8217;Espa\u00f1a<\/strong> como Galicia, <strong>Asturies<\/strong>, Cantabria, Pa\u00eds Vascu y Navarra.<\/p>\n<p>&nbsp;<\/p>\n<p><a href=\"https:\/\/cdns3.eltiempo.es\/eltiempo\/blog\/noticias\/2026\/04\/27133050\/n.isobarico_jueves-1024x576.jpg\"><img loading=\"lazy\" decoding=\"async\" class=\"aligncenter size-large\" src=\"https:\/\/cdns3.eltiempo.es\/eltiempo\/blog\/noticias\/2026\/04\/27133050\/n.isobarico_jueves-1024x576.jpg\" width=\"1024\" height=\"576\" \/><\/a><\/p>\n<p>Vienres<\/p>\n<p>&nbsp;<\/p>\n","protected":false},"excerpt":{"rendered":"<p>&nbsp; Esperamos una nueva xornada na que la inestabilid\u00e1 volver\u00e1 cobrar protagonismu. Pela ma\u00f1ana nun se refuga l&#8217;apertura de delles escamplaes, pero va ser por pocu tiempu cuidao que la nubosidad va dir n&#8217;aumentu conforme vaigan trescurriendo les hores. Les nubes volver\u00e1n aumentar dende&#8217;l sur cubriendo tol cielu asturianu, sobremanera a partir del mediud\u00eda. Esta [&hellip;]<\/p>\n","protected":false},"author":117,"featured_media":0,"comment_status":"closed","ping_status":"closed","sticky":false,"template":"","format":"standard","meta":{"footnotes":""},"categories":[1],"tags":[],"class_list":["post-72955","post","type-post","status-publish","format-standard","hentry","category-sin-categoria"],"_links":{"self":[{"href":"https:\/\/edublog.educastur.es\/ixuxu\/wp-json\/wp\/v2\/posts\/72955","targetHints":{"allow":["GET"]}}],"collection":[{"href":"https:\/\/edublog.educastur.es\/ixuxu\/wp-json\/wp\/v2\/posts"}],"about":[{"href":"https:\/\/edublog.educastur.es\/ixuxu\/wp-json\/wp\/v2\/types\/post"}],"author":[{"embeddable":true,"href":"https:\/\/edublog.educastur.es\/ixuxu\/wp-json\/wp\/v2\/users\/117"}],"replies":[{"embeddable":true,"href":"https:\/\/edublog.educastur.es\/ixuxu\/wp-json\/wp\/v2\/comments?post=72955"}],"version-history":[{"count":5,"href":"https:\/\/edublog.educastur.es\/ixuxu\/wp-json\/wp\/v2\/posts\/72955\/revisions"}],"predecessor-version":[{"id":73091,"href":"https:\/\/edublog.educastur.es\/ixuxu\/wp-json\/wp\/v2\/posts\/72955\/revisions\/73091"}],"wp:attachment":[{"href":"https:\/\/edublog.educastur.es\/ixuxu\/wp-json\/wp\/v2\/media?parent=72955"}],"wp:term":[{"taxonomy":"category","embeddable":true,"href":"https:\/\/edublog.educastur.es\/ixuxu\/wp-json\/wp\/v2\/categories?post=72955"},{"taxonomy":"post_tag","embeddable":true,"href":"https:\/\/edublog.educastur.es\/ixuxu\/wp-json\/wp\/v2\/tags?post=72955"}],"curies":[{"name":"wp","href":"https:\/\/api.w.org\/{rel}","templated":true}]}}