{"id":72958,"date":"2026-04-30T22:00:45","date_gmt":"2026-04-30T20:00:45","guid":{"rendered":"https:\/\/edublog.educastur.es\/ixuxu\/?p=72958"},"modified":"2026-04-30T22:16:45","modified_gmt":"2026-04-30T20:16:45","slug":"el-tiempu-nasturies-13","status":"publish","type":"post","link":"https:\/\/edublog.educastur.es\/ixuxu\/2026\/04\/el-tiempu-nasturies-13\/","title":{"rendered":"El tiempu n&#8217;Asturies"},"content":{"rendered":"<p><a href=\"https:\/\/www.eltiempo.es\"><strong>https:\/\/www.eltiempo.es<\/strong><\/a>\/<\/p>\n<p>Vienres<\/p>\n<p style=\"text-align: center\"><a href=\"https:\/\/cdns3.eltiempo.es\/eltiempo\/blog\/noticias\/2026\/04\/28130908\/n.intensidad_vie-20-1024x576.jpg\"><img loading=\"lazy\" decoding=\"async\" class=\"aligncenter size-large\" src=\"https:\/\/cdns3.eltiempo.es\/eltiempo\/blog\/noticias\/2026\/04\/28130908\/n.intensidad_vie-20-1024x576.jpg\" width=\"1024\" height=\"576\" \/><\/a><\/p>\n<p><!--more--><\/p>\n<p style=\"text-align: center\"><a href=\"https:\/\/cdns3.eltiempo.es\/eltiempo\/blog\/noticias\/2026\/04\/30113518\/n.maximas_viernes-2-1-1024x576.jpg\"><img loading=\"lazy\" decoding=\"async\" class=\"aligncenter size-large\" src=\"https:\/\/cdns3.eltiempo.es\/eltiempo\/blog\/noticias\/2026\/04\/30113518\/n.maximas_viernes-2-1-1024x576.jpg\" width=\"1024\" height=\"576\" \/><\/a><\/p>\n<p><strong>S\u00e1badu.<\/strong><\/p>\n<p>La xornada del s\u00e1badu va siguir bien marcada polos intervalu nublos, especialmente en zones del este y norte peninsular mientres la ma\u00f1ana y, m\u00e1s entrada la tarde, tami\u00e9n n&#8217;amplies zones del pandu norte.<\/p>\n<p style=\"text-align: center\"><a href=\"https:\/\/cdns3.eltiempo.es\/eltiempo\/blog\/noticias\/2026\/04\/28130957\/n.intensidad_sab-21-1024x576.jpg\"><img loading=\"lazy\" decoding=\"async\" class=\"aligncenter size-large\" src=\"https:\/\/cdns3.eltiempo.es\/eltiempo\/blog\/noticias\/2026\/04\/28130957\/n.intensidad_sab-21-1024x576.jpg\" width=\"1024\" height=\"576\" \/><\/a><\/p>\n<p><strong>Domingu. <\/strong>La inestabilid\u00e1 siguir\u00eda afectando a la mayor parte del pa\u00eds, dexando nubes en partes del pandu norte y del este peninsular.<\/p>\n<p style=\"text-align: center\"><a href=\"https:\/\/cdns3.eltiempo.es\/eltiempo\/blog\/noticias\/2026\/04\/28131035\/n.intensidad_dom-15-1-1024x576.jpg\"><img loading=\"lazy\" decoding=\"async\" class=\"aligncenter size-large\" src=\"https:\/\/cdns3.eltiempo.es\/eltiempo\/blog\/noticias\/2026\/04\/28131035\/n.intensidad_dom-15-1-1024x576.jpg\" width=\"1024\" height=\"576\" \/><\/a><\/p>\n","protected":false},"excerpt":{"rendered":"<p>https:\/\/www.eltiempo.es\/ Vienres<\/p>\n","protected":false},"author":117,"featured_media":0,"comment_status":"closed","ping_status":"closed","sticky":false,"template":"","format":"standard","meta":{"footnotes":""},"categories":[5],"tags":[],"class_list":["post-72958","post","type-post","status-publish","format-standard","hentry","category-tiempu"],"_links":{"self":[{"href":"https:\/\/edublog.educastur.es\/ixuxu\/wp-json\/wp\/v2\/posts\/72958","targetHints":{"allow":["GET"]}}],"collection":[{"href":"https:\/\/edublog.educastur.es\/ixuxu\/wp-json\/wp\/v2\/posts"}],"about":[{"href":"https:\/\/edublog.educastur.es\/ixuxu\/wp-json\/wp\/v2\/types\/post"}],"author":[{"embeddable":true,"href":"https:\/\/edublog.educastur.es\/ixuxu\/wp-json\/wp\/v2\/users\/117"}],"replies":[{"embeddable":true,"href":"https:\/\/edublog.educastur.es\/ixuxu\/wp-json\/wp\/v2\/comments?post=72958"}],"version-history":[{"count":8,"href":"https:\/\/edublog.educastur.es\/ixuxu\/wp-json\/wp\/v2\/posts\/72958\/revisions"}],"predecessor-version":[{"id":73125,"href":"https:\/\/edublog.educastur.es\/ixuxu\/wp-json\/wp\/v2\/posts\/72958\/revisions\/73125"}],"wp:attachment":[{"href":"https:\/\/edublog.educastur.es\/ixuxu\/wp-json\/wp\/v2\/media?parent=72958"}],"wp:term":[{"taxonomy":"category","embeddable":true,"href":"https:\/\/edublog.educastur.es\/ixuxu\/wp-json\/wp\/v2\/categories?post=72958"},{"taxonomy":"post_tag","embeddable":true,"href":"https:\/\/edublog.educastur.es\/ixuxu\/wp-json\/wp\/v2\/tags?post=72958"}],"curies":[{"name":"wp","href":"https:\/\/api.w.org\/{rel}","templated":true}]}}