{"id":72966,"date":"2026-04-28T13:44:53","date_gmt":"2026-04-28T11:44:53","guid":{"rendered":"https:\/\/edublog.educastur.es\/ixuxu\/?p=72966"},"modified":"2026-04-29T22:37:39","modified_gmt":"2026-04-29T20:37:39","slug":"una-ma-osa-dando-de-mamar-a-los-sos-dos-cries","status":"publish","type":"post","link":"https:\/\/edublog.educastur.es\/ixuxu\/2026\/04\/una-ma-osa-dando-de-mamar-a-los-sos-dos-cries\/","title":{"rendered":"Una ma osa dando de mamar a los sos cr\u00edes"},"content":{"rendered":"<p>\ud83d\udc3b Les enternecedoras imaxes d&#8217;una ma osa dando de mamar a los sos dos cr\u00edes nel Parque Natural de Somiedu.<\/p>\n<p style=\"text-align: center\"><span class=\"x193iq5w xeuugli x13faqbe x1vvkbs x1xmvt09 x1lliihq x1s928wv xhkezso x1gmr53x x1cpjm7i x1fgarty x1943h6x xudqn12 x3x7a5m x1f6kntn xvq8zen xo1l8bm xzsf02u\" dir=\"auto\"><span class=\"x193iq5w xeuugli x13faqbe x1vvkbs xt0psk2 x1i0vuye xvs91rp xo1l8bm x5n08af x10wh9bi xpm28yp x8viiok x1o7cslx x126k92a\"><span class=\"html-span xexx8yu x4uap5 x18d9i69 xkhd6sd x1hl2dhg x16tdsg8 x1vvkbs x3nfvp2 x1j61x8r x1fcty0u xdj266r xat24cr xgzva0m xhhsvwb xxymvpz xlup9mm x1kky2od\">\n<!-- iframe plugin v.6.0 wordpress.org\/plugins\/iframe\/ -->\n<iframe loading=\"lazy\" src=\"https:\/\/www.instagram.com\/p\/DXSVakst3Gw\/embed\" width=\"460\" height=\"625\" 0=\"\/iframe\" scrolling=\"yes\" class=\"iframe-class\" frameborder=\"0\"><\/iframe>\n<\/span><\/span><\/span><\/p>\n<p>\ud83d\udc3b Nel Cordal Cant\u00e1bricu<strong> les femes d&#8217;osu pardu empiecen a remanecer de les oseres colos sos esbardos<\/strong>, la temporada de apareamiento p\u00fanxose en marcha y los nuevos osos empecipien la so primer dispersi\u00f3n.\u00a0 \ud83d\ude0d Nestes imaxes del Cantabrian Brown Bear &amp; Otter Research Group podemos ver a <strong>una ma oso colos sos tr\u00e9s esbardos, un n\u00famberu inusual n&#8217;una camada.<\/strong><\/p>\n<p><!--more--><\/p>\n<p style=\"text-align: center\">\n<!-- iframe plugin v.6.0 wordpress.org\/plugins\/iframe\/ -->\n<iframe loading=\"lazy\" src=\"https:\/\/www.facebook.com\/plugins\/video.php?height=387&#038;href=https%3A%2F%2Fwww.facebook.com%2Freel%2F1902878167057343%2F&#038;show_text=false&#038;width=560&#038;t=0\" width=\"560\" height=\"387\" style=\"border:none;overflow:hidden\" scrolling=\"no\" frameborder=\"0\" allowfullscreen=\"true\" allow=\"autoplay; clipboard-write; encrypted-media; picture-in-picture; web-share\" 0=\"\/iframe\" class=\"iframe-class\"><\/iframe>\n<\/p>\n<p><span style=\"color: #008080;font-size: 20px\"><em>\u00abLos esbardos nac\u00edos esti pas\u00e1u iviernu van evolucionando,<br \/>\ndalgunos m\u00e1s r\u00e1pidu qu&#8217;otros,<br \/>\nconociendo cada vez meyor el territoriu nel que viven. <\/em><\/span><\/p>\n<p><span style=\"color: #008080;font-size: 20px\"><em>Hai oses qu&#8217;inda siguen utilizando la paridera para dormir.<\/em><\/span><\/p>\n<p><span style=\"color: #008080;font-size: 20px\"><em> Otres, como esta (la de les imaxes),<br \/>\ny\u00e1 percuerren distancies m\u00e1s llargues<br \/>\ny duermen colos esbardos en distintos llugares. <\/em><\/span><\/p>\n<p><span style=\"color: #008080;font-size: 20px\"><em>Les cr\u00edes xueguen y aprienden a engatar,<br \/>\nmientres la osa alim\u00e9ntase de lo qu&#8217;atopa<br \/>\ny busca regueros para beber. <\/em><\/span><\/p>\n<p><span style=\"color: #008080;font-size: 20px\"><em>Siguen los pasos de la so madre,<br \/>\ndacuando con entueyos,<br \/>\nal travi\u00e9s d&#8217;estos escarpes nos que tendr\u00e1n<br \/>\nd&#8217;evitar m\u00faltiples peligros nos pr\u00f3ximos meses\u00bb.<\/em><\/span><\/p>\n<p style=\"text-align: center\">\n<!-- iframe plugin v.6.0 wordpress.org\/plugins\/iframe\/ -->\n<iframe loading=\"lazy\" src=\"https:\/\/www.facebook.com\/plugins\/video.php?height=476&#038;href=https%3A%2F%2Fwww.facebook.com%2Freel%2F960437099698179%2F&#038;show_text=false&#038;width=267&#038;t=0\" width=\"267\" height=\"476\" style=\"border:none;overflow:hidden\" scrolling=\"no\" frameborder=\"0\" allowfullscreen=\"true\" allow=\"autoplay; clipboard-write; encrypted-media; picture-in-picture; web-share\" 0=\"\/iframe\" class=\"iframe-class\"><\/iframe>\n<\/p>\n<p style=\"text-align: center\">\n","protected":false},"excerpt":{"rendered":"<p>\ud83d\udc3b Les enternecedoras imaxes d&#8217;una ma osa dando de mamar a los sos dos cr\u00edes nel Parque Natural de Somiedu. \ud83d\udc3b Nel Cordal Cant\u00e1bricu les femes d&#8217;osu pardu empiecen a remanecer de les oseres colos sos esbardos, la temporada de apareamiento p\u00fanxose en marcha y los nuevos osos empecipien la so primer dispersi\u00f3n.\u00a0 \ud83d\ude0d Nestes [&hellip;]<\/p>\n","protected":false},"author":117,"featured_media":0,"comment_status":"closed","ping_status":"closed","sticky":false,"template":"","format":"aside","meta":{"footnotes":""},"categories":[1],"tags":[],"class_list":["post-72966","post","type-post","status-publish","format-aside","hentry","category-sin-categoria","post_format-post-format-aside"],"_links":{"self":[{"href":"https:\/\/edublog.educastur.es\/ixuxu\/wp-json\/wp\/v2\/posts\/72966","targetHints":{"allow":["GET"]}}],"collection":[{"href":"https:\/\/edublog.educastur.es\/ixuxu\/wp-json\/wp\/v2\/posts"}],"about":[{"href":"https:\/\/edublog.educastur.es\/ixuxu\/wp-json\/wp\/v2\/types\/post"}],"author":[{"embeddable":true,"href":"https:\/\/edublog.educastur.es\/ixuxu\/wp-json\/wp\/v2\/users\/117"}],"replies":[{"embeddable":true,"href":"https:\/\/edublog.educastur.es\/ixuxu\/wp-json\/wp\/v2\/comments?post=72966"}],"version-history":[{"count":10,"href":"https:\/\/edublog.educastur.es\/ixuxu\/wp-json\/wp\/v2\/posts\/72966\/revisions"}],"predecessor-version":[{"id":73080,"href":"https:\/\/edublog.educastur.es\/ixuxu\/wp-json\/wp\/v2\/posts\/72966\/revisions\/73080"}],"wp:attachment":[{"href":"https:\/\/edublog.educastur.es\/ixuxu\/wp-json\/wp\/v2\/media?parent=72966"}],"wp:term":[{"taxonomy":"category","embeddable":true,"href":"https:\/\/edublog.educastur.es\/ixuxu\/wp-json\/wp\/v2\/categories?post=72966"},{"taxonomy":"post_tag","embeddable":true,"href":"https:\/\/edublog.educastur.es\/ixuxu\/wp-json\/wp\/v2\/tags?post=72966"}],"curies":[{"name":"wp","href":"https:\/\/api.w.org\/{rel}","templated":true}]}}