{"id":73032,"date":"2026-04-29T08:30:12","date_gmt":"2026-04-29T06:30:12","guid":{"rendered":"https:\/\/edublog.educastur.es\/ixuxu\/?p=73032"},"modified":"2026-04-29T11:41:09","modified_gmt":"2026-04-29T09:41:09","slug":"el-tiempu-el-comercio-325","status":"publish","type":"post","link":"https:\/\/edublog.educastur.es\/ixuxu\/2026\/04\/el-tiempu-el-comercio-325\/","title":{"rendered":"El tiempu (El Comercio)"},"content":{"rendered":"<p style=\"text-align: center\"><a href=\"https:\/\/s1.ppllstatics.com\/elcomercio\/www\/multimedia\/2026\/04\/28\/prevision-tiempo-asturias.jpg\"><img loading=\"lazy\" decoding=\"async\" class=\"aligncenter size-large\" src=\"https:\/\/s1.ppllstatics.com\/elcomercio\/www\/multimedia\/2026\/04\/28\/prevision-tiempo-asturias.jpg\" width=\"1531\" height=\"1103\" \/><\/a><\/p>\n<p>Esperamos una xornada con abondosa nubosidad en tol Princip\u00e1u. <strong>Mientres el d\u00eda<\/strong> va haber posibilid\u00e1 de bastios que van ser m\u00e1s frecuentes pela tarde pero que tami\u00e9n podr\u00eden esperase a lo llargo de la ma\u00f1ana. <strong>A partir de la tarde<\/strong>, cuando la inestabilid\u00e1 va intensificase sobremanera nel cordal con bastios tormentosos que podr\u00eden estendese escontra otros puntos del interior asturianu. <a href=\"https:\/\/x.com\/i\/status\/2049191657401110830\">VIDEU<\/a><\/p>\n<p>Tocantes a <strong>los vientos,<\/strong> van ser fluexos y variables de primeres con encl\u00edn a afitase de nordeste na mari\u00f1a y zones del norte asturianu, y de componente sur nel cordal. <strong>Les temperatures m\u00e1ximes<\/strong> van baxar ente 1 y 2 \u00baC en pr\u00e1cticamente toa Asturies.<strong> Les minimes<\/strong> van caltenese ensin grandes cambeos.<\/p>\n<p><!--more--><\/p>\n<p style=\"text-align: center\"><a href=\"https:\/\/services.meteored.com\/img\/video\/preview\/dailymotion-xa7ab26_1024.jpg\"><img loading=\"lazy\" decoding=\"async\" class=\"alignnone size-large\" src=\"https:\/\/services.meteored.com\/img\/video\/preview\/dailymotion-xa7ab26_1024.jpg\" width=\"1024\" height=\"576\" \/><\/a><\/p>\n<p><a href=\"https:\/\/services.meteored.com\/img\/article\/hasta-8-c-menos-manana-habra-un-bajon-de-temperaturas-en-cinco-comunidades-del-oeste-peninsular-1777370856828_1024.png\"><img loading=\"lazy\" decoding=\"async\" class=\"aligncenter size-large\" src=\"https:\/\/services.meteored.com\/img\/article\/hasta-8-c-menos-manana-habra-un-bajon-de-temperaturas-en-cinco-comunidades-del-oeste-peninsular-1777370856828_1024.png\" width=\"1024\" height=\"722\" \/><\/a><\/p>\n<p style=\"text-align: center\">\n<!-- iframe plugin v.6.0 wordpress.org\/plugins\/iframe\/ -->\n<iframe loading=\"lazy\" src=\"https:\/\/www.facebook.com\/plugins\/video.php?height=314&#038;href=https%3A%2F%2Fwww.facebook.com%2Freel%2F2157729588310809%2F&#038;show_text=false&#038;width=560&#038;t=0\" width=\"560\" height=\"314\" style=\"border:none;overflow:hidden\" scrolling=\"no\" frameborder=\"0\" allowfullscreen=\"true\" allow=\"autoplay; clipboard-write; encrypted-media; picture-in-picture; web-share\" 0=\"\/iframe\" class=\"iframe-class\"><\/iframe>\n<\/p>\n<p style=\"text-align: center\"><a href=\"https:\/\/services.meteored.com\/img\/article\/hasta-8-c-menos-manana-habra-un-bajon-de-temperaturas-en-5-comunidades-del-oeste-peninsular-1777368431456_1024.png\"><img loading=\"lazy\" decoding=\"async\" class=\"aligncenter size-large\" src=\"https:\/\/services.meteored.com\/img\/article\/hasta-8-c-menos-manana-habra-un-bajon-de-temperaturas-en-5-comunidades-del-oeste-peninsular-1777368431456_1024.png\" width=\"1024\" height=\"720\" \/><\/a><\/p>\n<p style=\"text-align: center\">\n<!-- iframe plugin v.6.0 wordpress.org\/plugins\/iframe\/ -->\n<iframe loading=\"lazy\" src=\"https:\/\/www.facebook.com\/plugins\/post.php?href=https%3A%2F%2Fwww.facebook.com%2Fpermalink.php%3Fstory_fbid%3Dpfbid02xDUEXBshsP8mdySkR2LQYwV5i58UWvvDArktihMWdjSXsNmCc5nZersBHaz5ot4Bl%26id%3D100063455021317&#038;show_text=false&#038;width=500\" width=\"500\" height=\"284\" style=\"border:none;overflow:hidden\" scrolling=\"no\" frameborder=\"0\" allowfullscreen=\"true\" allow=\"autoplay; clipboard-write; encrypted-media; picture-in-picture; web-share\" 0=\"\/iframe\" class=\"iframe-class\"><\/iframe>\n<\/p>\n<p style=\"text-align: center\"><a href=\"https:\/\/pbs.twimg.com\/media\/HG_CXJ-akAAyobR?format=png&amp;name=900x900\"><img loading=\"lazy\" decoding=\"async\" class=\"aligncenter size-large\" src=\"https:\/\/pbs.twimg.com\/media\/HG_CXJ-akAAyobR?format=png&amp;name=900x900\" width=\"806\" height=\"492\" \/><\/a><\/p>\n<p>&nbsp;<\/p>\n","protected":false},"excerpt":{"rendered":"<p>Esperamos una xornada con abondosa nubosidad en tol Princip\u00e1u. Mientres el d\u00eda va haber posibilid\u00e1 de bastios que van ser m\u00e1s frecuentes pela tarde pero que tami\u00e9n podr\u00eden esperase a lo llargo de la ma\u00f1ana. A partir de la tarde, cuando la inestabilid\u00e1 va intensificase sobremanera nel cordal con bastios tormentosos que podr\u00eden estendese escontra [&hellip;]<\/p>\n","protected":false},"author":117,"featured_media":0,"comment_status":"closed","ping_status":"closed","sticky":false,"template":"","format":"standard","meta":{"footnotes":""},"categories":[5],"tags":[],"class_list":["post-73032","post","type-post","status-publish","format-standard","hentry","category-tiempu"],"_links":{"self":[{"href":"https:\/\/edublog.educastur.es\/ixuxu\/wp-json\/wp\/v2\/posts\/73032","targetHints":{"allow":["GET"]}}],"collection":[{"href":"https:\/\/edublog.educastur.es\/ixuxu\/wp-json\/wp\/v2\/posts"}],"about":[{"href":"https:\/\/edublog.educastur.es\/ixuxu\/wp-json\/wp\/v2\/types\/post"}],"author":[{"embeddable":true,"href":"https:\/\/edublog.educastur.es\/ixuxu\/wp-json\/wp\/v2\/users\/117"}],"replies":[{"embeddable":true,"href":"https:\/\/edublog.educastur.es\/ixuxu\/wp-json\/wp\/v2\/comments?post=73032"}],"version-history":[{"count":6,"href":"https:\/\/edublog.educastur.es\/ixuxu\/wp-json\/wp\/v2\/posts\/73032\/revisions"}],"predecessor-version":[{"id":73056,"href":"https:\/\/edublog.educastur.es\/ixuxu\/wp-json\/wp\/v2\/posts\/73032\/revisions\/73056"}],"wp:attachment":[{"href":"https:\/\/edublog.educastur.es\/ixuxu\/wp-json\/wp\/v2\/media?parent=73032"}],"wp:term":[{"taxonomy":"category","embeddable":true,"href":"https:\/\/edublog.educastur.es\/ixuxu\/wp-json\/wp\/v2\/categories?post=73032"},{"taxonomy":"post_tag","embeddable":true,"href":"https:\/\/edublog.educastur.es\/ixuxu\/wp-json\/wp\/v2\/tags?post=73032"}],"curies":[{"name":"wp","href":"https:\/\/api.w.org\/{rel}","templated":true}]}}