{"id":73049,"date":"2026-04-29T10:30:10","date_gmt":"2026-04-29T08:30:10","guid":{"rendered":"https:\/\/edublog.educastur.es\/ixuxu\/?p=73049"},"modified":"2026-04-29T11:40:07","modified_gmt":"2026-04-29T09:40:07","slug":"ferramientes-nueves-nasturianu","status":"publish","type":"post","link":"https:\/\/edublog.educastur.es\/ixuxu\/2026\/04\/ferramientes-nueves-nasturianu\/","title":{"rendered":"Ferramientes nueves n&#8217;asturianu"},"content":{"rendered":"<div class=\"css-175oi2r r-18u37iz r-136ojw6\">\n<div class=\"css-175oi2r r-1iusvr4 r-16y2uox r-1777fci\">\n<div class=\"css-175oi2r r-zl2h9q\">\n<div class=\"css-175oi2r r-k4xj1c r-18u37iz r-1wtj0ep\">\n<div class=\"css-175oi2r r-1d09ksm r-18u37iz r-1wbh5a2\">\n<div class=\"css-175oi2r r-1wbh5a2 r-dnmrzs r-1ny4l3l\">\n<div id=\"id__bzjj1bqsdil\" class=\"css-175oi2r r-1wbh5a2 r-dnmrzs r-1ny4l3l\" data-testid=\"User-Name\">\n<div class=\"css-175oi2r r-1awozwy r-18u37iz r-1wbh5a2 r-dnmrzs\">\n<div class=\"css-175oi2r r-1wbh5a2 r-dnmrzs\">\n<div class=\"css-175oi2r r-1awozwy r-18u37iz r-1wbh5a2 r-dnmrzs\">\n<div class=\"css-146c3p1 r-bcqeeo r-1ttztb7 r-qvutc0 r-37j5jr r-a023e6 r-rjixqe r-b88u0q r-1awozwy r-6koalj r-1udh08x r-3s2u2q\" dir=\"ltr\"><a href=\"https:\/\/x.com\/culturaAST\"><span class=\"css-1jxf684 r-dnmrzs r-1udh08x r-1udbk01 r-3s2u2q r-bcqeeo r-1ttztb7 r-qvutc0 r-poiln3\"><span class=\"css-1jxf684 r-bcqeeo r-1ttztb7 r-qvutc0 r-poiln3\">Conseyer\u00eda de Cultura, P. Lling\u00fc\u00edstica y Deporte \/ <\/span><\/span>@culturaAST <\/a><span class=\"css-1jxf684 r-bcqeeo r-1ttztb7 r-qvutc0 r-poiln3\">\u00a0Xunta de la Rede de Normalizaci\u00f3n Lling\u00fc\u00edstica <\/span><span class=\"css-1jxf684 r-bcqeeo r-1ttztb7 r-qvutc0 r-poiln3\">\u00a0La Conseyer\u00eda de Cultura, Pol\u00edtica Lling\u00fc\u00edstica y Deporte reforcia\u2019l so compromisu cola normalizaci\u00f3n lling\u00fc\u00edstica con ferramientes nueves y mayor inversi\u00f3n p\u00fablica. <\/span><span class=\"css-1jxf684 r-bcqeeo r-1ttztb7 r-qvutc0 r-poiln3\">\u00a0en <\/span><span class=\"css-1jxf684 r-bcqeeo r-1ttztb7 r-qvutc0 r-poiln3\">: <\/span><a class=\"css-1jxf684 r-bcqeeo r-1ttztb7 r-qvutc0 r-poiln3 r-1wvb978 r-1loqt21\" dir=\"ltr\" role=\"link\" href=\"https:\/\/t.co\/oKuzyFpeer\" target=\"_blank\" rel=\"noopener noreferrer nofollow\"><span class=\"css-1jxf684 r-bcqeeo r-1ttztb7 r-qvutc0 r-poiln3 r-qlhcfr r-19qo34d r-qvk6io r-orgf3d r-u8s1d\" aria-hidden=\"true\">https:\/\/<\/span>actualidad.asturias.es\/-\/normalizacio<span class=\"css-1jxf684 r-bcqeeo r-1ttztb7 r-qvutc0 r-poiln3 r-qlhcfr r-19qo34d r-qvk6io r-orgf3d r-u8s1d\" aria-hidden=\"true\">n2704<\/span><\/a><\/div>\n<div dir=\"ltr\"><\/div>\n<\/div>\n<\/div>\n<\/div>\n<\/div>\n<\/div>\n<\/div>\n<\/div>\n<\/div>\n<\/div>\n<\/div>\n<div class=\"css-175oi2r\">\n<div class=\"css-175oi2r r-1s2bzr4\">\n<div dir=\"auto\" lang=\"es\" style=\"text-align: center\" data-testid=\"tweetText\"><a href=\"https:\/\/actualidad.asturias.es\/documents\/537115\/3211173\/2026_04_27+Rede+de+Normalizacio%CC%81n+Llingu%CC%88i%CC%81stica+2.jpeg\/4c8af8d7-86dc-8853-303d-917ed48f0e8d?t=1777306194408\"><img loading=\"lazy\" decoding=\"async\" class=\"aligncenter \" src=\"https:\/\/actualidad.asturias.es\/documents\/537115\/3211173\/2026_04_27+Rede+de+Normalizacio%CC%81n+Llingu%CC%88i%CC%81stica+2.jpeg\/4c8af8d7-86dc-8853-303d-917ed48f0e8d?t=1777306194408\" width=\"650\" height=\"487\" \/><\/a><\/div>\n<div dir=\"auto\" lang=\"es\" data-testid=\"tweetText\">\n<div class=\"description\">\n<h3><!--more--><\/h3>\n<h3>Cultura va facilitar a les entidaes locales una gu\u00eda pa la normalizaci\u00f3n lling\u00fc\u00edstica<\/h3>\n<ul>\n<li class=\"Entradilla\"><strong>El Princip\u00e1u dota pela primer vez a la\u00a0<i>Rede de Normalizaci\u00f3n Lling\u00fc\u00edstica\u00a0<\/i>d\u2019un presupuestu propiu de 50.000 euros, que se suma a la financiaci\u00f3n estable de los Servicios incrementada un 66 % dende\u2019l 2019<\/strong><\/li>\n<li class=\"Entradilla\"><strong>La conseyer\u00eda axunta a los conceyos pa evaluar el trabayu realiz\u00e1u y presentar recursos nuevos y ferramientes d\u2019apoyu<\/strong><\/li>\n<li class=\"Entradilla\"><strong>L\u2019Executivu presenta la versi\u00f3n nueva del traductor dixital\u00a0<i>Eslema<\/i>, qu\u2019ampl\u00eda les sos prestaciones, y va integrar la traducci\u00f3n al eonaviegu la selmana pr\u00f3xima<\/strong><\/li>\n<\/ul>\n<p>&nbsp;<\/p>\n<p>La conseyera de Cultura, Pol\u00edtica Lling\u00fc\u00edstica y Deporte, Vanessa Guti\u00e9rrez, anunci\u00f3 esta tarde na reuni\u00f3n de la\u00a0<i>Rede de Normalizaci\u00f3n Lling\u00fc\u00edstica\u00a0<\/i>en Llaboral Ciud\u00e1 de la Cultura que\u2019l so departamentu prepara una\u00a0<i>Gu\u00eda\u00a0<\/i>pa impulsar nel \u00e1mbitu municipal la normalizaci\u00f3n de les lling\u00fces propies d\u2019Asturies y pa garantizar los derechos lling\u00fc\u00edsticos de les sos falantes, que va poner a disposici\u00f3n de los entes locales y de los sos servicios de normalizaci\u00f3n. Esa\u00a0<i>Gu\u00eda\u00a0<\/i>va cuntar con informaci\u00f3n y documentaci\u00f3n actualizaes, y formula propuestes d\u2019acciones de promoci\u00f3n del asturianu y del eonaviegu n\u2019\u00e1mbitos como l\u2019activid\u00e1 municipal, el comerciu, la dinamizaci\u00f3n cultural y l\u2019ociu.<\/p>\n<p>&nbsp;<\/p>\n<p>Nel alcuentru, Vanessa Guti\u00e9rrez fixo balance del llabor desenvueltu polos Servicios de Normalizaci\u00f3n Lling\u00fc\u00edstica nos a\u00f1os \u00faltimos, que vieron incrementaos los sos recursos por parte de la conseyer\u00eda nun 66 % dende\u2019l 2019.<\/p>\n<p>&nbsp;<\/p>\n<p>Pa esti 2026, Cultura destina 415.320 euros a la financiaci\u00f3n de los mentaos Servicios de Normalizaci\u00f3n, qu\u2019ufierten apoyu en 36 conceyos, incluyendo asina al 60 % de la poblaci\u00f3n asturiano. Am\u00e1s, la\u00a0<i>Rede\u00a0<\/i>de la que formen parte alredor de 40 conceyos y otres entidaes cunta pela primer vez con un presupuestu propiu de 50.000 euros pal desenvolvimientu d\u2019actividaes complementaries que contribuyan a la normalizaci\u00f3n efectiva de les lling\u00fces propies de la comunid\u00e1 aut\u00f3noma, l\u2019asturianu y l\u2019eonaviegu.<\/p>\n<p>&nbsp;<\/p>\n<p class=\"Subttulo1\"><strong><i>Eslema<\/i>, el traductor al serviciu de la ciudadan\u00eda<\/strong><\/p>\n<p>De la mesma manera, esta tarde present\u00e1ronse meyores en recursos clave, como l\u2019actualizaci\u00f3n del\u00a0<i>Eslema<\/i>, la versi\u00f3n ameyorada del traductor al asturianu, que va incorporar la selmana pr\u00f3xima, coincidendo cola celebraci\u00f3n de la Selmana de les Lletres Asturianes, la funci\u00f3n de traducci\u00f3n al eonaviegu. Cultura ampl\u00eda asina les capacidaes tecnol\u00f3xiques disponibles pa dambes lling\u00fces.<\/p>\n<p>&nbsp;<\/p>\n<p>A esti avance s\u00famase la publicaci\u00f3n na web institucional de Pol\u00edtica Lling\u00fc\u00edstica de los modelos de formularios alministrativos descargables n\u2019asturianu, facilitando\u2019l so usu na xesti\u00f3n diaria de los conceyos. Los documentos pueden descargase en:\u00a0<a href=\"https:\/\/politicallinguistica.asturias.es\/\">https:\/\/<\/a><a href=\"https:\/\/politicallinguistica.asturias.es\/\">politicallinguistica.asturias.es\/<\/a><\/p>\n<p>&nbsp;<\/p>\n<p class=\"Subttulo1\">Meyores nes ferramientes pa la normalizaci\u00f3n de les lling\u00fces propies<\/p>\n<p>La conseyera present\u00f3 a los representantes de los conceyos la\u00a0<i>Estratexa de Normalizaci\u00f3n del Asturianu y del Eonaviegu 2026-2030\u00a0<\/i>ellaborada pol so departamentu. Esti documentu ta conceb\u00edu como una ferramienta tresversal con 245 acciones concretes p\u2019avanzar na normalizaci\u00f3n social. Nesti sent\u00edu, nel marcu de la reuni\u00f3n repas\u00e1ronse dalgunos de los finxos de la llexislatura en materia de pol\u00edtica lling\u00fc\u00edstica, destacando, am\u00e1s de la mentada\u00a0<i>Estratexa<\/i>, l\u2019aprobaci\u00f3n de les primeres\u00a0<i>Instrucciones relatives a los criterios lling\u00fc\u00edsticos nel \u00e1mbitu de l\u2019Alministraci\u00f3n del Princip\u00e1u d\u2019Asturies y el so sector p\u00fablicu<\/i>.<\/p>\n<p>&nbsp;<\/p>\n<p>Estes dos mid\u00edes son fundamentales pa la normalizaci\u00f3n y la planificaci\u00f3n lling\u00fc\u00edstica, que pueden ser adaptaes y reproduc\u00edes nel \u00e1mbitu local, llabor pal que la conseyer\u00eda ufiert\u00f3 asesoramientu y apoyu.<\/p>\n<p>&nbsp;<\/p>\n<p>De la mesma manera, destac\u00f3se l\u2019aprobaci\u00f3n del Mandatu Marcu de la RTPA nel 2025, qu\u2019establez l\u2019usu normaliz\u00e1u del asturianu y l\u2019eonaviegu nel ente p\u00fablicu. Nel campu educativu, p\u00fanxose en valor la introducci\u00f3n de dambes lling\u00fces na educaci\u00f3n infantil nel cursu 2025-2026 como \u00e1rea d\u2019aprendimientu voluntaria, con una acoyida positiva por parte de les families, incrementando\u2019l porcentaxe d\u2019alumn\u00e1u total matricul\u00e1u un 34,2 % en toles etapes, am\u00e1s de la incorporaci\u00f3n del asturianu a la ufierta de la Escuela Oficial d\u2019Idiomes d\u2019Uvi\u00e9u.<\/p>\n<p style=\"text-align: center\"><a href=\"https:\/\/pbs.twimg.com\/media\/HG7TgtiagAAPn-h?format=jpg&amp;name=large\"><img loading=\"lazy\" decoding=\"async\" class=\"aligncenter size-large\" src=\"https:\/\/pbs.twimg.com\/media\/HG7TgtiagAAPn-h?format=jpg&amp;name=large\" width=\"2048\" height=\"1536\" \/><\/a><\/p>\n<p class=\"Subttulo1\"><strong>La Rede de Normalizaci\u00f3n Lling\u00fc\u00edstica<\/strong><\/p>\n<p>La\u00a0<i>Rede de Normalizaci\u00f3n Lling\u00fc\u00edstica\u00a0<\/i>cre\u00f3se nel 2022 como un \u00f3rganu colex\u00e1u d\u2019adhesi\u00f3n voluntaria, conceb\u00edu como espaciu de participaci\u00f3n institucional y d\u2019impulsu de les lling\u00fces propies. Ente les sos funciones figura la coordinaci\u00f3n de les actividaes de los servicios de normalizaci\u00f3n de los conceyos, am\u00e1s del desenvolvimientu d\u2019acciones pa dinamizar l\u2019usu social del asturianu y l\u2019eonaviegu.<\/p>\n<p>&nbsp;<\/p>\n<p>Con esti conxuntu de mid\u00edes, el Gobiernu d\u2019Asturies afianza una pol\u00edtica lling\u00fc\u00edstica basada na planificaci\u00f3n, la cooperaci\u00f3n institucional y el desenvolvimientu de ferramientes \u00fatiles, cola mira de garantizar los derechos lling\u00fc\u00edsticos y la tresmisi\u00f3n xeneracional.<\/p>\n<\/div>\n<div class=\"contenido-article documentacion\">\n<p>&nbsp;<\/p>\n<\/div>\n<\/div>\n<\/div>\n<\/div>\n<p>&nbsp;<\/p>\n","protected":false},"excerpt":{"rendered":"<p>Conseyer\u00eda de Cultura, P. Lling\u00fc\u00edstica y Deporte \/ @culturaAST \u00a0Xunta de la Rede de Normalizaci\u00f3n Lling\u00fc\u00edstica \u00a0La Conseyer\u00eda de Cultura, Pol\u00edtica Lling\u00fc\u00edstica y Deporte reforcia\u2019l so compromisu cola normalizaci\u00f3n lling\u00fc\u00edstica con ferramientes nueves y mayor inversi\u00f3n p\u00fablica. \u00a0en : https:\/\/actualidad.asturias.es\/-\/normalizacion2704<\/p>\n","protected":false},"author":117,"featured_media":0,"comment_status":"closed","ping_status":"closed","sticky":false,"template":"","format":"standard","meta":{"footnotes":""},"categories":[1],"tags":[],"class_list":["post-73049","post","type-post","status-publish","format-standard","hentry","category-sin-categoria"],"_links":{"self":[{"href":"https:\/\/edublog.educastur.es\/ixuxu\/wp-json\/wp\/v2\/posts\/73049","targetHints":{"allow":["GET"]}}],"collection":[{"href":"https:\/\/edublog.educastur.es\/ixuxu\/wp-json\/wp\/v2\/posts"}],"about":[{"href":"https:\/\/edublog.educastur.es\/ixuxu\/wp-json\/wp\/v2\/types\/post"}],"author":[{"embeddable":true,"href":"https:\/\/edublog.educastur.es\/ixuxu\/wp-json\/wp\/v2\/users\/117"}],"replies":[{"embeddable":true,"href":"https:\/\/edublog.educastur.es\/ixuxu\/wp-json\/wp\/v2\/comments?post=73049"}],"version-history":[{"count":2,"href":"https:\/\/edublog.educastur.es\/ixuxu\/wp-json\/wp\/v2\/posts\/73049\/revisions"}],"predecessor-version":[{"id":73051,"href":"https:\/\/edublog.educastur.es\/ixuxu\/wp-json\/wp\/v2\/posts\/73049\/revisions\/73051"}],"wp:attachment":[{"href":"https:\/\/edublog.educastur.es\/ixuxu\/wp-json\/wp\/v2\/media?parent=73049"}],"wp:term":[{"taxonomy":"category","embeddable":true,"href":"https:\/\/edublog.educastur.es\/ixuxu\/wp-json\/wp\/v2\/categories?post=73049"},{"taxonomy":"post_tag","embeddable":true,"href":"https:\/\/edublog.educastur.es\/ixuxu\/wp-json\/wp\/v2\/tags?post=73049"}],"curies":[{"name":"wp","href":"https:\/\/api.w.org\/{rel}","templated":true}]}}