{"id":73083,"date":"2026-04-29T09:00:50","date_gmt":"2026-04-29T07:00:50","guid":{"rendered":"https:\/\/edublog.educastur.es\/ixuxu\/?p=73083"},"modified":"2026-04-29T22:49:52","modified_gmt":"2026-04-29T20:49:52","slug":"dia-internacional-de-la-danza-5","status":"publish","type":"post","link":"https:\/\/edublog.educastur.es\/ixuxu\/2026\/04\/dia-internacional-de-la-danza-5\/","title":{"rendered":"D\u00eda Internacional de la Danza"},"content":{"rendered":"<p>G\u00fcei celebramos el <a href=\"https:\/\/es.wikipedia.org\/wiki\/D\u00eda_Internacional_de_la_Danza\"><strong>D\u00eda Internacional de la Danza<\/strong><\/a>, una xornada para recordar que l&#8217;arte de la danza trespasa barreres culturales, pol\u00edtiques y \u00e9tniques. Un d\u00eda para celebrar la danza y la so diversid\u00e1.<\/p>\n<p style=\"text-align: center\"><a href=\"https:\/\/www.cadenanueve.com\/wp-content\/uploads\/2022\/04\/Camilo-Alberto-Kahale-presidente-de-FEBA-1.jpg\"><img loading=\"lazy\" decoding=\"async\" class=\"aligncenter size-large\" src=\"https:\/\/www.cadenanueve.com\/wp-content\/uploads\/2022\/04\/Camilo-Alberto-Kahale-presidente-de-FEBA-1.jpg\" width=\"800\" height=\"404\" \/><\/a><\/p>\n<p>Foi propuestu en 1982 pol Conseyu Internacional de la Danza(CID), Institutu Internacional del Teatru (ITI, poles sos sigles n&#8217;ingl\u00e9s).<\/p>\n<p><!--more--><\/p>\n<p>Ye una celebraci\u00f3n<strong> para resaltar la significancia universal de la danza, el so papel como llinguaxe art\u00edsticu que tesciende fronteres y la so capacid\u00e1 para xunir a les persones so ideales de paz y amist\u00e1 al travi\u00e9s del arte de la danza<\/strong>. La proclamaci\u00f3n oficial realizar col respaldu de la UNESCO para resaltar la importancia de la danza na educaci\u00f3n y la cultura mundial, promoviendo la so inclusi\u00f3n nos sistemes educativos xuntu con otres formes d&#8217;arte.<\/p>\n<p>Al travi\u00e9s de movimientos corporales, los seres humanos s&#8217;espresaron y comunicaron dende tiempos ancestrales. <strong>La danza ye, ent\u00f3s, una forma d&#8217;espresi\u00f3n y d&#8217;interacci\u00f3n social acompa\u00f1ada de ritmos ac\u00fasticos, con fines d&#8217;entretenimientu, art\u00edsticos, culturales y relixosos.<\/strong><\/p>\n<p>Ye igualmente conocida como&#8217;l llinguaxe del cuerpu\u201d, siendo una espresi\u00f3n d&#8217;emociones que comuniquen sentimientos al travi\u00e9s de los movimientos.<\/p>\n<p>Na actualid\u00e1 dest\u00e1quense diversos estilos y x\u00e9neros, que van de lo tradicional y acad\u00e9micu a lo cotidiano, d&#8217;alcuerdu a les distintes cultures.<\/p>\n<p><strong><span style=\"color: #008080\">Mentamos dalgunos d&#8217;ellos:<\/span><\/strong><\/p>\n<ul>\n<li><span style=\"color: #008080\">Danza popular o folkl\u00f3rica: espresen los valores y tradiciones culturales d&#8217;una localid\u00e1, tales como&#8217;l flamencu, la danza \u00e1rabe, el tangu y los bailles de sal\u00f3n.<\/span><\/li>\n<li><span style=\"color: #008080\">Danza cl\u00e1sica: correspuenden a la execuci\u00f3n de movimientos harm\u00f3nicos y coordinaos, provenientes del per\u00edodu cl\u00e1sicu de l&#8217;antig\u00fced\u00e1 medieval: dancia ballet.<\/span><\/li>\n<li><span style=\"color: #008080\">Danza moderna: los sos movimientos y vestimienta reflexen una identid\u00e1 social: popping, funky, break dancie, jumpstyle, hip hop.<\/span><\/li>\n<\/ul>\n<p>Tou estilu y x\u00e9neru de danza tien de cuntar colos siguientes elementos:<\/p>\n<ul>\n<li><span style=\"color: #008080\">Espaciu: selecci\u00f3n d&#8217;un espaciu f\u00edsicu fayadizu para la execuci\u00f3n d&#8217;entrenamientos y presentaciones.<\/span><\/li>\n<li>Coreograf\u00eda: basada na coordinaci\u00f3n de movimientos corporales para formar un baille, so la direcci\u00f3n d&#8217;un core\u00f3grafu.<\/li>\n<li>Entrenamientu: por aciu l&#8217;estudiu y la opr\u00e1ctica continua para llograr una \u00f3ptima execuci\u00f3n de la coreograf\u00eda.<\/li>\n<li>Vestimienta: ropa y accesorios fayadizos al estilu y x\u00e9neru de la danza.<\/li>\n<\/ul>\n<p>La Unesco escoy\u00f3&#8217;l 29 d&#8217;abril como fecha d&#8217;esta celebraci\u00f3n, en conmemoraci\u00f3n al natalicio de <strong><a href=\"https:\/\/es.wikipedia.org\/wiki\/Jean-Georges_Noverre\">Jean-Georges Noverre<\/a>, un destac\u00e1u baillar\u00edn franc\u00e9s. <a href=\"https:\/\/www.instagram.com\/p\/DJCU67QgQ9H\/?img_index=4\">Frases<\/a> \/<\/strong>Con ello pret\u00e9ndese fomentar la participaci\u00f3n y l&#8217;atenci\u00f3n de la opini\u00f3n p\u00fablica sobro la importancia del arte y la cultura de la danza. B\u00fascase masificar los eventos a nivel mundial, superando barreres pol\u00edtiques, xeogr\u00e1fiques y culturales.<\/p>\n<p><strong>Jean-Georges Noverre: un gran baillar\u00edn<\/strong> Foi un baillar\u00edn y escritor franc\u00e9s, nac\u00edu&#8217;l 29 d&#8217;abril de 1727. Noverre dex\u00f3 un notable mand\u00e1u de numberoses coreograf\u00edes y publicaciones, rellacionaes cola pr\u00e1ctica y teor\u00eda del ballet. D&#8217;ell\u00ed que s\u00eda consider\u00e1u&#8217;l ceador del ballet modernu.<\/p>\n<hr \/>\n<h2 style=\"text-align: center\"><span style=\"color: #800080\">Mensaje del D\u00eda Internacional de la Danza<\/span><\/h2>\n<h3 style=\"text-align: center\"><span style=\"color: #800080\">Por Crystal Pite<\/span><\/h3>\n<p><a class=\"pauZoomLink pau-no-resaltar\" href=\"https:\/\/www.redescena.net\/redaccion\/2026\/04\/MensajeDID2026.pdf\" target=\"_blank\" rel=\"noopener\"><strong>+ Descargar mensaje en pdf (castellano)<\/strong><\/a><\/p>\n<p>&nbsp;<\/p>\n<p><span style=\"font-size: 20px\">Los seres humanos se mueven \u2014nuestros brazos se extienden, nuestras rodillas se flexionan, nuestras cabezas asienten, el pecho se repliega, la espalda se arquea; saltamos, encogemos los hombros, apretamos los pu\u00f1os, nos levantamos unos a otros y tambi\u00e9n nos apartamos. Todo esto es lenguaje, tanto como acci\u00f3n. Es lo que el cuerpo tiene que decir sobre la necesidad, la derrota, el coraje, la desesperaci\u00f3n, el deseo, la alegr\u00eda, la ambivalencia, la frustraci\u00f3n, el amor. Estas im\u00e1genes irrumpen en la mente cargadas de sentido porque las hemos sentido con una pureza radical en el cuerpo \u2014hemos sido conmovidos.<\/span><\/p>\n<p><span style=\"font-size: 20px\">Somos bailarines, todos nosotros. La vida nos mueve; la vida nos danza. Tan ef\u00edmera como el aliento, tan concreta como el hueso, la danza est\u00e1 hecha de nosotros. Esculpimos el espacio. Escribimos con el cuerpo en un lenguaje sin palabras que, sin embargo, comprendemos profundamente. Al danzar, habitamos con gracia el espacio interior y el que nos rodea.<\/span><\/p>\n<p><span style=\"font-size: 20px\">Como la vida, la danza se crea y se destruye a cada instante. Como el amor, est\u00e1 m\u00e1s all\u00e1 de la raz\u00f3n.<\/span><\/p>\n<p><span style=\"font-size: 20px\">Me gusta pensar el cuerpo como un lugar; un territorio donde el ser se sostiene y toma forma. Cuando bailamos, estamos profundamente implicados en ese estar.<\/span><\/p>\n<p><span style=\"font-size: 20px\">Escribo esto a comienzos de 2026, en un tiempo en el que la opresi\u00f3n, la convulsi\u00f3n y el sufrimiento parecen no tener fin en nuestro mundo. Cada d\u00eda, al contemplar el horror de lo que los seres humanos somos capaces de hacernos unos a otros, y la maquinaria de poder que financia y alimenta una violencia indecible contra las personas y el planeta, la danza puede parecer una respuesta f\u00e1cil, incluso in\u00fatil. Cuesta imaginar qu\u00e9 puede hacer un artista de la danza en un mundo que necesita con urgencia una transformaci\u00f3n radical y sanaci\u00f3n.<\/span><\/p>\n<p><span style=\"font-size: 20px\">Y, sin embargo el arte, como la esperanza, es una forma de amor. Generativo incluso en la desolaci\u00f3n, el arte disuelve la mente que se endurece y act\u00faa como un b\u00e1lsamo que la repara. Es un espacio donde sostenernos mientras nos enfrentamos a las preguntas \u2014juntos\u2014 de un modo distinto al de las noticias, distinto al del documental o la educaci\u00f3n, distinto al de la opini\u00f3n y las redes sociales, distinto al del activismo y la protesta, aunque no incompatible con ellos.<\/span><\/p>\n<p><span style=\"font-size: 20px\">A trav\u00e9s de la creatividad, vamos acumulando resistencia y esperanza mediante peque\u00f1os actos de valent\u00eda, curiosidad, cuidado y colaboraci\u00f3n. En la danza, y en el acto de crearla, encontramos la prueba de que la humanidad es algo m\u00e1s que su \u00faltimo fracaso colectivo.<\/span><\/p>\n<p><span style=\"font-size: 20px\">Pero la danza no necesita justificaci\u00f3n ni explicaci\u00f3n. Est\u00e1 hecha de nosotros y, sin embargo, no nos debe nada. Solo necesita un cuerpo dispuesto a habitarla. Desde ese lugar, puede traducir lo inefable, actuando como mediadora entre nosotros y lo desconocido.<\/span><\/p>\n<p><span style=\"font-size: 20px\">Nos conmueven esas huellas fugaces de belleza en el instante presente. Y al encarnar tanto la danza como su desaparici\u00f3n, recordamos nuestra propia impermanencia. Al mismo tiempo, si estamos atentos, la danza puede ofrecernos, de vez en cuando, un destello del alma.<\/span><\/p>\n<p>&nbsp;<\/p>\n","protected":false},"excerpt":{"rendered":"<p>G\u00fcei celebramos el D\u00eda Internacional de la Danza, una xornada para recordar que l&#8217;arte de la danza trespasa barreres culturales, pol\u00edtiques y \u00e9tniques. Un d\u00eda para celebrar la danza y la so diversid\u00e1. Foi propuestu en 1982 pol Conseyu Internacional de la Danza(CID), Institutu Internacional del Teatru (ITI, poles sos sigles n&#8217;ingl\u00e9s).<\/p>\n","protected":false},"author":117,"featured_media":0,"comment_status":"closed","ping_status":"closed","sticky":false,"template":"","format":"standard","meta":{"footnotes":""},"categories":[238,6],"tags":[],"class_list":["post-73083","post","type-post","status-publish","format-standard","hentry","category-baile","category-dia-de"],"_links":{"self":[{"href":"https:\/\/edublog.educastur.es\/ixuxu\/wp-json\/wp\/v2\/posts\/73083","targetHints":{"allow":["GET"]}}],"collection":[{"href":"https:\/\/edublog.educastur.es\/ixuxu\/wp-json\/wp\/v2\/posts"}],"about":[{"href":"https:\/\/edublog.educastur.es\/ixuxu\/wp-json\/wp\/v2\/types\/post"}],"author":[{"embeddable":true,"href":"https:\/\/edublog.educastur.es\/ixuxu\/wp-json\/wp\/v2\/users\/117"}],"replies":[{"embeddable":true,"href":"https:\/\/edublog.educastur.es\/ixuxu\/wp-json\/wp\/v2\/comments?post=73083"}],"version-history":[{"count":5,"href":"https:\/\/edublog.educastur.es\/ixuxu\/wp-json\/wp\/v2\/posts\/73083\/revisions"}],"predecessor-version":[{"id":73088,"href":"https:\/\/edublog.educastur.es\/ixuxu\/wp-json\/wp\/v2\/posts\/73083\/revisions\/73088"}],"wp:attachment":[{"href":"https:\/\/edublog.educastur.es\/ixuxu\/wp-json\/wp\/v2\/media?parent=73083"}],"wp:term":[{"taxonomy":"category","embeddable":true,"href":"https:\/\/edublog.educastur.es\/ixuxu\/wp-json\/wp\/v2\/categories?post=73083"},{"taxonomy":"post_tag","embeddable":true,"href":"https:\/\/edublog.educastur.es\/ixuxu\/wp-json\/wp\/v2\/tags?post=73083"}],"curies":[{"name":"wp","href":"https:\/\/api.w.org\/{rel}","templated":true}]}}