{"id":73092,"date":"2026-04-30T10:13:06","date_gmt":"2026-04-30T08:13:06","guid":{"rendered":"https:\/\/edublog.educastur.es\/ixuxu\/?p=73092"},"modified":"2026-04-30T10:15:19","modified_gmt":"2026-04-30T08:15:19","slug":"camin-camin-camin-dalfonso-camin","status":"publish","type":"post","link":"https:\/\/edublog.educastur.es\/ixuxu\/2026\/04\/camin-camin-camin-dalfonso-camin\/","title":{"rendered":"\u00abCam\u00edn, Cam\u00edn, Cam\u00edn\u00bb d&#8217;Alfonso Cam\u00edn"},"content":{"rendered":"<p style=\"text-align: center\">\n<!-- iframe plugin v.6.0 wordpress.org\/plugins\/iframe\/ -->\n<iframe loading=\"lazy\" width=\"100%\" height=\"427\" src=\"https:\/\/www.youtube.com\/embed\/dVlhoq_P-nQ\" title=\"Cam\u00edn, Cam\u00edn, Cam\u00edn\" frameborder=\"0\" allow=\"accelerometer; autoplay; clipboard-write; encrypted-media; gyroscope; picture-in-picture; web-share\" referrerpolicy=\"strict-origin-when-cross-origin\" 0=\"allowfullscreen\" 1=\"\/iframe\" scrolling=\"yes\" class=\"iframe-class\"><\/iframe>\n<\/p>\n<p>El videopodcast <strong>\u00abCam\u00edn, Cam\u00edn, Cam\u00edn\u00bb<\/strong> naz del trabayu del alumn\u00e1u d&#8217;asturianu de los cursos de bachilleratu del IES de Roces de Xix\u00f3n y la so profesora, <strong>Laura Iglesias, autora de la pieza teatral del mesmu nome. <\/strong>Voces del audiu: Francisco Pi\u00f1era, Marta del Busto, Estela Cabal, Aitana Ramos y Luc\u00eda Arg\u00fcelles.<\/p>\n<p><!--more--><\/p>\n<p>Edit\u00e1u pola Biblioteca Municipal de Roces, tien como puntu de partida&#8217;l podcast al que se-y integraron imaxes biogr\u00e1fiques d&#8217;Alfonso Cam\u00edn, am\u00e1s de delles de les p\u00e1xines de obrar \u00abRuta Caminiana\u00bb y \u00abEl poeta errante\u00bb, dambes del autor Anselmo Coto Arg\u00fcelles, seg\u00fan fotograf\u00edes de la esposici\u00f3n \u00abLa dura infancia. Fotograf\u00eda y trabayu infantil n&#8217;Asturies (1885-1971)\u00bb perteneciente a la colecci\u00f3n del Museu del Pueblu d&#8217;Asturies.<\/p>\n<p>Esti videopodcast <strong>forma parte del proxecto \u00abLlaboratoriu Bibliotecariu: Memoria de vivir\u00bb<\/strong> qu&#8217;en Roces tien como protagonista a l&#8217;asociaci\u00f3n cultural N&#8217;Alcordanza, que&#8217;l so oxetivu principal ye caltener la memoria rural y hest\u00f3rica de Roces.<\/p>\n","protected":false},"excerpt":{"rendered":"<p>El videopodcast \u00abCam\u00edn, Cam\u00edn, Cam\u00edn\u00bb naz del trabayu del alumn\u00e1u d&#8217;asturianu de los cursos de bachilleratu del IES de Roces de Xix\u00f3n y la so profesora, Laura Iglesias, autora de la pieza teatral del mesmu nome. Voces del audiu: Francisco Pi\u00f1era, Marta del Busto, Estela Cabal, Aitana Ramos y Luc\u00eda Arg\u00fcelles.<\/p>\n","protected":false},"author":117,"featured_media":0,"comment_status":"closed","ping_status":"closed","sticky":false,"template":"","format":"standard","meta":{"footnotes":""},"categories":[32,39],"tags":[],"class_list":["post-73092","post","type-post","status-publish","format-standard","hentry","category-escritores","category-poesia"],"_links":{"self":[{"href":"https:\/\/edublog.educastur.es\/ixuxu\/wp-json\/wp\/v2\/posts\/73092","targetHints":{"allow":["GET"]}}],"collection":[{"href":"https:\/\/edublog.educastur.es\/ixuxu\/wp-json\/wp\/v2\/posts"}],"about":[{"href":"https:\/\/edublog.educastur.es\/ixuxu\/wp-json\/wp\/v2\/types\/post"}],"author":[{"embeddable":true,"href":"https:\/\/edublog.educastur.es\/ixuxu\/wp-json\/wp\/v2\/users\/117"}],"replies":[{"embeddable":true,"href":"https:\/\/edublog.educastur.es\/ixuxu\/wp-json\/wp\/v2\/comments?post=73092"}],"version-history":[{"count":3,"href":"https:\/\/edublog.educastur.es\/ixuxu\/wp-json\/wp\/v2\/posts\/73092\/revisions"}],"predecessor-version":[{"id":73095,"href":"https:\/\/edublog.educastur.es\/ixuxu\/wp-json\/wp\/v2\/posts\/73092\/revisions\/73095"}],"wp:attachment":[{"href":"https:\/\/edublog.educastur.es\/ixuxu\/wp-json\/wp\/v2\/media?parent=73092"}],"wp:term":[{"taxonomy":"category","embeddable":true,"href":"https:\/\/edublog.educastur.es\/ixuxu\/wp-json\/wp\/v2\/categories?post=73092"},{"taxonomy":"post_tag","embeddable":true,"href":"https:\/\/edublog.educastur.es\/ixuxu\/wp-json\/wp\/v2\/tags?post=73092"}],"curies":[{"name":"wp","href":"https:\/\/api.w.org\/{rel}","templated":true}]}}