{"id":73096,"date":"2026-04-30T10:20:35","date_gmt":"2026-04-30T08:20:35","guid":{"rendered":"https:\/\/edublog.educastur.es\/ixuxu\/?p=73096"},"modified":"2026-04-30T10:20:35","modified_gmt":"2026-04-30T08:20:35","slug":"xviii-festival-internacional-de-la-mazcara-iberica","status":"publish","type":"post","link":"https:\/\/edublog.educastur.es\/ixuxu\/2026\/04\/xviii-festival-internacional-de-la-mazcara-iberica\/","title":{"rendered":"XVIII Festival Internacional de la M\u00e1zcara Ib\u00e9rica"},"content":{"rendered":"<p style=\"text-align: center\"><span class=\"css-1jxf684 r-bcqeeo r-1ttztb7 r-qvutc0 r-poiln3\">\u00a0<a href=\"https:\/\/pbs.twimg.com\/media\/HHGbUkdWkAEVdXK?format=jpg&amp;name=large\"><img loading=\"lazy\" decoding=\"async\" class=\"aligncenter size-large\" src=\"https:\/\/pbs.twimg.com\/media\/HHGbUkdWkAEVdXK?format=jpg&amp;name=large\" width=\"1822\" height=\"1025\" \/><\/a><\/span><\/p>\n<p><span class=\"css-1jxf684 r-bcqeeo r-1ttztb7 r-qvutc0 r-poiln3\">Asturies acueye per primer vez el <strong>Festival Internacional de la M\u00e1zcara Ib\u00e9rica<\/strong> <\/span><span class=\"css-1jxf684 r-bcqeeo r-1ttztb7 r-qvutc0 r-poiln3\">\u00a0Una cita \u00fanica pa celebrar y dar visibilid\u00e1 a una de les tradiciones m\u00e1s singulares de la nuestra cultura. <\/span><span class=\"r-18u37iz\"><a class=\"css-1jxf684 r-bcqeeo r-1ttztb7 r-qvutc0 r-poiln3 r-1loqt21\" dir=\"ltr\" role=\"link\" href=\"https:\/\/x.com\/hashtag\/FIMI?src=hashtag_click\">#FIMI<\/a><\/span> <span class=\"r-18u37iz\"><a class=\"css-1jxf684 r-bcqeeo r-1ttztb7 r-qvutc0 r-poiln3 r-1loqt21\" dir=\"ltr\" role=\"link\" href=\"https:\/\/x.com\/hashtag\/Mazcaraes?src=hashtag_click\">#Mazcaraes<\/a><\/span> <span class=\"r-18u37iz\"><a class=\"css-1jxf684 r-bcqeeo r-1ttztb7 r-qvutc0 r-poiln3 r-1loqt21\" dir=\"ltr\" role=\"link\" href=\"https:\/\/x.com\/hashtag\/CulturaAsturiana?src=hashtag_click\">#CulturaAsturiana<\/a><\/span> <span class=\"r-18u37iz\"><a class=\"css-1jxf684 r-bcqeeo r-1ttztb7 r-qvutc0 r-poiln3 r-1loqt21\" dir=\"ltr\" role=\"link\" href=\"https:\/\/x.com\/hashtag\/Asturies?src=hashtag_click\">#Asturies<\/a><\/span><\/p>\n<p><!--more--><a href=\"https:\/\/pbs.twimg.com\/media\/HHGbUoLa8AAmiCj?format=jpg&amp;name=large\"><img loading=\"lazy\" decoding=\"async\" class=\"aligncenter size-large\" src=\"https:\/\/pbs.twimg.com\/media\/HHGbUoLa8AAmiCj?format=jpg&amp;name=large\" width=\"2048\" height=\"1536\" \/><\/a><\/p>\n<p>&nbsp;<\/p>\n","protected":false},"excerpt":{"rendered":"<p>\u00a0 Asturies acueye per primer vez el Festival Internacional de la M\u00e1zcara Ib\u00e9rica \u00a0Una cita \u00fanica pa celebrar y dar visibilid\u00e1 a una de les tradiciones m\u00e1s singulares de la nuestra cultura. #FIMI #Mazcaraes #CulturaAsturiana #Asturies<\/p>\n","protected":false},"author":117,"featured_media":0,"comment_status":"closed","ping_status":"closed","sticky":false,"template":"","format":"standard","meta":{"footnotes":""},"categories":[204,103],"tags":[],"class_list":["post-73096","post","type-post","status-publish","format-standard","hentry","category-festivales","category-mazcaraes"],"_links":{"self":[{"href":"https:\/\/edublog.educastur.es\/ixuxu\/wp-json\/wp\/v2\/posts\/73096","targetHints":{"allow":["GET"]}}],"collection":[{"href":"https:\/\/edublog.educastur.es\/ixuxu\/wp-json\/wp\/v2\/posts"}],"about":[{"href":"https:\/\/edublog.educastur.es\/ixuxu\/wp-json\/wp\/v2\/types\/post"}],"author":[{"embeddable":true,"href":"https:\/\/edublog.educastur.es\/ixuxu\/wp-json\/wp\/v2\/users\/117"}],"replies":[{"embeddable":true,"href":"https:\/\/edublog.educastur.es\/ixuxu\/wp-json\/wp\/v2\/comments?post=73096"}],"version-history":[{"count":1,"href":"https:\/\/edublog.educastur.es\/ixuxu\/wp-json\/wp\/v2\/posts\/73096\/revisions"}],"predecessor-version":[{"id":73097,"href":"https:\/\/edublog.educastur.es\/ixuxu\/wp-json\/wp\/v2\/posts\/73096\/revisions\/73097"}],"wp:attachment":[{"href":"https:\/\/edublog.educastur.es\/ixuxu\/wp-json\/wp\/v2\/media?parent=73096"}],"wp:term":[{"taxonomy":"category","embeddable":true,"href":"https:\/\/edublog.educastur.es\/ixuxu\/wp-json\/wp\/v2\/categories?post=73096"},{"taxonomy":"post_tag","embeddable":true,"href":"https:\/\/edublog.educastur.es\/ixuxu\/wp-json\/wp\/v2\/tags?post=73096"}],"curies":[{"name":"wp","href":"https:\/\/api.w.org\/{rel}","templated":true}]}}