{"id":73098,"date":"2026-04-30T10:23:49","date_gmt":"2026-04-30T08:23:49","guid":{"rendered":"https:\/\/edublog.educastur.es\/ixuxu\/?p=73098"},"modified":"2026-04-30T10:26:35","modified_gmt":"2026-04-30T08:26:35","slug":"premiu-del-comercio-a-meyor-web-dasturies-dociu-y-tiempu-llibre","status":"publish","type":"post","link":"https:\/\/edublog.educastur.es\/ixuxu\/2026\/04\/premiu-del-comercio-a-meyor-web-dasturies-dociu-y-tiempu-llibre\/","title":{"rendered":"Premiu d\u2019El Comercio a meyor web d\u2019Asturies d\u2019ociu y tiempu llibre"},"content":{"rendered":"<div class=\"html-div xdj266r x14z9mp xat24cr x1lziwak xsag5q8 xz9dl7a xv54qhq xf7dkkf x1jx94hy\">\n<div class=\"html-div xdj266r x14z9mp xat24cr x1lziwak xexx8yu xyri2b x18d9i69 x1c1uobl x78zum5 x1q0g3np x1ba4aug\">\n<div class=\"html-div xdj266r x14z9mp xat24cr x1lziwak xexx8yu xyri2b x18d9i69 x1c1uobl x1iyjqo2 xeuugli\">\n<div class=\"x78zum5 xdt5ytf xz62fqu x16ldp7u\">\n<div class=\"xu06os2 x1ok221b\">\n<p class=\"html-h3 x14z9mp xat24cr x1lziwak xexx8yu xyri2b x18d9i69 x1c1uobl x1vvkbs x1heor9g x1qlqyl8 x1pd3egz x1a2a7pz x1gslohp x1yc453h\"><span class=\"x78zum5 x1q0g3np\"><span class=\"x1lliihq x6ikm8r x10wlt62 x1n2onr6 xlyipyv xuxw1ft\"><span class=\"xt0psk2\"><a class=\"x1i10hfl xjbqb8w x1ejq31n x18oe1m7 x1sy0etr xstzfhl x972fbf x10w94by x1qhh985 x14e42zd x9f619 x1ypdohk xt0psk2 x3ct3a4 xdj266r x14z9mp xat24cr x1lziwak xexx8yu xyri2b x18d9i69 x1c1uobl x16tdsg8 x1hl2dhg xggy1nq x1a2a7pz xkrqix3 x1sur9pj xzsf02u x1s688f\" role=\"link\" href=\"https:\/\/www.facebook.com\/musicasturiana?__cft__[0]=AZb-fa2_-ZBXaFaQXmWqOgsuF6uoIAZj7m1f15kAmqSFs7LnOVWg3WJkGZXD9zXKA1EtpwQ8effxUi1iv8AVtPWwPdO_6LaogBnOwu0xvkaEnGlfmORI7D3IxOoOXkLU8wI2JUyhyVCtuvgdQWzAohGvpdUj8BYJ7WBKJrpVUz5r8S7LGK8VkTwj8mFdnfwpTnkkmnl-xn6cr4SDppUKR7sJ&amp;__tn__=-UC%2CP-y-R\"><b class=\"html-b xdj266r x14z9mp xat24cr x1lziwak xexx8yu xyri2b x18d9i69 x1c1uobl x1hl2dhg x16tdsg8 x1vvkbs x1s688f\"><span class=\"html-span xdj266r x14z9mp xat24cr x1lziwak xexx8yu xyri2b x18d9i69 x1c1uobl x1hl2dhg x16tdsg8 x1vvkbs\">musicasturiana.com<\/span><\/b><\/a><\/span><\/span><\/span><span class=\"html-span xexx8yu xyri2b x18d9i69 x1c1uobl x1hl2dhg x16tdsg8 x1vvkbs x3nfvp2 x1j61x8r x1fcty0u xdj266r xat24cr xm2jcoa x1mpyi22 xxymvpz xlup9mm x1kky2od\" style=\"font-size: 16px\"><img loading=\"lazy\" decoding=\"async\" class=\"xz74otr x15mokao x1ga7v0g x16uus16 xbiv7yw\" src=\"https:\/\/static.xx.fbcdn.net\/images\/emoji.php\/v9\/tbe\/1\/16\/1f3c6.png\" alt=\"\ud83c\udfc6\" width=\"16\" height=\"16\" \/> <a href=\"https:\/\/musicasturiana.com\/musicasturiana-com-ganal-premiu-del-comercio-a-meyor-web-dasturies-dociu-y-tiempu-llibre\/\">Noticia<\/a> \/\u00a0<\/span><em><span style=\"font-size: 16px\"> Esti premiu ye pa tola escena musical n&#8217;asturianu, porque ensin el vuestru llabor <\/span><span class=\"html-span xdj266r x14z9mp xat24cr x1lziwak xexx8yu xyri2b x18d9i69 x1c1uobl x1hl2dhg x16tdsg8 x1vvkbs\" style=\"font-size: 16px\"><a class=\"x1i10hfl xjbqb8w x1ejq31n x18oe1m7 x1sy0etr xstzfhl x972fbf x10w94by x1qhh985 x14e42zd x9f619 x1ypdohk xt0psk2 x3ct3a4 xdj266r x14z9mp xat24cr x1lziwak xexx8yu xyri2b x18d9i69 x1c1uobl x16tdsg8 x1hl2dhg xggy1nq x1a2a7pz xkrqix3 x1sur9pj x1fey0fg x1s688f\" role=\"link\" href=\"https:\/\/l.facebook.com\/l.php?u=http%3A%2F%2Fmusicasturiana.com%2F%3Ffbclid%3DIwZXh0bgNhZW0CMTAAc3J0YwZhcHBfaWQQMjIyMDM5MTc4ODIwMDg5MgABHv-mFHjZ5gk7NE7ZA-D3yMgPKJ9WA89UVyuC4_NrTlXQlhjOFL2yJxLKS3L__aem_9OrfcmDlGvs0t_CzQASnqw&amp;h=AT7oP7pf2FjXAx2qXyXHpqzYqncEDcFNgo-BD6kI3ivE2HLJT6u5ZFiwaMvz1y5Ntv000epMFNM4ViSl0MjczoqDOSayPGRVcNaDuatLZuzRUdAJx0N-m1LZ3wwRAXow3nSq8Um5GjwbUg&amp;__tn__=-UK-y-R&amp;c[0]=AT6fCz9AM_mGHH2YoQYEZ6UmT6qljHAtgfUeMcS5UZec_hquHhlDDH2TGQ-w-eZFWmwlAgxKZ2oNUXyBhOGZi0AUtCJFlIkw0_fEILTX0eAKXrLnNcD87vqtwhBenFoxH8gzScPU8-6G2mPpXbD4PVLsjDtKtcH6lSqQn8Ye31kfAV9R-gKspRRoeH5_xdInrlelyEfHu3mRrlpu2ZN226uyzjkHk2O5A1FXdj5lzPMY6Yj3\" target=\"_blank\" rel=\"nofollow noopener noreferrer\">musicasturiana.com<\/a><\/span><span style=\"font-size: 16px\"> nun tendr\u00eda xac\u00edu <\/span><span class=\"html-span xexx8yu xyri2b x18d9i69 x1c1uobl x1hl2dhg x16tdsg8 x1vvkbs x3nfvp2 x1j61x8r x1fcty0u xdj266r xat24cr xm2jcoa x1mpyi22 xxymvpz xlup9mm x1kky2od\" style=\"font-size: 16px\"><img loading=\"lazy\" decoding=\"async\" class=\"xz74otr x15mokao x1ga7v0g x16uus16 xbiv7yw\" src=\"https:\/\/static.xx.fbcdn.net\/images\/emoji.php\/v9\/t6c\/1\/16\/1f499.png\" alt=\"\ud83d\udc99\" width=\"16\" height=\"16\" \/><\/span><span class=\"html-span xexx8yu xyri2b x18d9i69 x1c1uobl x1hl2dhg x16tdsg8 x1vvkbs x3nfvp2 x1j61x8r x1fcty0u xdj266r xat24cr xm2jcoa x1mpyi22 xxymvpz xlup9mm x1kky2od\" style=\"font-size: 16px\"><img loading=\"lazy\" decoding=\"async\" class=\"xz74otr x15mokao x1ga7v0g x16uus16 xbiv7yw\" src=\"https:\/\/static.xx.fbcdn.net\/images\/emoji.php\/v9\/t15\/1\/16\/1f49b.png\" alt=\"\ud83d\udc9b\" width=\"16\" height=\"16\" \/><\/span><span style=\"font-size: 16px\"> Tami\u00e9n ye pa toles persones que collabor\u00e1is dando aliendu a la redacci\u00f3n d&#8217;esti mediu de comunicaci\u00f3n y pa tola xente que sigu\u00eds, lle\u00e9is, merc\u00e1is y sent\u00eds m\u00fasica nesta web <\/span><span class=\"html-span xexx8yu xyri2b x18d9i69 x1c1uobl x1hl2dhg x16tdsg8 x1vvkbs x3nfvp2 x1j61x8r x1fcty0u xdj266r xat24cr xm2jcoa x1mpyi22 xxymvpz xlup9mm x1kky2od\" style=\"font-size: 16px\"><img loading=\"lazy\" decoding=\"async\" class=\"xz74otr x15mokao x1ga7v0g x16uus16 xbiv7yw\" src=\"https:\/\/static.xx.fbcdn.net\/images\/emoji.php\/v9\/t87\/1\/16\/1faf6_1f3fe.png\" alt=\"\ud83e\udef6\ud83c\udffe\" width=\"16\" height=\"16\" \/><\/span><span style=\"font-size: 16px\"> MILENTA GRACIES! Tami\u00e9n a <\/span><span class=\"html-span xdj266r x14z9mp xat24cr x1lziwak xexx8yu xyri2b x18d9i69 x1c1uobl x1hl2dhg x16tdsg8 x1vvkbs\" style=\"font-size: 16px\"><a class=\"x1i10hfl xjbqb8w x1ejq31n x18oe1m7 x1sy0etr xstzfhl x972fbf x10w94by x1qhh985 x14e42zd x9f619 x1ypdohk xt0psk2 x3ct3a4 xdj266r x14z9mp xat24cr x1lziwak xexx8yu xyri2b x18d9i69 x1c1uobl x16tdsg8 x1hl2dhg xggy1nq x1a2a7pz xkrqix3 x1sur9pj x1fey0fg x1s688f\" role=\"link\" href=\"https:\/\/www.facebook.com\/elcomercio?__cft__[0]=AZb-fa2_-ZBXaFaQXmWqOgsuF6uoIAZj7m1f15kAmqSFs7LnOVWg3WJkGZXD9zXKA1EtpwQ8effxUi1iv8AVtPWwPdO_6LaogBnOwu0xvkaEnGlfmORI7D3IxOoOXkLU8wI2JUyhyVCtuvgdQWzAohGvpdUj8BYJ7WBKJrpVUz5r8S7LGK8VkTwj8mFdnfwpTnkkmnl-xn6cr4SDppUKR7sJ&amp;__tn__=-]K-y-R\"><span class=\"xt0psk2\"><span class=\"xjp7ctv\">El Comercio (Diario de Asturias)<\/span><\/span><\/a><\/span><span style=\"font-size: 16px\"> por esti reconocimientu tan prestosu pa poder danos voz y visibilizar los son\u00edos d&#8217;esta tierra.\u00a0 <span style=\"color: #008080\">Xicu Ariza<\/span><\/span><\/em><\/p>\n<p style=\"text-align: center\"><a href=\"https:\/\/musicasturiana.com\/wp-content\/uploads\/2026\/04\/xicu-ariza-premiu-mejor-web-el-comercio.jpg\"><img loading=\"lazy\" decoding=\"async\" class=\"aligncenter size-large\" src=\"https:\/\/musicasturiana.com\/wp-content\/uploads\/2026\/04\/xicu-ariza-premiu-mejor-web-el-comercio.jpg\" width=\"1200\" height=\"600\" \/><\/a><\/p>\n<p>El so director, Xicu Ariza, dedic\u00f3 esti premiu a tola escena musical n&#8217;asturiana nun discursu que reivindic\u00f3&#8217;l potencial de la cultura y lling\u00fces propies.<\/p>\n<p>&nbsp;<\/p>\n<\/div>\n<\/div>\n<\/div>\n<\/div>\n<\/div>\n<p><!--more--><\/p>\n<p>Esti mediud\u00eda celebr\u00f3se la entrega premios de la\u00a0<strong>XXVII edici\u00f3n<\/strong>\u00a0a la\u00a0<em><strong><a href=\"https:\/\/mejorweb.elcomercio.es\/\" target=\"_blank\" rel=\"noopener\">Mejor Web de Asturias<\/a><\/strong><\/em>\u00a0qu\u2019entama\u2019l diariu xixon\u00e9s El Comercio.\u00a0<strong>Musicasturiana.com yera una de les 25 nominaes a p\u2019algamar el premiu<\/strong>\u00a0y, finalmente, foi distinguida como la\u00a0<em><strong>Mejor web de ocio y tiempo libre<\/strong><\/em>\u00a0d\u2019Asturies. El director d\u2019esti espaciu,<strong>\u00a0Xicu Ariza<\/strong>, recibi\u00f3\u2019l gallard\u00f3n que\u00a0<strong>dedic\u00f3 \u00aba tola escena musical asturiana pol sofitu a esti proyectu\u00bb\u00a0<\/strong>y \u00aba tola m<strong>oced\u00e1 que tuvo y tien qu\u2019emigrar d\u2019Asturies\u00a0<\/strong>pa trabayar nel \u00e1mbitu de les industries culturales y creatives\u00bb, nun discursu que\u00a0<strong>reivindic\u00f3\u2019l potencial de la llingua y la cultura asturiana pal desarrollu econ\u00f3micu<\/strong>\u00a0d\u2019Asturies.<\/p>\n<p>Musicasturiana.com ye una iniciativa qu<strong>\u2018entam\u00f3 a rumiase en 2016<\/strong>,\u00a0<strong>naci\u00f3 en 2017<\/strong>\u00a0como\u00a0<strong>tienda online<\/strong>\u00a0y\u00a0<strong>distribuidora dixital<\/strong>, y remocic\u00f3se en xunu de\u00a0<strong>2021\u00a0<\/strong>p\u2019ampliar la so xera a\u00a0<strong>mediu de comunicaci\u00f3n<\/strong>. Nesti tiempu foi ameyorando la so propuesta y conten\u00edos, ente los qu\u2019hai\u00a0<strong>noticies, entrevistes, reportaxes, cr\u00f3niques y otros art\u00edculo<\/strong>s rellacionaos cola m\u00fasica n\u2019asturianu y gallego-asturianu. Tami\u00e9n destaca la so\u00a0<strong>axenda\u00a0<\/strong>d\u2019eventos, los servicios qu\u2019ufre a axentes musicales -como la\u00a0<strong>distribuci\u00f3n dixital<\/strong>, qu\u2019alministra un cat\u00e1logu de m\u00e1s de 500 referencies-, y la dinamizaci\u00f3n que fai de la escena a travi\u00e9s d\u2019iniciatives como\u00a0<strong>Amosando, Semando Fest, Sienti<\/strong>\u00a0o la creaci\u00f3n de\u00a0<strong>playlists\u00a0<\/strong>en Spotify. Les sos\u00a0<strong>redes sociales<\/strong>\u00a0-que tien m\u00e1s de\u00a0<strong>21.000 siguidores<\/strong>\u00a0ente les distintes plataformes-, son tami\u00e9n un altavoz fundamental de los conten\u00edos que recueye la web.<\/p>\n<p>Tou esti llabor nun ser\u00eda posible ensin el sofitu de la\u00a0<strong>materia prima<\/strong>\u00a0cola que trabaya,\u00a0<strong>la escena musical n\u2019asturianu y gallego-asturianu<\/strong>, y ensin el\u00a0<strong>trabayu desendolc\u00e1u poles y polos collaboradores\u00a0<\/strong>del mediu de comunicaci\u00f3n, a quien Ariza tami\u00e9n quier\u00a0<strong>agradecer el so llabor<\/strong>. Na so intervenci\u00f3n, el periodista y xestor cultural tami\u00e9n fizo menci\u00f3n a\u00a0<strong>Mecigaya Creativa SL<\/strong>, la empresa qu\u2019alministra Musicasturiana.com am\u00e1s de<strong>\u00a0Puru Remangu<\/strong>, que tami\u00e9n foi\u00a0<strong>finalista\u00a0<\/strong>nesta XXVII edici\u00f3n d\u2019estos premios entamaos por\u00a0<strong>El Comercio\u00a0<\/strong>col sofitu del\u00a0<strong>Princip\u00e1u d\u2019Asturies, Gij\u00f3n Impulsa y Abanca<\/strong>. La marca de ropa taba nominada dientro de la estaya\u00a0<em><strong>Mejor web e-commerce<\/strong><\/em>, que finalmente gan\u00f3\u00a0<strong>Siroko<\/strong>, proyectu vencedor tami\u00e9n del premiu cimeru a la meyor web d\u2019Asturies.<\/p>\n<div class=\"wp-block-spacer\" style=\"text-align: center\" aria-hidden=\"true\"><a href=\"https:\/\/musicasturiana.com\/wp-content\/uploads\/2026\/04\/musicasturiana-el-comercio-premios.jpg\"><img loading=\"lazy\" decoding=\"async\" class=\"aligncenter size-large\" src=\"https:\/\/musicasturiana.com\/wp-content\/uploads\/2026\/04\/musicasturiana-el-comercio-premios.jpg\" width=\"1200\" height=\"600\" \/><\/a><\/div>\n<h2 class=\"wp-block-heading\"><mark class=\"has-inline-color\">Esti foi\u2019l discursu de Xicu Ariza<\/mark><\/h2>\n<p>\u00abMunches gracies a El Comercio por esti premiu. Siempre presta\u2019l reconocimientu, pero presta m\u00e1s tov\u00eda si un mediu de comunicaci\u00f3n distingue a un proyectu que tien una parte de mediu de comunicaci\u00f3n, y a una persona que ye llicenciada en Periodismu.<\/p>\n<p><a href=\"https:\/\/musicasturiana.com\/\">Musicasturiana.com<\/a>\u00a0naci\u00f3 a finales de 2017, cuando Enar y yo t\u00e1bemos emigraos en Madrid, ella pa poder trabayar nuna gran axencia de publicid\u00e1 y yo pa facelo nuna discogr\u00e1fica. Musicasturiana yera\u2019l mio hobby llaboral y g\u00fcei ye, xunto con Puru Remangu, el mio trabayu y el mi sustentu econ\u00f3micu.<\/p>\n<p>Cu\u00e9ntovos esto pa sorrayar dos coses: La primera ye que quiero dedicar esti premiu a tola moced\u00e1 que tuvo y tien qu\u2019emigrar d\u2019Asturies pa poder vivir de la so profesi\u00f3n, sobre manera a aquella que quier trabayar nel \u00e1mbitu de les industries culturales y creatives. La segunda ye que si g\u00fcei vivo otra vez na ciud\u00e1 onde viv\u00ed hasta los 18 a\u00f1os, en Xix\u00f3n, ye gracies a trabayar cola cultura y cola llingua asturiana.<\/p>\n<p>Digo esto, aprovechando esti foru, porque los medios de comunicaci\u00f3n sois creadores d\u2019opini\u00f3n y equ\u00ed hai xente venceyao a los poderes pol\u00edticos y econ\u00f3micos. Parezme mui importante valorar a la cultura y a la llingua asturiana non nam\u00e1s como un entretenimientu, como un reconocimientu a la identid\u00e1 propia, o como un derechu cultural; sin\u00f3n tami\u00e9n como una oportunid\u00e1 econ\u00f3mica pal desarrollu d\u2019Asturies.<\/p>\n<p>Les industries culturales y creatives son un motor econ\u00f3micu en munchos territorios y Asturies tien una mina por esplotar nesti sen. Por eso pido que se tome conciencia d\u2019ello, de la importancia de la cultura y la creativa pa crear puestos de trabayu y, sobre manera, del potencial de la cultura y la llingua asturiana pa ello. Porque la nuestra llingua y la nuestra identid\u00e1 nun tien competencia nel mundu, porque ye \u00fanicamente nuestra. Si en Galicia, Andaluc\u00eda o\u2019l Pa\u00eds Vascu supieron ver esto y funciona, \u00bfpor qu\u00e9 nun va ser posible n\u2019Asturies? Asina que quiero pidir equ\u00ed que se piense nesto, que se valore, que se reconoza y que se valten prexuicios y el rechazu al nuestru idioma.<\/p>\n<p>Nel casu de la empresa que tenemos Enar y yo, Mecigaya Creativa SL, l\u2019asturianu y la cultura asturiana paguen g\u00fcei cuatro sueldos de persones d\u2019Asturies. Los nuestros, que podemos vivir otra vez equ\u00ed y non en Madrid o Bilbao, y los d\u2019otres dos persones moces, \u00c1ngela y Marina, que y\u00e1 nun tuvieron qu\u2019emigrar pa poder trabayar nel \u00e1mbitu de la creativid\u00e1.<\/p>\n<p>Asina que desp\u00eddome otra vez dando les gracies a El Comercio y, como non, y\u00e1 qu\u2019esti premiu ye pa\u00a0<a href=\"https:\/\/musicasturiana.com\/\">Musicasturiana.com<\/a>, quiero dar les gracies a tola escena musical asturiana pol sofitu a esti proyectu. Tamos viviendo un gran momentu dientro de la creaci\u00f3n musical n\u2019asturianu y los medios de comunicaci\u00f3n tenemos que tar eh\u00ed pa da-y visibilid\u00e1 y emburriar pol son\u00edu y la cultura d\u2019esta tierra\u00bb.<\/p>\n","protected":false},"excerpt":{"rendered":"<p>musicasturiana.com Noticia \/\u00a0 Esti premiu ye pa tola escena musical n&#8217;asturianu, porque ensin el vuestru llabor musicasturiana.com nun tendr\u00eda xac\u00edu Tami\u00e9n ye pa toles persones que collabor\u00e1is dando aliendu a la redacci\u00f3n d&#8217;esti mediu de comunicaci\u00f3n y pa tola xente que sigu\u00eds, lle\u00e9is, merc\u00e1is y sent\u00eds m\u00fasica nesta web MILENTA GRACIES! Tami\u00e9n a El Comercio [&hellip;]<\/p>\n","protected":false},"author":117,"featured_media":0,"comment_status":"closed","ping_status":"closed","sticky":false,"template":"","format":"standard","meta":{"footnotes":""},"categories":[125,58],"tags":[],"class_list":["post-73098","post","type-post","status-publish","format-standard","hentry","category-musicasturiana-com","category-premios"],"_links":{"self":[{"href":"https:\/\/edublog.educastur.es\/ixuxu\/wp-json\/wp\/v2\/posts\/73098","targetHints":{"allow":["GET"]}}],"collection":[{"href":"https:\/\/edublog.educastur.es\/ixuxu\/wp-json\/wp\/v2\/posts"}],"about":[{"href":"https:\/\/edublog.educastur.es\/ixuxu\/wp-json\/wp\/v2\/types\/post"}],"author":[{"embeddable":true,"href":"https:\/\/edublog.educastur.es\/ixuxu\/wp-json\/wp\/v2\/users\/117"}],"replies":[{"embeddable":true,"href":"https:\/\/edublog.educastur.es\/ixuxu\/wp-json\/wp\/v2\/comments?post=73098"}],"version-history":[{"count":4,"href":"https:\/\/edublog.educastur.es\/ixuxu\/wp-json\/wp\/v2\/posts\/73098\/revisions"}],"predecessor-version":[{"id":73102,"href":"https:\/\/edublog.educastur.es\/ixuxu\/wp-json\/wp\/v2\/posts\/73098\/revisions\/73102"}],"wp:attachment":[{"href":"https:\/\/edublog.educastur.es\/ixuxu\/wp-json\/wp\/v2\/media?parent=73098"}],"wp:term":[{"taxonomy":"category","embeddable":true,"href":"https:\/\/edublog.educastur.es\/ixuxu\/wp-json\/wp\/v2\/categories?post=73098"},{"taxonomy":"post_tag","embeddable":true,"href":"https:\/\/edublog.educastur.es\/ixuxu\/wp-json\/wp\/v2\/tags?post=73098"}],"curies":[{"name":"wp","href":"https:\/\/api.w.org\/{rel}","templated":true}]}}