{"id":73103,"date":"2026-04-30T10:28:04","date_gmt":"2026-04-30T08:28:04","guid":{"rendered":"https:\/\/edublog.educastur.es\/ixuxu\/?p=73103"},"modified":"2026-04-30T13:50:19","modified_gmt":"2026-04-30T11:50:19","slug":"llista-de-los-discos-mas-vendios-en-2025","status":"publish","type":"post","link":"https:\/\/edublog.educastur.es\/ixuxu\/2026\/04\/llista-de-los-discos-mas-vendios-en-2025\/","title":{"rendered":"Llista de los discos m\u00e1s vend\u00edos en 2025"},"content":{"rendered":"<p><a href=\"https:\/\/musicasturiana.com\/musicasturiana-com-publica-la-llista-de-los-discos-mas-vendios-2025\/\">Musicasturiana.com<\/a> \/ Musicasturiana.com publica la llista de los discos m\u00e1s vend\u00edos en 2025. La llista contabiliza discos, vinilos y llibro-CDs vend\u00edos sumando les ventes de la web, de la oficina y de la xente asociao.<\/p>\n<p style=\"text-align: center\"><a href=\"https:\/\/musicasturiana.com\/wp-content\/uploads\/2026\/04\/recursu-discos.jpg\"><img loading=\"lazy\" decoding=\"async\" class=\"aligncenter size-large\" src=\"https:\/\/musicasturiana.com\/wp-content\/uploads\/2026\/04\/recursu-discos.jpg\" width=\"1200\" height=\"600\" \/><\/a><\/p>\n<ol class=\"wp-block-list\">\n<li><strong>BANDA GAITES LLAC\u00cdN\u00a0<\/strong>\u2013 Resollu<\/li>\n<li><strong>OCHOBRE\u00a0<\/strong>\u2013 La rabia nos dientes<\/li>\n<li><strong>HERBAMORA\u00a0<\/strong>\u2013 286 Llunes<\/li>\n<li><strong>GUIELDU\u00a0<\/strong>\u2013 Memories de Deva<\/li>\n<li><strong>TSACIANIEGAS\u00a0<\/strong>\u2013 Pa bail.are<\/li>\n<li><strong>RODRIGO CUEVAS<\/strong>\u00a0\u2013 Manual de Romer\u00eda<\/li>\n<li><strong>DIXEBRA\u00a0<\/strong>\u2013 Grieska<\/li>\n<li><strong>XENTIQUINA\u00a0<\/strong>\u2013 Canciones pa la Xentiquina<\/li>\n<li><strong>MUYERES\u00a0<\/strong>\u2013 Humanes<\/li>\n<li><strong>RODRIGO CUEVAS<\/strong>\u00a0\u2013 Manual de Cortejo<\/li>\n<\/ol>\n<p><!--more--><\/p>\n<p>Dende que\u2019l proyectu musicasturiana.com abri\u00f3 la tienda online a finales de\u00a0<strong>payares de 2017<\/strong>, vien publicando peri\u00f3dicamente delles llistes colos discos m\u00e1s vend\u00edos. La del 2025 y\u00e1 se conoz y contabiliza cuasi toles ventes de la\u00a0<strong>web<\/strong>; de la\u00a0<strong>oficina\u00a0<\/strong>asitiada nel barriu d\u2019El Natahoyo en Xix\u00f3n; del espaciu que tien na tienda de\u00a0<strong>Puru Remangu\u00a0<\/strong>d\u2019Uvi\u00e9u; y de les ventes de la\u00a0<strong>xente que s\u2019asoci\u00f3 a L\u2019Ensame\u00a0<\/strong>y que tienen incluy\u00edos dellos art\u00edculos de regalu cola so cuota.<\/p>\n<p>De toles ventes, los\u00a0<strong>discos m\u00e1s vend\u00edos<\/strong>\u00a0son los que vienen darr\u00e9u:<\/p>\n<div class=\"wp-block-woocommerce-single-product woocommerce\" data-block-name=\"woocommerce\/single-product\" data-product-id=\"40097\" data-wp-context=\"{&quot;productId&quot;:40097,&quot;variationId&quot;:null}\" data-wp-interactive=\"woocommerce\/single-product\">\n<div class=\"wp-block-columns is-layout-flex wp-container-core-columns-is-layout-28f84493 wp-block-columns-is-layout-flex\">\n<div class=\"wp-block-column is-layout-flow wp-block-column-is-layout-flow\">\n<div class=\"wp-block-woocommerce-product-meta\" data-block-name=\"woocommerce\/product-meta\"><\/div>\n<\/div>\n<\/div>\n<\/div>\n<p>&nbsp;<\/p>\n","protected":false},"excerpt":{"rendered":"<p>Musicasturiana.com \/ Musicasturiana.com publica la llista de los discos m\u00e1s vend\u00edos en 2025. La llista contabiliza discos, vinilos y llibro-CDs vend\u00edos sumando les ventes de la web, de la oficina y de la xente asociao. BANDA GAITES LLAC\u00cdN\u00a0\u2013 Resollu OCHOBRE\u00a0\u2013 La rabia nos dientes HERBAMORA\u00a0\u2013 286 Llunes GUIELDU\u00a0\u2013 Memories de Deva TSACIANIEGAS\u00a0\u2013 Pa bail.are RODRIGO [&hellip;]<\/p>\n","protected":false},"author":117,"featured_media":0,"comment_status":"closed","ping_status":"closed","sticky":false,"template":"","format":"standard","meta":{"footnotes":""},"categories":[35,125],"tags":[],"class_list":["post-73103","post","type-post","status-publish","format-standard","hentry","category-musica","category-musicasturiana-com"],"_links":{"self":[{"href":"https:\/\/edublog.educastur.es\/ixuxu\/wp-json\/wp\/v2\/posts\/73103","targetHints":{"allow":["GET"]}}],"collection":[{"href":"https:\/\/edublog.educastur.es\/ixuxu\/wp-json\/wp\/v2\/posts"}],"about":[{"href":"https:\/\/edublog.educastur.es\/ixuxu\/wp-json\/wp\/v2\/types\/post"}],"author":[{"embeddable":true,"href":"https:\/\/edublog.educastur.es\/ixuxu\/wp-json\/wp\/v2\/users\/117"}],"replies":[{"embeddable":true,"href":"https:\/\/edublog.educastur.es\/ixuxu\/wp-json\/wp\/v2\/comments?post=73103"}],"version-history":[{"count":3,"href":"https:\/\/edublog.educastur.es\/ixuxu\/wp-json\/wp\/v2\/posts\/73103\/revisions"}],"predecessor-version":[{"id":73120,"href":"https:\/\/edublog.educastur.es\/ixuxu\/wp-json\/wp\/v2\/posts\/73103\/revisions\/73120"}],"wp:attachment":[{"href":"https:\/\/edublog.educastur.es\/ixuxu\/wp-json\/wp\/v2\/media?parent=73103"}],"wp:term":[{"taxonomy":"category","embeddable":true,"href":"https:\/\/edublog.educastur.es\/ixuxu\/wp-json\/wp\/v2\/categories?post=73103"},{"taxonomy":"post_tag","embeddable":true,"href":"https:\/\/edublog.educastur.es\/ixuxu\/wp-json\/wp\/v2\/tags?post=73103"}],"curies":[{"name":"wp","href":"https:\/\/api.w.org\/{rel}","templated":true}]}}